{"id":18515,"date":"2022-05-09T13:50:06","date_gmt":"2022-05-09T10:50:06","guid":{"rendered":"http:\/\/akdenizolaygazetesi.com\/?p=18515"},"modified":"2022-05-09T13:50:06","modified_gmt":"2022-05-09T10:50:06","slug":"bir-gun-degil-her-gun-basimizin-tacisiniz","status":"publish","type":"post","link":"https:\/\/akdenizolaygazetesi.com\/?p=18515","title":{"rendered":"&#8220;Bir G\u00fcn De\u011fil, Her g\u00fcn Ba\u015f\u0131m\u0131z\u0131n Tac\u0131s\u0131n\u0131z&#8221;"},"content":{"rendered":"<p>Toroslar Belediye Ba\u015fkan\u0131 Ats\u0131z Af\u015f\u0131n Y\u0131lmaz, her y\u0131l May\u0131s ay\u0131n\u0131n ikinci Pazar g\u00fcn\u00fc kutlanan Anneler G\u00fcn\u00fc&#8217;nde yine anneleri sevindirdi.<\/p>\n<p>Toroslar Belediyesi Park ve Bah\u00e7eler M\u00fcd\u00fcrl\u00fc\u011f\u00fc seras\u0131nda yeti\u015ftirilen reng\u00e2renk kadife \u00e7i\u00e7ekler, il\u00e7enin d\u00f6rt bir yan\u0131nda annelere ula\u015ft\u0131r\u0131ld\u0131.<\/p>\n<p>Ba\u015fkan Y\u0131lmaz, e\u015fi Meltem Y\u0131lmaz ile birlikte Kuvayi Milliye Caddesi \u00fczerinde bulunan Toroslar K\u00fclt\u00fcr Sanat Kald\u0131r\u0131m\u0131&#8217;nda hem\u015fehrilerine \u00e7i\u00e7ek da\u011f\u0131tarak, Anneler G\u00fcn\u00fc&#8217;n\u00fc kutlad\u0131.<\/p>\n<p>\u00c7i\u00e7eklerini alan anneler ise bu \u00f6zel g\u00fcnde kendilerini unutmayan Ba\u015fkan Y\u0131lmaz&#8217;a te\u015fekk\u00fcr etti.<\/p>\n<p>&#8220;Bir G\u00fcn De\u011fil, Her g\u00fcn Ba\u015f\u0131m\u0131z\u0131n Tac\u0131s\u0131n\u0131z&#8221;<\/p>\n<p>\u00c7i\u00e7ek takdimi s\u0131ras\u0131nda 7&#8217;den 70&#8217;e herkesin yo\u011fun ilgisiyle kar\u015f\u0131la\u015fan Ba\u015fkan Y\u0131lmaz, \u00f6zellikle \u00e7ocuklar ve gen\u00e7lerle sohbet ederek;  &#8220;Ba\u015f\u0131m\u0131z\u0131n tac\u0131 olan annelerimizin bir g\u00fcn de\u011fil her g\u00fcn k\u0131ymetini bilelim ve onlar\u0131n varl\u0131\u011f\u0131ndan mutlu oldu\u011fumuzu hissettirelim&#8221; dedi.<\/p>\n<p>&#8220;Cennet analar\u0131n ayaklar\u0131 alt\u0131ndad\u0131r&#8221; hadisine at\u0131fta bulunan Ba\u015fkan Y\u0131lmaz; &#8220;Toroslar Belediyesi olarak her y\u0131l seram\u0131zda \u00f6zenle yeti\u015ftirdi\u011fimiz kadife \u00e7i\u00e7eklerimizi bu y\u0131l da annelerimize ula\u015ft\u0131rarak, minnettarl\u0131\u011f\u0131m\u0131z\u0131 ifade ettik. Ulu \u00d6nderimiz Mustafa Kemal Atat\u00fcrk&#8217;\u00fcn ifade etti\u011fi gibi; &#8220;D\u00fcnya \u00fczerinde g\u00f6rd\u00fc\u011f\u00fcm\u00fcz her \u015fey kad\u0131n\u0131n eseridir.&#8221; Ba\u015far\u0131l\u0131, \u00e7al\u0131\u015fkan, sayg\u0131l\u0131, milli ve manevi de\u011ferlerine ba\u011fl\u0131 neslin en b\u00fcy\u00fck pay\u0131 ise annelerimizindir. Annelerimizin gurur duyacaklar\u0131 evlatlar olmak onlara verebilece\u011fimiz en de\u011ferli hediyedir. Bizlere varl\u0131klar\u0131yla g\u00fc\u00e7 veren t\u00fcm annelerin Anneler G\u00fcn\u00fc&#8217;n\u00fc kutluyor, sa\u011fl\u0131kl\u0131 ve uzun \u00f6m\u00fcrler diliyorum&#8221; diye konu\u015ftu.<\/p>\n","protected":false},"excerpt":{"rendered":"<p>Toroslar Belediye Ba\u015fkan\u0131 Ats\u0131z Af\u015f\u0131n Y\u0131lmaz, her y\u0131l May\u0131s ay\u0131n\u0131n ikinci Pazar g\u00fcn\u00fc kutlanan Anneler G\u00fcn\u00fc&#8217;nde yine anneleri sevindirdi. Toroslar Belediyesi Park ve Bah\u00e7eler M\u00fcd\u00fcrl\u00fc\u011f\u00fc seras\u0131nda yeti\u015ftirilen reng\u00e2renk kadife \u00e7i\u00e7ekler, &hellip; <a href=\"https:\/\/akdenizolaygazetesi.com\/?p=18515\" class=\"more-link\">Devam\u0131n\u0131 Oku&#8230;<\/a><\/p>\n","protected":false},"author":2,"featured_media":18516,"comment_status":"open","ping_status":"open","sticky":false,"template":"","format":"standard","meta":[],"categories":[1,3],"tags":[],"_links":{"self":[{"href":"https:\/\/akdenizolaygazetesi.com\/index.php?rest_route=\/wp\/v2\/posts\/18515"}],"collection":[{"href":"https:\/\/akdenizolaygazetesi.com\/index.php?rest_route=\/wp\/v2\/posts"}],"about":[{"href":"https:\/\/akdenizolaygazetesi.com\/index.php?rest_route=\/wp\/v2\/types\/post"}],"author":[{"embeddable":true,"href":"https:\/\/akdenizolaygazetesi.com\/index.php?rest_route=\/wp\/v2\/users\/2"}],"replies":[{"embeddable":true,"href":"https:\/\/akdenizolaygazetesi.com\/index.php?rest_route=%2Fwp%2Fv2%2Fcomments&post=18515"}],"version-history":[{"count":1,"href":"https:\/\/akdenizolaygazetesi.com\/index.php?rest_route=\/wp\/v2\/posts\/18515\/revisions"}],"predecessor-version":[{"id":18517,"href":"https:\/\/akdenizolaygazetesi.com\/index.php?rest_route=\/wp\/v2\/posts\/18515\/revisions\/18517"}],"wp:featuredmedia":[{"embeddable":true,"href":"https:\/\/akdenizolaygazetesi.com\/index.php?rest_route=\/wp\/v2\/media\/18516"}],"wp:attachment":[{"href":"https:\/\/akdenizolaygazetesi.com\/index.php?rest_route=%2Fwp%2Fv2%2Fmedia&parent=18515"}],"wp:term":[{"taxonomy":"category","embeddable":true,"href":"https:\/\/akdenizolaygazetesi.com\/index.php?rest_route=%2Fwp%2Fv2%2Fcategories&post=18515"},{"taxonomy":"post_tag","embeddable":true,"href":"https:\/\/akdenizolaygazetesi.com\/index.php?rest_route=%2Fwp%2Fv2%2Ftags&post=18515"}],"curies":[{"name":"wp","href":"https:\/\/api.w.org\/{rel}","templated":true}]}}