{"id":18518,"date":"2022-05-09T13:51:54","date_gmt":"2022-05-09T10:51:54","guid":{"rendered":"http:\/\/akdenizolaygazetesi.com\/?p=18518"},"modified":"2022-05-09T13:51:54","modified_gmt":"2022-05-09T10:51:54","slug":"baskan-abdullah-ozyigitten-colyak-hastalarina-mujde","status":"publish","type":"post","link":"https:\/\/akdenizolaygazetesi.com\/?p=18518","title":{"rendered":"Ba\u015fkan Abdullah \u00d6zyi\u011fit\u2019ten \u00e7\u00f6lyak hastalar\u0131na m\u00fcjde"},"content":{"rendered":"<p>Mersin Yeni\u015fehir Belediyesi \u00f6zel beslenme ihtiyac\u0131 duyan \u00e7\u00f6lyak hastalar\u0131 i\u00e7in harekete ge\u00e7ti. Yeni\u015fehir Belediyesi ve Mersin \u00c7\u00f6lyak Gl\u00fctensiz Beslenme Derne\u011fi ortak etkinli\u011finde konu\u015fan Belediye Ba\u015fkan\u0131 Abdullah \u00d6zyi\u011fit, \u201c\u00c7\u00f6lyak hastalar\u0131m\u0131z\u0131n gl\u00fctensiz \u00fcr\u00fcnlere eri\u015fiminlerinde ya\u015fad\u0131klar\u0131 s\u0131k\u0131nt\u0131lar\u0131 biliyorum. \u00c7ok k\u0131sa bir s\u00fcre i\u00e7erisinde Yeni\u015fehir Belediyesi olarak gl\u00fctensiz \u00fcr\u00fcnlerin imalat\u0131n\u0131 yapacak, hem\u015fehrilerimize bu konuda e\u011fitim verecek ve Palmiye Mahallemizdeki Pirireis Park\u0131m\u0131zda a\u00e7aca\u011f\u0131m\u0131z kafede gl\u00fctensiz \u00fcr\u00fcnleri \u00e7\u00f6lyak hastalar\u0131m\u0131zla bulu\u015fturaca\u011f\u0131z.\u201d dedi.<br \/>\nYeni\u015fehir Belediyesi ve Mersin \u00c7\u00f6lyak Gl\u00fctensiz Beslenme Derne\u011fi, 9 May\u0131s D\u00fcnya \u00c7\u00f6lyak G\u00fcn\u00fc nedeniyle d\u00fczenledi\u011fi etkinlikte hem fark\u0131ndal\u0131k yaratt\u0131 hem de da\u011f\u0131t\u0131lan gl\u00fctensiz \u00fcr\u00fcnlerle \u00e7\u00f6lyak hastas\u0131 \u00e7ocuklar\u0131 mutlu etti. Ba\u015fta \u00e7ocuklar olmak \u00fczere t\u00fcm \u00e7\u00f6lyak hastalar\u0131na gl\u00fctensiz dondurma, cips ve ekler ikram edildi. Etkinlikte bulu\u015fan \u00e7\u00f6lyak hastalar\u0131 canl\u0131 m\u00fczik e\u015fli\u011finde keyifli vakit ge\u00e7irdi. Yeni\u015fehir Belediye Ba\u015fkan\u0131 Abdullah \u00d6zyi\u011fit de Pirireis Park\u0131\u2019nda d\u00fczenlenen etkinlikte vatanda\u015flarla bir araya geldi.<br \/>\nBa\u015fkan \u00d6zyi\u011fit, \u201c\u0130malat\u0131n\u0131 yapt\u0131\u011f\u0131m\u0131z \u00fcr\u00fcnleri burada halk\u0131m\u0131zla bulu\u015fturaca\u011f\u0131z.\u201d<br \/>\nEtkinlikte konu\u015fan ve \u00e7\u00f6lyak hastalar\u0131na m\u00fcjde veren Ba\u015fkan Abdullah \u00d6zyi\u011fit, \u201c\u00c7\u00f6lyak hastalar\u0131m\u0131z\u0131n sorunlar\u0131n\u0131 zaten biliyorduk. Biz g\u00f6reve gelir gelmez \u00e7\u00f6lyak hastalar\u0131m\u0131z\u0131n gl\u00fctensiz g\u0131dalara ula\u015f\u0131m\u0131n\u0131 nas\u0131l \u00e7\u00f6zeriz derdine d\u00fc\u015fm\u00fc\u015ft\u00fck. \u00d6nce \u2018k\u00f6yden mahalleye d\u00f6n\u00fc\u015fen b\u00f6lgelerimizde f\u0131r\u0131nlar\u0131 yapabilir miyiz?\u2019 diye d\u00fc\u015f\u00fcnd\u00fck. Ama ula\u015f\u0131labilirlik a\u00e7\u0131s\u0131ndan bunu iptal ettik. \u015eimdi Yeni\u015fehir Belediyesi Akademi\u2019nin kar\u015f\u0131s\u0131ndaki bir arsam\u0131zda gl\u00fctensiz \u00fcr\u00fcnler i\u00e7in f\u0131r\u0131n yapaca\u011f\u0131z ve bu imalathane ayn\u0131 zamanda at\u00f6lye i\u00e7erecek, sizler orada gl\u00fctensiz \u00fcr\u00fcnleri nas\u0131l \u00fcretebilece\u011finizi de \u00f6\u011freneceksiniz. Ve ayr\u0131ca uygulama \u015fans\u0131n\u0131z da olacak ve \u015fuan bulundu\u011fumuz Pirireis Park\u0131m\u0131zda bir kafeterya yap\u0131yoruz. Kafeteryan\u0131n ihalesi yap\u0131ld\u0131 iki ay i\u00e7erisinde tamamlayaca\u011f\u0131z. G\u00fczel bir konsepti olan bir mek\u00e2n olacak. Pirireis Park\u0131m\u0131z gl\u00fctensiz beslenmek zorunda kalan vatanda\u015flar\u0131m\u0131z\u0131n bir araya gelme alan\u0131 olacak. \u0130malat\u0131n\u0131 yapt\u0131\u011f\u0131m\u0131z \u00fcr\u00fcnleri burada halk\u0131m\u0131zla bulu\u015fturaca\u011f\u0131z. Pirireis Park\u0131m\u0131z, Mersin\u2019imizin merkezinde dolay\u0131s\u0131yla \u00fcr\u00fcnlere ula\u015f\u0131m\u0131n\u0131z kolay olacak. Yeni\u015fehir\u2019de, Mersin\u2019de birlikte ya\u015f\u0131yoruz, bir ki\u015finin sorunu asl\u0131nda t\u00fcm toplumun sorunudur. Bu s\u00fcre\u00e7te emek veren t\u00fcm dostlar\u0131m\u0131za te\u015fekk\u00fcr ediyorum.\u201d \u0130fadelerini kulland\u0131.<br \/>\nMersin \u00c7\u00f6lyak Gl\u00fctensiz Beslenme Derne\u011fi Ba\u015fkan\u0131 \u00d6mer Arslan ise \u00e7\u00f6lyak hastalar\u0131 ad\u0131na Yeni\u015fehir Belediye Ba\u015fkan\u0131 Abdullah \u00d6zyi\u011fit\u2019e desteklerinden dolay\u0131 te\u015fekk\u00fcr etti. <\/p>\n","protected":false},"excerpt":{"rendered":"<p>Mersin Yeni\u015fehir Belediyesi \u00f6zel beslenme ihtiyac\u0131 duyan \u00e7\u00f6lyak hastalar\u0131 i\u00e7in harekete ge\u00e7ti. Yeni\u015fehir Belediyesi ve Mersin \u00c7\u00f6lyak Gl\u00fctensiz Beslenme Derne\u011fi ortak etkinli\u011finde konu\u015fan Belediye Ba\u015fkan\u0131 Abdullah \u00d6zyi\u011fit, \u201c\u00c7\u00f6lyak hastalar\u0131m\u0131z\u0131n gl\u00fctensiz &hellip; <a href=\"https:\/\/akdenizolaygazetesi.com\/?p=18518\" class=\"more-link\">Devam\u0131n\u0131 Oku&#8230;<\/a><\/p>\n","protected":false},"author":2,"featured_media":18519,"comment_status":"open","ping_status":"open","sticky":false,"template":"","format":"standard","meta":[],"categories":[1,2,3,9],"tags":[],"_links":{"self":[{"href":"https:\/\/akdenizolaygazetesi.com\/index.php?rest_route=\/wp\/v2\/posts\/18518"}],"collection":[{"href":"https:\/\/akdenizolaygazetesi.com\/index.php?rest_route=\/wp\/v2\/posts"}],"about":[{"href":"https:\/\/akdenizolaygazetesi.com\/index.php?rest_route=\/wp\/v2\/types\/post"}],"author":[{"embeddable":true,"href":"https:\/\/akdenizolaygazetesi.com\/index.php?rest_route=\/wp\/v2\/users\/2"}],"replies":[{"embeddable":true,"href":"https:\/\/akdenizolaygazetesi.com\/index.php?rest_route=%2Fwp%2Fv2%2Fcomments&post=18518"}],"version-history":[{"count":1,"href":"https:\/\/akdenizolaygazetesi.com\/index.php?rest_route=\/wp\/v2\/posts\/18518\/revisions"}],"predecessor-version":[{"id":18520,"href":"https:\/\/akdenizolaygazetesi.com\/index.php?rest_route=\/wp\/v2\/posts\/18518\/revisions\/18520"}],"wp:featuredmedia":[{"embeddable":true,"href":"https:\/\/akdenizolaygazetesi.com\/index.php?rest_route=\/wp\/v2\/media\/18519"}],"wp:attachment":[{"href":"https:\/\/akdenizolaygazetesi.com\/index.php?rest_route=%2Fwp%2Fv2%2Fmedia&parent=18518"}],"wp:term":[{"taxonomy":"category","embeddable":true,"href":"https:\/\/akdenizolaygazetesi.com\/index.php?rest_route=%2Fwp%2Fv2%2Fcategories&post=18518"},{"taxonomy":"post_tag","embeddable":true,"href":"https:\/\/akdenizolaygazetesi.com\/index.php?rest_route=%2Fwp%2Fv2%2Ftags&post=18518"}],"curies":[{"name":"wp","href":"https:\/\/api.w.org\/{rel}","templated":true}]}}