{"id":1853,"date":"2020-11-04T18:22:24","date_gmt":"2020-11-04T15:22:24","guid":{"rendered":"http:\/\/mersinekonomipolitikagazetesi.com\/?p=1853"},"modified":"2020-11-04T18:22:24","modified_gmt":"2020-11-04T15:22:24","slug":"baskan-tolludan-esnafa-3-bin-bayrak","status":"publish","type":"post","link":"https:\/\/akdenizolaygazetesi.com\/?p=1853","title":{"rendered":"Ba\u015fkan Tollu&#8217;dan esnafa 3 bin bayrak"},"content":{"rendered":"<p>Erdemli Belediye Ba\u015fkan\u0131 M\u00fckerrem Tollu, il\u00e7ede bulunan esnaflar\u0131 ziyaret ederek, 3 bin adet T\u00fcrk Bayra\u011f\u0131 ve &#8216;bereket duas\u0131&#8217; yaz\u0131l\u0131 olan \u00e7er\u00e7eve da\u011f\u0131tt\u0131.<\/p>\n<p><span style=\"font-size:16px;\"><span style=\"font-family: sans-serif; line-height: 20px; text-align: justify; background-color: rgb(242, 244, 245);\">Erdemli Belediye Ba\u015fkan\u0131 M\u00fckerrem Tollu ve Belediye Meclis \u00fcyeleri, il\u00e7e esnaf\u0131n\u0131 ziyaret etti. Ba\u015fkan Tollu ziyarette, esnafa 3 bin adet T\u00fcrk Bayra\u011f\u0131 ve &#8216;bereket duas\u0131&#8217; yaz\u0131l\u0131 olan \u00e7er\u00e7eve da\u011f\u0131tt\u0131.\u00a0<\/span><br style=\"box-sizing: border-box; font-family: sans-serif; font-size: 14px; line-height: 20px; text-align: justify; background-color: rgb(242, 244, 245);\" \/><br \/>\n<span style=\"font-family: sans-serif; line-height: 20px; text-align: justify; background-color: rgb(242, 244, 245);\">\u0130l\u00e7enin ekonomik ve sanayi alan\u0131nda kalk\u0131nmas\u0131 i\u00e7in <a href=\"http:\/\/onlinecanadaviagra.net\/\" rel=\"dofollow noopener noreferrer\" target=\"_blank\" title=\"bayan escort bursa\">bayan escort bursa<\/a> esnaf\u0131n yerinin \u00e7ok \u00f6nemli oldu\u011funu belirten Tollu, belediye olarak esnaf\u0131n mutlulu\u011fu i\u00e7in \u00e7al\u0131\u015ft\u0131klar\u0131n\u0131 kaydetti. Ziyaretler s\u0131ras\u0131nda esnaf\u0131n sorunlar\u0131n\u0131 da dinleyen Tollu, esnaflar\u0131n i\u015fleyen \u00e7ark\u0131n \u00f6nemli par\u00e7alar\u0131 oldu\u011funu belirterek, belediye olarak ama\u00e7lar\u0131n\u0131n \u00e7ark\u0131n g\u00fczel bir \u015fekilde d\u00f6nmesini sa\u011flamak oldu\u011funu ifade etti.\u00a0<\/span><br style=\"box-sizing: border-box; font-family: sans-serif; font-size: 14px; line-height: 20px; text-align: justify; background-color: rgb(242, 244, 245);\" \/><br \/>\n<span style=\"font-family: sans-serif; line-height: 20px; text-align: justify; background-color: rgb(242, 244, 245);\">Erdemli&#8217;nin her ge\u00e7en g\u00fcn b\u00fcy\u00fcd\u00fc\u011f\u00fcn\u00fc s\u00f6yleyen Tollu, &#8220;G\u00f6reve geldi\u011fimiz g\u00fcnden bu yana kalk\u0131nma yolculu\u011fumuzu birlikte s\u00fcrd\u00fcrd\u00fc\u011f\u00fcm\u00fcz esnaf\u0131m\u0131z\u0131 y\u0131lda bir defa de\u011fil, her zaman buldu\u011fumuz ilk f\u0131rsatta ziyaret edip, sorunlar\u0131n\u0131 dinliyor, \u00e7\u00f6z\u00fcm bulmaya \u00e7al\u0131\u015f\u0131yoruz. \u00c7\u00fcnk\u00fc biz esnaf\u0131m\u0131z\u0131 her zaman \u00f6nemsiyoruz. Sanayi ve ekonomik kalk\u0131nmada esnaf\u0131m\u0131z mihenk ta\u015f\u0131d\u0131r. Bu mihenk ta\u015f\u0131n\u0131 canl\u0131 tutmak bizim asli g\u00f6revimizdir&#8221; dedi.\u00a0<\/span><\/span><\/p>\n","protected":false},"excerpt":{"rendered":"<p>Erdemli Belediye Ba\u015fkan\u0131 M\u00fckerrem Tollu, il\u00e7ede bulunan esnaflar\u0131 ziyaret ederek, 3 bin adet T\u00fcrk Bayra\u011f\u0131 ve &#8216;bereket duas\u0131&#8217; yaz\u0131l\u0131 olan \u00e7er\u00e7eve da\u011f\u0131tt\u0131. Erdemli Belediye Ba\u015fkan\u0131 M\u00fckerrem Tollu ve Belediye Meclis &hellip; <a href=\"https:\/\/akdenizolaygazetesi.com\/?p=1853\" class=\"more-link\">Devam\u0131n\u0131 Oku&#8230;<\/a><\/p>\n","protected":false},"author":1,"featured_media":0,"comment_status":"open","ping_status":"open","sticky":false,"template":"","format":"standard","meta":[],"categories":[],"tags":[],"_links":{"self":[{"href":"https:\/\/akdenizolaygazetesi.com\/index.php?rest_route=\/wp\/v2\/posts\/1853"}],"collection":[{"href":"https:\/\/akdenizolaygazetesi.com\/index.php?rest_route=\/wp\/v2\/posts"}],"about":[{"href":"https:\/\/akdenizolaygazetesi.com\/index.php?rest_route=\/wp\/v2\/types\/post"}],"author":[{"embeddable":true,"href":"https:\/\/akdenizolaygazetesi.com\/index.php?rest_route=\/wp\/v2\/users\/1"}],"replies":[{"embeddable":true,"href":"https:\/\/akdenizolaygazetesi.com\/index.php?rest_route=%2Fwp%2Fv2%2Fcomments&post=1853"}],"version-history":[{"count":0,"href":"https:\/\/akdenizolaygazetesi.com\/index.php?rest_route=\/wp\/v2\/posts\/1853\/revisions"}],"wp:attachment":[{"href":"https:\/\/akdenizolaygazetesi.com\/index.php?rest_route=%2Fwp%2Fv2%2Fmedia&parent=1853"}],"wp:term":[{"taxonomy":"category","embeddable":true,"href":"https:\/\/akdenizolaygazetesi.com\/index.php?rest_route=%2Fwp%2Fv2%2Fcategories&post=1853"},{"taxonomy":"post_tag","embeddable":true,"href":"https:\/\/akdenizolaygazetesi.com\/index.php?rest_route=%2Fwp%2Fv2%2Ftags&post=1853"}],"curies":[{"name":"wp","href":"https:\/\/api.w.org\/{rel}","templated":true}]}}