{"id":1854,"date":"2020-11-04T18:22:24","date_gmt":"2020-11-04T15:22:24","guid":{"rendered":"http:\/\/mersinekonomipolitikagazetesi.com\/?p=1854"},"modified":"2020-11-04T18:22:24","modified_gmt":"2020-11-04T15:22:24","slug":"mersinde-cocuk-senligi-duzenlendi","status":"publish","type":"post","link":"https:\/\/akdenizolaygazetesi.com\/?p=1854","title":{"rendered":"Mersin&#8217;de \u00e7ocuk \u015fenli\u011fi d\u00fczenlendi"},"content":{"rendered":"<p>Aile ve Sosyal Politikalar \u0130l M\u00fcd\u00fcrl\u00fc\u011f\u00fc b\u00fcnyesinde faaliyet g\u00f6steren Mersi \u00c7ocuk Haklar\u0131 \u00c7ocuk Komitesi \u00fcyeleri, toplumda kamuoyu duyarl\u0131l\u0131\u011f\u0131 olu\u015fturmak amac\u0131yla stant a\u00e7arak \u00e7ocuk \u015fenli\u011fi d\u00fczenledi.<\/p>\n<p><span style=\"font-size:16px;\"><span style=\"font-family: sans-serif; line-height: 20px; text-align: justify; background-color: rgb(242, 244, 245);\">Forum Mersin Al\u0131\u015f Veri\u015f Merkezi \u00f6n\u00fcndeki \u015fenlikte \u00e7ocuklar, Kafkas, Silifke ve de\u011fi\u015fik y\u00f6relerden bir birinden g\u00fczel oyunlar sergiledi.\u00a0<\/span><br style=\"box-sizing: border-box; font-family: sans-serif; font-size: 14px; line-height: 20px; text-align: justify; background-color: rgb(242, 244, 245);\" \/><br \/>\n<span style=\"font-family: sans-serif; line-height: 20px; text-align: justify; background-color: rgb(242, 244, 245);\">\u0130l \u00c7ocuk Haklar\u0131 Koordinat\u00f6r\u00fc Mustafa Sar\u0131, 23 Nisan Haftas\u0131 kapsam\u0131nda d\u00fczenledikleri etkinlikle, kamuoyu duyarl\u0131l\u0131\u011f\u0131 olu\u015fturmay\u0131 ama\u00e7lad\u0131klar\u0131n\u0131 s\u00f6yledi. \u00c7ocuklar\u0131n sokakta olumsuz ko\u015fullarda de\u011fil, sosyal ve k\u00fclt\u00fcrel faaliyetlerde ve e\u011fitimde olmas\u0131 gerekti\u011fini kaydeden Sar\u0131, &#8220;Hedefimiz Mersin&#8217;de risk alt\u0131nda \u00e7ocuk b\u0131rakmamakt\u0131r. Devletimizin g\u00fclen y\u00fcz\u00fc ve kucaklay\u0131c\u0131 eliyle \u00e7ocuklar\u0131m\u0131z\u0131 korumak g\u00f6revimizdir. Milli ve manevi duygular\u0131n\u0131, milli k\u00fclt\u00fcrlerini ya\u015fabilecekleri bu t\u00fcr etkinlikleri de\u011fi\u015fik yerlerde yapmaya devam edece\u011fiz&#8221; dedi.\u00a0<\/span><br style=\"box-sizing: border-box; font-family: sans-serif; font-size: 14px; line-height: 20px; text-align: justify; background-color: rgb(242, 244, 245);\" \/><br \/>\n<span style=\"font-family: sans-serif; line-height: 20px; text-align: justify; background-color: rgb(242, 244, 245);\">Mersin&#8217;in, \u00e7ocuk haklar\u0131 ve \u00e7ocuk i\u015f\u00e7ili\u011fi ile m\u00fccadele alan\u0131nda en ba\u015far\u0131l\u0131 illerden biri oldu\u011funu ifade eden Sar\u0131, &#8220;Bu ba\u015far\u0131da herkesin pay\u0131 var. Vatanda\u015flar\u0131m\u0131z sokaktaki \u00e7ocuktan al\u0131\u015f veri\u015f yapmamalar\u0131 konusunda bilin\u00e7lendirilmektedir. \u00c7\u00fcnk\u00fc \u00e7ocuktan yap\u0131lan al\u0131\u015fveri\u015f \u00e7ocuk su\u00e7lulu\u011funa davettir&#8221; diye konu\u015ftu.\u00a0<\/span><\/span><\/p>\n","protected":false},"excerpt":{"rendered":"<p>Aile ve Sosyal Politikalar \u0130l M\u00fcd\u00fcrl\u00fc\u011f\u00fc b\u00fcnyesinde faaliyet g\u00f6steren Mersi \u00c7ocuk Haklar\u0131 \u00c7ocuk Komitesi \u00fcyeleri, toplumda kamuoyu duyarl\u0131l\u0131\u011f\u0131 olu\u015fturmak amac\u0131yla stant a\u00e7arak \u00e7ocuk \u015fenli\u011fi d\u00fczenledi. Forum Mersin Al\u0131\u015f Veri\u015f Merkezi &hellip; <a href=\"https:\/\/akdenizolaygazetesi.com\/?p=1854\" class=\"more-link\">Devam\u0131n\u0131 Oku&#8230;<\/a><\/p>\n","protected":false},"author":1,"featured_media":0,"comment_status":"open","ping_status":"open","sticky":false,"template":"","format":"standard","meta":[],"categories":[],"tags":[],"_links":{"self":[{"href":"https:\/\/akdenizolaygazetesi.com\/index.php?rest_route=\/wp\/v2\/posts\/1854"}],"collection":[{"href":"https:\/\/akdenizolaygazetesi.com\/index.php?rest_route=\/wp\/v2\/posts"}],"about":[{"href":"https:\/\/akdenizolaygazetesi.com\/index.php?rest_route=\/wp\/v2\/types\/post"}],"author":[{"embeddable":true,"href":"https:\/\/akdenizolaygazetesi.com\/index.php?rest_route=\/wp\/v2\/users\/1"}],"replies":[{"embeddable":true,"href":"https:\/\/akdenizolaygazetesi.com\/index.php?rest_route=%2Fwp%2Fv2%2Fcomments&post=1854"}],"version-history":[{"count":0,"href":"https:\/\/akdenizolaygazetesi.com\/index.php?rest_route=\/wp\/v2\/posts\/1854\/revisions"}],"wp:attachment":[{"href":"https:\/\/akdenizolaygazetesi.com\/index.php?rest_route=%2Fwp%2Fv2%2Fmedia&parent=1854"}],"wp:term":[{"taxonomy":"category","embeddable":true,"href":"https:\/\/akdenizolaygazetesi.com\/index.php?rest_route=%2Fwp%2Fv2%2Fcategories&post=1854"},{"taxonomy":"post_tag","embeddable":true,"href":"https:\/\/akdenizolaygazetesi.com\/index.php?rest_route=%2Fwp%2Fv2%2Ftags&post=1854"}],"curies":[{"name":"wp","href":"https:\/\/api.w.org\/{rel}","templated":true}]}}