{"id":18546,"date":"2022-05-10T13:14:07","date_gmt":"2022-05-10T10:14:07","guid":{"rendered":"http:\/\/akdenizolaygazetesi.com\/?p=18546"},"modified":"2022-05-10T13:14:07","modified_gmt":"2022-05-10T10:14:07","slug":"mersin-buyuksehir-ve-tadekanin-koy-senlikleri-renkli-goruntulere-sahne-oluyor","status":"publish","type":"post","link":"https:\/\/akdenizolaygazetesi.com\/?p=18546","title":{"rendered":"MERS\u0130N B\u00dcY\u00dcK\u015eEH\u0130R VE TADEKA&#8217;NIN K\u00d6Y \u015eENL\u0130KLER\u0130 RENKL\u0130 G\u00d6R\u00dcNT\u00dcLERE SAHNE OLUYOR"},"content":{"rendered":"<p>Mersin B\u00fcy\u00fck\u015fehir Belediyesi K\u00fclt\u00fcr ve Sosyal \u0130\u015fler Dairesi b\u00fcnyesindeki Tarsus&#8217;a De\u011fer Katanlar Kurulu&#8217;nun (TADEKA) &#8220;Her K\u00f6y Bizim K\u00f6y\u00fcm\u00fczd\u00fcr&#8221; slogan\u0131yla ba\u015flatt\u0131\u011f\u0131 \u015fenlikler t\u00fcm h\u0131z\u0131yla s\u00fcr\u00fcyor. Ramazan Bayram\u0131&#8217;nda Tarsus&#8217;a ba\u011fl\u0131 Ta\u015fkuyu, Ye\u015filtepe ve Sa\u011fl\u0131kl\u0131 Mahallelerinde ger\u00e7ekle\u015ftirilen \u015fenlikler, ovada yer alan \u00c7i\u00e7ekli Mahallesi ile k\u0131rsalda yer alan Hac\u0131hamzal\u0131 Mahallesi&#8217;nde devam etti.  <\/p>\n<p>\u00c7ocuklar doyas\u0131ya e\u011flendi<\/p>\n<p>B\u00fcy\u00fck\u015fehir Belediyesi Meclis \u00dcyesi ve \u0130mar \u0130n\u015faat A.\u015e. Genel M\u00fcd\u00fcr\u00fc Ali Uyan, B\u00fcy\u00fck\u015fehir Belediyesi Muhtarl\u0131k \u0130\u015fleri Dairesi Ba\u015fkan\u0131 Zeki Aksoy, Tarsus Belediyesi Meclis \u00fcyesi Ali Erhan Okyay, CHP Tarsus \u0130l\u00e7e Ba\u015fkan\u0131 Av. Ozan Varal, sivil toplum kurulu\u015fu temsilcileri, muhtarlar ve vatanda\u015flar\u0131n kat\u0131ld\u0131\u011f\u0131 etkinlikler, \u00c7i\u00e7ekli ve Hac\u0131hamzal\u0131 Mahalleleri&#8217;nde bulunan okul bah\u00e7elerinde ger\u00e7ekle\u015ftirildi. Dolu dolu ge\u00e7en etkinliklerde \u00e7ocuklara y\u00f6nelik drama at\u00f6lyesi, y\u00fcz boyama, \u00e7uval yar\u0131\u015f\u0131, ka\u015f\u0131kla yumurta ta\u015f\u0131ma, di\u011fer geleneksel oyunlar, cere-\u00e7\u00f6mlek \u00e7al\u0131\u015fmas\u0131, resim ve Karag\u00f6z hayal oyunu sunumu yap\u0131l\u0131rken, anne ve babalar da etkinliklere kat\u0131ld\u0131. Etkinliklerde ikraml\u0131klar\u0131n yan\u0131nda \u00e7e\u015fitli hediyeler de da\u011f\u0131t\u0131ld\u0131.<\/p>\n<p>K\u00f6y \u015fenliklerinde sahne alan m\u00fczisyenler ise seslendirdikleri birbirinden g\u00fczel eserlerle vatanda\u015flara keyifli dakikalar ya\u015fatt\u0131. \u00c7ocuk kahkahalar\u0131n\u0131n y\u00fckseldi\u011fi \u015fenliklerin Hac\u0131hamzal\u0131 b\u00f6l\u00fcm\u00fcnde ise k\u00f6y gen\u00e7leri, y\u00f6rede art\u0131k geleneksel hale gelen &#8216;\u00e7illibom&#8217; dans\u0131n\u0131 oynad\u0131.<\/p>\n<p>&#8220;\u00c7ok mutlu oldum&#8221;<\/p>\n<p>\u00c7i\u00e7ekli Mahallesi&#8217;nden etkinliklere kat\u0131lan 10 ya\u015f\u0131ndaki \u00c7\u0131nar Ko\u00e7ak, &#8220;Bir s\u00fcr\u00fc etkinlikler oldu. Y\u00fcz boyamas\u0131 yapt\u0131lar, \u00e7anak yapt\u0131k, el boyamas\u0131 yapt\u0131k. \u00c7ok mutluyum&#8221; dedi.<\/p>\n<p>Lavin Sar\u0131g\u00fcl, ilk defa b\u00f6yle bir etkinlik d\u00fczenledi\u011fini belirterek, &#8220;\u0130lk defa b\u00f6yle bir \u015fenlik oldu\u011funu g\u00f6rd\u00fcm ve \u00e7ok mutlu oldum. Vahap Ba\u015fkan\u0131m\u0131za \u00e7ok te\u015fekk\u00fcr ediyorum. \u00c7\u00f6mlek vard\u0131, el boyama, y\u00fcz boyama vard\u0131, \u015fark\u0131larla oyunlar oynad\u0131k&#8221; diye konu\u015ftu.<\/p>\n<p>Hac\u0131hamzal\u0131 Mahallesi&#8217;nden Umut Ada\u015f, &#8220;Bu etkinlikte \u00e7\u00f6mlek var, y\u00fcz boyama var, resim yapt\u0131k. Biz burada \u00e7ok e\u011flendik&#8221; ifadelerini kullan\u0131rken, 14 ya\u015f\u0131ndaki Hayr\u00fcnnisa Y\u0131ld\u0131zhan da &#8220;Hava da bug\u00fcn baya\u011f\u0131 g\u00fczeldi. Bu etkinlik s\u00f6zle de\u011fil, ya\u015fanmas\u0131 gereken bir etkinlik. Yani ya\u015fad\u0131\u011f\u0131m\u0131z i\u00e7in de \u00e7ok mutluyuz&#8221; dedi.<\/p>\n","protected":false},"excerpt":{"rendered":"<p>Mersin B\u00fcy\u00fck\u015fehir Belediyesi K\u00fclt\u00fcr ve Sosyal \u0130\u015fler Dairesi b\u00fcnyesindeki Tarsus&#8217;a De\u011fer Katanlar Kurulu&#8217;nun (TADEKA) &#8220;Her K\u00f6y Bizim K\u00f6y\u00fcm\u00fczd\u00fcr&#8221; slogan\u0131yla ba\u015flatt\u0131\u011f\u0131 \u015fenlikler t\u00fcm h\u0131z\u0131yla s\u00fcr\u00fcyor. Ramazan Bayram\u0131&#8217;nda Tarsus&#8217;a ba\u011fl\u0131 Ta\u015fkuyu, Ye\u015filtepe &hellip; <a href=\"https:\/\/akdenizolaygazetesi.com\/?p=18546\" class=\"more-link\">Devam\u0131n\u0131 Oku&#8230;<\/a><\/p>\n","protected":false},"author":2,"featured_media":18547,"comment_status":"open","ping_status":"open","sticky":false,"template":"","format":"standard","meta":[],"categories":[3],"tags":[],"_links":{"self":[{"href":"https:\/\/akdenizolaygazetesi.com\/index.php?rest_route=\/wp\/v2\/posts\/18546"}],"collection":[{"href":"https:\/\/akdenizolaygazetesi.com\/index.php?rest_route=\/wp\/v2\/posts"}],"about":[{"href":"https:\/\/akdenizolaygazetesi.com\/index.php?rest_route=\/wp\/v2\/types\/post"}],"author":[{"embeddable":true,"href":"https:\/\/akdenizolaygazetesi.com\/index.php?rest_route=\/wp\/v2\/users\/2"}],"replies":[{"embeddable":true,"href":"https:\/\/akdenizolaygazetesi.com\/index.php?rest_route=%2Fwp%2Fv2%2Fcomments&post=18546"}],"version-history":[{"count":1,"href":"https:\/\/akdenizolaygazetesi.com\/index.php?rest_route=\/wp\/v2\/posts\/18546\/revisions"}],"predecessor-version":[{"id":18548,"href":"https:\/\/akdenizolaygazetesi.com\/index.php?rest_route=\/wp\/v2\/posts\/18546\/revisions\/18548"}],"wp:featuredmedia":[{"embeddable":true,"href":"https:\/\/akdenizolaygazetesi.com\/index.php?rest_route=\/wp\/v2\/media\/18547"}],"wp:attachment":[{"href":"https:\/\/akdenizolaygazetesi.com\/index.php?rest_route=%2Fwp%2Fv2%2Fmedia&parent=18546"}],"wp:term":[{"taxonomy":"category","embeddable":true,"href":"https:\/\/akdenizolaygazetesi.com\/index.php?rest_route=%2Fwp%2Fv2%2Fcategories&post=18546"},{"taxonomy":"post_tag","embeddable":true,"href":"https:\/\/akdenizolaygazetesi.com\/index.php?rest_route=%2Fwp%2Fv2%2Ftags&post=18546"}],"curies":[{"name":"wp","href":"https:\/\/api.w.org\/{rel}","templated":true}]}}