{"id":1855,"date":"2020-11-04T18:22:24","date_gmt":"2020-11-04T15:22:24","guid":{"rendered":"http:\/\/mersinekonomipolitikagazetesi.com\/?p=1855"},"modified":"2020-11-04T18:22:24","modified_gmt":"2020-11-04T15:22:24","slug":"hersey-daha-iyi-olacak","status":"publish","type":"post","link":"https:\/\/akdenizolaygazetesi.com\/?p=1855","title":{"rendered":"\u201cHER\u015eEY DAHA \u0130Y\u0130 OLACAK\u201d"},"content":{"rendered":"<p>Mersin Serbest B\u00f6lgesi\u2019nin i\u015fletici \u015firketi olan Mersin Serbest B\u00f6lgesi \u0130\u015fletici A.\u015e.\u2019nin -MESBA\u015e- 32. Ola\u011fan Genel Kurul toplant\u0131s\u0131, y\u00f6netim kurulu listesinde anla\u015fma sa\u011flanmas\u0131 sonras\u0131 yap\u0131ld\u0131. MESBA\u015e\u2019ta Ali Avc\u0131 d\u00f6nemi ba\u015flad\u0131. Ali Avc\u0131 bundan b\u00f6yle MESBA\u015e\u2019ta art\u0131k her\u015feyin d\u00fczelece\u011fini ve daha iyi olaca\u011f\u0131n\u0131 s\u00f6yledi.<\/p>\n<p><span style=\"font-size:16px;\"><span style=\"color: rgb(34, 34, 34); font-family: arial, sans-serif; line-height: normal;\">30 Mart 2018 tarihinde \u015firket binas\u0131nda yap\u0131laca\u011f\u0131 duyurulan toplant\u0131 y\u00f6netim listesinde anla\u015fma sa\u011flanamad\u0131\u011f\u0131 i\u00e7in iptal edilmi\u015fti. Genel kurul toplant\u0131s\u0131na kat\u0131lan baz\u0131 ortaklar iptal karar\u0131na tepki g\u00f6sterirken, ortaklar\u0131n binada olmas\u0131na ra\u011fmen y\u00f6netim listesinde anla\u015famad\u0131klar\u0131 i\u00e7in iptal edildi\u011fini ileri s\u00fcrm\u00fc\u015ft\u00fc.<\/span><br style=\"color: rgb(34, 34, 34); font-family: arial, sans-serif; font-size: 12.8px; line-height: normal;\" \/><br \/>\n<span style=\"color: rgb(34, 34, 34); font-family: arial, sans-serif; line-height: normal;\">Yap\u0131lan genel kurulda MESBA\u015e \u00f6nceki Y\u00f6netim Kurulu Ba\u015fkan\u0131 Cihat Lokmano\u011flu ve Y\u00f6netim Kurulu \u00dcyesi Jozef Atat ile hissedar Mehmet Azmi Damla aras\u0131nda mahkemelik olunan ve usuls\u00fczl\u00fck yap\u0131ld\u0131\u011f\u0131 iddia edilen konular hakk\u0131nda tart\u0131\u015fmalar ya\u015fand\u0131\u011f\u0131 belirtildi.<\/span><br style=\"color: rgb(34, 34, 34); font-family: arial, sans-serif; font-size: 12.8px; line-height: normal;\" \/><br \/>\n<span style=\"color: rgb(34, 34, 34); font-family: arial, sans-serif; line-height: normal;\">Genel kurulda kamuoyunda y\u0131llard\u0131r tepki g\u00f6ren huzur hakk\u0131 \u00f6demelerine de d\u00fc\u015f\u00fc\u015f ve s\u0131n\u0131rlama getirildi\u011fi a\u00e7\u0131kland\u0131.<\/span><br style=\"color: rgb(34, 34, 34); font-family: arial, sans-serif; font-size: 12.8px; line-height: normal;\" \/><br \/>\n<span style=\"color: rgb(34, 34, 34); font-family: arial, sans-serif; line-height: normal;\">Huzur hakk\u0131 ad\u0131 alt\u0131nda y\u00f6netim kurulu taraf\u0131ndan her ay al\u0131nan 1.950 dolar ve 3 ayda bir ikramiye iptal edilerek yerine sadece ayl\u0131k br\u00fct 7 bin 500 lira olarak belirlendi.<\/span><br style=\"color: rgb(34, 34, 34); font-family: arial, sans-serif; font-size: 12.8px; line-height: normal;\" \/><br \/>\n<span style=\"color: rgb(34, 34, 34); font-family: arial, sans-serif; line-height: normal;\">3 y\u0131l\u0131\u011f\u0131na se\u00e7ilen MESBA\u015e yeni y\u00f6netim kuruluna Al\u0131 Avc\u0131\u2019n\u0131n Ba\u015fkan olaca\u011f\u0131 belirtilirken, y\u00f6netim kurulu \u00fcyeliklerine CEYNAK A.\u015e., MESBA\u015e\u2019tan b\u00fcy\u00fck hisse sat\u0131n alan Mersin Deniz Ticaret Odas\u0131, Mersin Ticaret ve Sanayi Odas\u0131, TAYSEB A.\u015e. ve Akdeniz \u0130hracat\u00e7\u0131 Birlikleri\u2019nin de se\u00e7ildi\u011fi a\u00e7\u0131kland\u0131.<\/span><br style=\"color: rgb(34, 34, 34); font-family: arial, sans-serif; font-size: 12.8px; line-height: normal;\" \/><br \/>\n<br style=\"color: rgb(34, 34, 34); font-family: arial, sans-serif; font-size: 12.8px; line-height: normal;\" \/><br \/>\n<span style=\"color: rgb(34, 34, 34); font-family: arial, sans-serif; line-height: normal;\">Samsun Liman\u0131\u2019n\u0131 da i\u015fleten, Samsun Serbest B\u00f6lgesi\u2019nin de b\u00fcy\u00fck ortaklar\u0131 aras\u0131nda yer alan Mersin k\u00f6kenli Cey Grup, MESBA\u015e\u2019\u0131n hazineye ait y\u00fczde 21.2\u2019lik hazine hissesini 25.8 milyon TL\u2019ye sat\u0131n alm\u0131\u015ft\u0131.<\/span><br style=\"color: rgb(34, 34, 34); font-family: arial, sans-serif; font-size: 12.8px; line-height: normal;\" \/><br \/>\n<br style=\"color: rgb(34, 34, 34); font-family: arial, sans-serif; font-size: 12.8px; line-height: normal;\" \/><br \/>\n<span style=\"color: rgb(34, 34, 34); font-family: arial, sans-serif; line-height: normal;\">T\u00fcrkiye\u2019nin faaliyete ge\u00e7en ilk serbest b\u00f6lgesi Mersin Serbest B\u00f6lgesi\u2019nin i\u015fleticisi olan MESBA\u015e\u2019\u0131n hisseleri i\u00e7inde yer alan T\u00fcrkiye Denizcilik \u0130\u015fletmeleri A.\u015e.\u2019ye ait y\u00fczde 21,2\u2019lik kamu pay\u0131, \u00d6zelle\u015ftirme \u0130daresi Ba\u015fkanl\u0131\u011f\u0131\u2019nca Eyl\u00fcl 2017\u2019de sat\u0131\u015fa sunulmu\u015ftu.<\/span><br style=\"color: rgb(34, 34, 34); font-family: arial, sans-serif; font-size: 12.8px; line-height: normal;\" \/><br \/>\n<span style=\"color: rgb(34, 34, 34); font-family: arial, sans-serif; line-height: normal;\">\u0130haleye Cey Grubu Ortak Giri\u015fim Grubu, Menas-Mersin Zirai \u00dcr\u00fcnler \u0130\u015fleme \u0130hracat Sanayi ve Ticaret A.\u015e., Mersin Ortak Giri\u015fim Grubu, \u00c7aa\u015f Yat\u0131r\u0131m A.\u015e. ve Tayseb-Toros Adana Yumurtal\u0131k Serbest B\u00f6lge Kurucu ve \u0130\u015fleticisi A.\u015e. teklif vermi\u015fti.<\/span><br style=\"color: rgb(34, 34, 34); font-family: arial, sans-serif; font-size: 12.8px; line-height: normal;\" \/><br \/>\n<br style=\"color: rgb(34, 34, 34); font-family: arial, sans-serif; font-size: 12.8px; line-height: normal;\" \/><br \/>\n<span style=\"color: rgb(34, 34, 34); font-family: arial, sans-serif; line-height: normal;\">Ankara\u2019da yap\u0131lan ihalede en y\u00fcksek teklifi Ceynak Lojistik\u2019i b\u00fcnyesinde bulunduran Cey Grup Ortak Giri\u015fim Grubu vermi\u015fti. Cey Grup, 25,8 milyon liral\u0131k teklifle ihaleyi kazanm\u0131\u015f ve MESBA\u015e\u2019\u0131n hisselerinin y\u00fczde 21\u2019ine sahip olarak, MESBA\u015e\u2019ta b\u00fcy\u00fck ortak olmu\u015ftu.<\/span><br style=\"color: rgb(34, 34, 34); font-family: arial, sans-serif; font-size: 12.8px; line-height: normal;\" \/><br \/>\n<span style=\"color: rgb(34, 34, 34); font-family: arial, sans-serif; line-height: normal;\">MESBA\u015e\u2019a b\u00fcy\u00fck ortak olmalar\u0131n\u0131n ard\u0131ndan a\u00e7\u0131klama yapan Ceynak\u2019\u0131n Samsun Serbest B\u00f6lgesi\u2019nin de b\u00fcy\u00fck orta\u011f\u0131 oldu\u011funu hat\u0131rlatan Cey Grup Y\u00f6netim Kurulu Ba\u015fkan\u0131 Ali Avc\u0131: \u201cBuradaki tecr\u00fcbelerimizi, sinerjimizi katarak Mersin\u2019de payda\u015flara ve di\u011fer ortaklara daha verimli olacak bir i\u015fletme yarataca\u011f\u0131z. Bu hisselerin Mersin\u2019de kalmas\u0131 ise ayr\u0131ca \u00f6nemli. Yabanc\u0131lara gitmemesi sevindirici\u201d \u015feklinde konu\u015fmu\u015ftu.<\/span><br style=\"color: rgb(34, 34, 34); font-family: arial, sans-serif; font-size: 12.8px; line-height: normal;\" \/><br \/>\n<span style=\"color: rgb(34, 34, 34); font-family: arial, sans-serif; line-height: normal;\">Bu arada Deniz Nakliyat\u0131 T.A.\u015e.\u2019nin ve 2. vatanda\u015f\u0131n daha\u00a0 hisselerini sat\u0131n alan Mersin Deniz Ticaret Odas\u0131\u2019n\u0131n da A grubundan 1.080.432 hisse ve B grubundan 489.750 hisse olmak \u00fczere toplamda 1.570.182 hisse senedi ile MESBA\u015e\u2019\u0131n \u015firket sermayesinin y\u00fczde 10\u2019dan fazlas\u0131na sahip 3 ortaktan biri oldu\u011fu belirtildi.<\/span><br style=\"color: rgb(34, 34, 34); font-family: arial, sans-serif; font-size: 12.8px; line-height: normal;\" \/><br \/>\n<span style=\"color: rgb(34, 34, 34); font-family: arial, sans-serif; line-height: normal;\">Mersin Serbest B\u00f6lgesi\u2019de faaliyet g\u00f6steren bir \u015firket taraf\u0131ndan mahkemeye verilen, b\u00fcy\u00fck usuls\u00fczl\u00fckler yap\u0131ld\u0131\u011f\u0131 iddia edilen \u00f6nceki MESBA\u015e y\u00f6netimine kar\u015f\u0131 dava s\u00fcrecinin devam etti\u011fi vurguland\u0131.<\/span><\/span><br style=\"color: rgb(34, 34, 34); font-family: arial, sans-serif; font-size: 12.8px; line-height: normal;\" \/><br \/>\n<br style=\"color: rgb(34, 34, 34); font-family: arial, sans-serif; font-size: 12.8px; line-height: normal;\" \/><br \/>\n\u00a0<\/p>\n","protected":false},"excerpt":{"rendered":"<p>Mersin Serbest B\u00f6lgesi\u2019nin i\u015fletici \u015firketi olan Mersin Serbest B\u00f6lgesi \u0130\u015fletici A.\u015e.\u2019nin -MESBA\u015e- 32. Ola\u011fan Genel Kurul toplant\u0131s\u0131, y\u00f6netim kurulu listesinde anla\u015fma sa\u011flanmas\u0131 sonras\u0131 yap\u0131ld\u0131. MESBA\u015e\u2019ta Ali Avc\u0131 d\u00f6nemi ba\u015flad\u0131. Ali &hellip; <a href=\"https:\/\/akdenizolaygazetesi.com\/?p=1855\" class=\"more-link\">Devam\u0131n\u0131 Oku&#8230;<\/a><\/p>\n","protected":false},"author":1,"featured_media":0,"comment_status":"open","ping_status":"open","sticky":false,"template":"","format":"standard","meta":[],"categories":[],"tags":[],"_links":{"self":[{"href":"https:\/\/akdenizolaygazetesi.com\/index.php?rest_route=\/wp\/v2\/posts\/1855"}],"collection":[{"href":"https:\/\/akdenizolaygazetesi.com\/index.php?rest_route=\/wp\/v2\/posts"}],"about":[{"href":"https:\/\/akdenizolaygazetesi.com\/index.php?rest_route=\/wp\/v2\/types\/post"}],"author":[{"embeddable":true,"href":"https:\/\/akdenizolaygazetesi.com\/index.php?rest_route=\/wp\/v2\/users\/1"}],"replies":[{"embeddable":true,"href":"https:\/\/akdenizolaygazetesi.com\/index.php?rest_route=%2Fwp%2Fv2%2Fcomments&post=1855"}],"version-history":[{"count":0,"href":"https:\/\/akdenizolaygazetesi.com\/index.php?rest_route=\/wp\/v2\/posts\/1855\/revisions"}],"wp:attachment":[{"href":"https:\/\/akdenizolaygazetesi.com\/index.php?rest_route=%2Fwp%2Fv2%2Fmedia&parent=1855"}],"wp:term":[{"taxonomy":"category","embeddable":true,"href":"https:\/\/akdenizolaygazetesi.com\/index.php?rest_route=%2Fwp%2Fv2%2Fcategories&post=1855"},{"taxonomy":"post_tag","embeddable":true,"href":"https:\/\/akdenizolaygazetesi.com\/index.php?rest_route=%2Fwp%2Fv2%2Ftags&post=1855"}],"curies":[{"name":"wp","href":"https:\/\/api.w.org\/{rel}","templated":true}]}}