{"id":18552,"date":"2022-05-11T09:54:47","date_gmt":"2022-05-11T06:54:47","guid":{"rendered":"http:\/\/akdenizolaygazetesi.com\/?p=18552"},"modified":"2022-05-11T09:54:47","modified_gmt":"2022-05-11T06:54:47","slug":"baskan-yilmazdan-birlik-ve-beraberlik-vurgusu","status":"publish","type":"post","link":"https:\/\/akdenizolaygazetesi.com\/?p=18552","title":{"rendered":"BA\u015eKAN YILMAZ&#8217;DAN B\u0130RL\u0130K VE BERABERL\u0130K VURGUSU"},"content":{"rendered":"<p>Toroslar Belediye Ba\u015fkan\u0131 Ats\u0131z Af\u015f\u0131n Y\u0131lmaz, May\u0131s Ay\u0131 Meclis Toplant\u0131s\u0131&#8217;nda birlik, beraberlik ve karde\u015fli\u011fe vurgu yapt\u0131.<\/p>\n<p>T\u00fcm d\u00fcnyan\u0131n ekonomik olarak zor g\u00fcnlerden ge\u00e7ti\u011fini belirten Ba\u015fkan Y\u0131lmaz;  &#8220;Dinimiz,  mezhebimiz, k\u00f6kenimiz ne olursa olsun;  manevi de\u011ferlerimiz, bin y\u0131ll\u0131k karde\u015fli\u011fimiz bir yana kader birli\u011fimiz var. T\u00fcrkiye s\u0131k\u0131nt\u0131ya girerse hepimiz s\u0131k\u0131nt\u0131ya gireriz. Onun i\u00e7in el ele, g\u00f6n\u00fcl g\u00f6n\u00fcle vererek, \u00fclkemizin \u00f6n\u00fcndeki f\u0131rsatlar\u0131 g\u00f6r\u00fcp, bu y\u00f6nde ilerlememiz gerekir&#8221; dedi.<\/p>\n<p>Toroslar Belediyesi May\u0131s Ay\u0131 Meclis Toplant\u0131s\u0131&#8217;n\u0131n birinci birle\u015fimi, Yunus Emre K\u00fclt\u00fcr Merkezi&#8217;nde yap\u0131ld\u0131.<\/p>\n<p>Sayg\u0131 duru\u015fu ve \u0130stiklal Mar\u015f\u0131&#8217;n\u0131n okunmas\u0131n\u0131n ard\u0131ndan ba\u015flayan toplant\u0131da g\u00fcndem maddeleri g\u00f6r\u00fc\u015f\u00fclerek karara ba\u011fland\u0131.<\/p>\n<p>Toroslar Belediyesinin 2021 mali y\u0131l\u0131 b\u00fct\u00e7e kesin hesab\u0131n\u0131n ve y\u00f6netim d\u00f6nemi hesab\u0131n\u0131n, Plan ve B\u00fct\u00e7e Komisyonu&#8217;na havalesi oy birli\u011fiyle kabul edildi.<\/p>\n<p>Toroslar Belediyesi b\u00fcnyesinde haz\u0131rlanan 5. Etap 1\/1000 \u00f6l\u00e7ekli \u0130lave ve Revizyon Uygulama \u0130mar Plan\u0131na ili\u015fkin t\u00fcm komisyonlar\u0131n ortak raporu da g\u00f6r\u00fc\u015f\u00fclerek oy \u00e7oklu\u011fuyla kabul edildi.<\/p>\n<p>&#8220;\u00c7ocuklar\u0131m\u0131z\u0131n, G\u00fcvenli, Huzurlu ve Refah \u0130\u00e7inde Ya\u015famas\u0131 \u0130\u00e7in \u00c7abal\u0131yoruz&#8221;<\/p>\n<p>G\u00fcndem maddelerinin g\u00f6r\u00fc\u015f\u00fclmesinin ard\u0131ndan dilek ve temenniler b\u00f6l\u00fcm\u00fcnde Ba\u015fkan Y\u0131lmaz, d\u00fcnyan\u0131n h\u0131zla de\u011fi\u015fti\u011fini ve bunun kar\u015f\u0131s\u0131nda birlik ve beraberlik i\u00e7inde hareket edilmesi gerekti\u011finin alt\u0131n\u0131 \u00e7izerek; &#8220;Yeter ki bir olal\u0131m, beraber olal\u0131m, do\u011fruyu g\u00f6relim. Ortak parlak gelece\u011fimize bakmam\u0131z ve bunu hep beraber in\u015fa etmemiz gerekiyor. Ben, T\u00fcrkiye&#8217;nin her ge\u00e7en g\u00fcn daha da g\u00fc\u00e7l\u00fc olaca\u011f\u0131na can\u0131 g\u00f6n\u00fclden inan\u0131yor ve bundan heyecan duyuyorum. \u00c7ocuklar\u0131m\u0131z\u0131n g\u00fcvenli, huzurlu ve refah i\u00e7inde ya\u015famas\u0131 i\u00e7in \u00e7al\u0131\u015f\u0131yoruz. Bu hedef i\u00e7in herkesle el ele, g\u00f6n\u00fcl g\u00f6n\u00fcleyiz. Hep birlikte g\u00fc\u00e7l\u00fc T\u00fcrkiye&#8217;yi in\u015fa edece\u011fiz&#8221; \u015feklinde konu\u015ftu.<\/p>\n<p>Toplant\u0131da; May\u0131s Ay\u0131 Meclis Toplant\u0131s\u0131n\u0131n ikinci birle\u015fiminin 13 May\u0131s Cuma g\u00fcn\u00fc saat 14.00&#8217;da yap\u0131lmas\u0131na karar verildi. Haziran ay\u0131nda yap\u0131lacak olan meclis toplant\u0131s\u0131 ise 2 Haziran Per\u015fembe g\u00fcn\u00fc saat 14.00&#8217;da ger\u00e7ekle\u015ftirilecek.<\/p>\n","protected":false},"excerpt":{"rendered":"<p>Toroslar Belediye Ba\u015fkan\u0131 Ats\u0131z Af\u015f\u0131n Y\u0131lmaz, May\u0131s Ay\u0131 Meclis Toplant\u0131s\u0131&#8217;nda birlik, beraberlik ve karde\u015fli\u011fe vurgu yapt\u0131. T\u00fcm d\u00fcnyan\u0131n ekonomik olarak zor g\u00fcnlerden ge\u00e7ti\u011fini belirten Ba\u015fkan Y\u0131lmaz; &#8220;Dinimiz, mezhebimiz, k\u00f6kenimiz ne &hellip; <a href=\"https:\/\/akdenizolaygazetesi.com\/?p=18552\" class=\"more-link\">Devam\u0131n\u0131 Oku&#8230;<\/a><\/p>\n","protected":false},"author":2,"featured_media":18553,"comment_status":"open","ping_status":"open","sticky":false,"template":"","format":"standard","meta":[],"categories":[1,2,3],"tags":[],"_links":{"self":[{"href":"https:\/\/akdenizolaygazetesi.com\/index.php?rest_route=\/wp\/v2\/posts\/18552"}],"collection":[{"href":"https:\/\/akdenizolaygazetesi.com\/index.php?rest_route=\/wp\/v2\/posts"}],"about":[{"href":"https:\/\/akdenizolaygazetesi.com\/index.php?rest_route=\/wp\/v2\/types\/post"}],"author":[{"embeddable":true,"href":"https:\/\/akdenizolaygazetesi.com\/index.php?rest_route=\/wp\/v2\/users\/2"}],"replies":[{"embeddable":true,"href":"https:\/\/akdenizolaygazetesi.com\/index.php?rest_route=%2Fwp%2Fv2%2Fcomments&post=18552"}],"version-history":[{"count":1,"href":"https:\/\/akdenizolaygazetesi.com\/index.php?rest_route=\/wp\/v2\/posts\/18552\/revisions"}],"predecessor-version":[{"id":18554,"href":"https:\/\/akdenizolaygazetesi.com\/index.php?rest_route=\/wp\/v2\/posts\/18552\/revisions\/18554"}],"wp:featuredmedia":[{"embeddable":true,"href":"https:\/\/akdenizolaygazetesi.com\/index.php?rest_route=\/wp\/v2\/media\/18553"}],"wp:attachment":[{"href":"https:\/\/akdenizolaygazetesi.com\/index.php?rest_route=%2Fwp%2Fv2%2Fmedia&parent=18552"}],"wp:term":[{"taxonomy":"category","embeddable":true,"href":"https:\/\/akdenizolaygazetesi.com\/index.php?rest_route=%2Fwp%2Fv2%2Fcategories&post=18552"},{"taxonomy":"post_tag","embeddable":true,"href":"https:\/\/akdenizolaygazetesi.com\/index.php?rest_route=%2Fwp%2Fv2%2Ftags&post=18552"}],"curies":[{"name":"wp","href":"https:\/\/api.w.org\/{rel}","templated":true}]}}