{"id":1856,"date":"2020-11-04T18:22:24","date_gmt":"2020-11-04T15:22:24","guid":{"rendered":"http:\/\/mersinekonomipolitikagazetesi.com\/?p=1856"},"modified":"2020-11-04T18:22:24","modified_gmt":"2020-11-04T15:22:24","slug":"ak-parti-il-baskani-ercik-milletvekilligi-adayligi-icin-istifa-ettigi-iddialarina-cevap-verdi","status":"publish","type":"post","link":"https:\/\/akdenizolaygazetesi.com\/?p=1856","title":{"rendered":"AK Parti \u0130l Ba\u015fkan\u0131 Ercik milletvekilli\u011fi adayl\u0131\u011f\u0131 i\u00e7in istifa etti\u011fi iddialar\u0131na cevap verdi:"},"content":{"rendered":"<p>Son g\u00fcnlerde, 24 Haziran se\u00e7imlerinde milletvekili olmak i\u00e7in istifa etti\u011fi s\u00f6ylenen AK Parti \u0130l Ba\u015fkan\u0131 Cesim Ercik bu iddialara cevap vererek; \u201cG\u00f6revimin ba\u015f\u0131nday\u0131m\u201d dedi.<\/p>\n<div>\n<div>\n<div>\n<div>\n<div>\n<div>\n<div>\n<div>\n<div>\n<div>\n<div>\n<div id=\":4\">\n<div id=\":2\">\n<div>\n<div role=\"main\">\n<div>\n<table cellpadding=\"0\" role=\"presentation\" style=\"width:1675px;\">\n<tbody>\n<tr>\n<td>\n<div>\n<div>\n<div>\n<div role=\"list\">\n<div role=\"listitem\" style=\"clear:both;\" tabindex=\"-1\">\n<div>\n<div>\n<div id=\":17r\">\n<div data-legacy-message-id=\"163060aca3516497\" data-message-id=\"163060aca3516497\">\n<div style=\"margin-left:44px;\">\n<div id=\":13w\">\n<div id=\":13b\">\n<div dir=\"auto\">\n<blockquote type=\"cite\">\n<div dir=\"ltr\">\n<blockquote type=\"cite\">\n<div dir=\"ltr\">\n<p><span style=\"font-size:16px;\">Erken se\u00e7im karar\u0131n\u0131n al\u0131nmas\u0131n\u0131n ard\u0131nda parti kulisleri de hareketlenmeye ba\u015flad\u0131. \u00c7e\u015fitli devlet memurlar\u0131, siyasi parti il ba\u015fkanlar\u0131, valiler ve belediye ba\u015fkanlar\u0131 istifa ederek, siyasi arenaya at\u0131ld\u0131.<\/span><\/p>\n<\/p><\/div>\n<\/blockquote>\n<blockquote type=\"cite\">\n<div dir=\"ltr\">\n<p><span style=\"font-size:16px;\">AK Parti \u0130l Ba\u015fkan\u0131 Cesim Ercik hakk\u0131nda da istifa s\u00f6ylentileri dola\u015fmaya ba\u015flad\u0131. Bu durum \u00fczerine a\u00e7\u0131klama yapan Ercik; \u201cMilletvekili aday\u0131 olmak i\u00e7in istifa etti\u011fim s\u00f6ylentileri do\u011fru de\u011fildir. G\u00f6revimin ba\u015f\u0131nday\u0131m. Tek hedefim partili arkada\u015flarla birlikte partimizin oyunu artt\u0131rmakt\u0131r.\u201d ifadelerini kulland\u0131.<\/span><\/p>\n<div>\u00a0<\/div>\n<\/p><\/div>\n<\/blockquote><\/div>\n<\/blockquote><\/div>\n<\/p><\/div>\n<\/p><\/div>\n<\/p><\/div>\n<\/p><\/div>\n<\/p><\/div>\n<\/p><\/div>\n<\/p><\/div>\n<\/p><\/div>\n<\/p><\/div>\n<\/p><\/div>\n<\/p><\/div>\n<\/p><\/div>\n<\/td>\n<\/tr>\n<\/tbody>\n<\/table>\n<\/div>\n<\/div>\n<\/div>\n<\/div>\n<\/div>\n<\/div>\n<\/div>\n<\/div>\n<\/div>\n<\/div>\n<\/div>\n<\/div>\n<\/div>\n<\/div>\n<\/div>\n<\/div>\n","protected":false},"excerpt":{"rendered":"<p>Son g\u00fcnlerde, 24 Haziran se\u00e7imlerinde milletvekili olmak i\u00e7in istifa etti\u011fi s\u00f6ylenen AK Parti \u0130l Ba\u015fkan\u0131 Cesim Ercik bu iddialara cevap vererek; \u201cG\u00f6revimin ba\u015f\u0131nday\u0131m\u201d dedi. Erken se\u00e7im karar\u0131n\u0131n al\u0131nmas\u0131n\u0131n ard\u0131nda parti &hellip; <a href=\"https:\/\/akdenizolaygazetesi.com\/?p=1856\" class=\"more-link\">Devam\u0131n\u0131 Oku&#8230;<\/a><\/p>\n","protected":false},"author":1,"featured_media":0,"comment_status":"open","ping_status":"open","sticky":false,"template":"","format":"standard","meta":[],"categories":[],"tags":[],"_links":{"self":[{"href":"https:\/\/akdenizolaygazetesi.com\/index.php?rest_route=\/wp\/v2\/posts\/1856"}],"collection":[{"href":"https:\/\/akdenizolaygazetesi.com\/index.php?rest_route=\/wp\/v2\/posts"}],"about":[{"href":"https:\/\/akdenizolaygazetesi.com\/index.php?rest_route=\/wp\/v2\/types\/post"}],"author":[{"embeddable":true,"href":"https:\/\/akdenizolaygazetesi.com\/index.php?rest_route=\/wp\/v2\/users\/1"}],"replies":[{"embeddable":true,"href":"https:\/\/akdenizolaygazetesi.com\/index.php?rest_route=%2Fwp%2Fv2%2Fcomments&post=1856"}],"version-history":[{"count":0,"href":"https:\/\/akdenizolaygazetesi.com\/index.php?rest_route=\/wp\/v2\/posts\/1856\/revisions"}],"wp:attachment":[{"href":"https:\/\/akdenizolaygazetesi.com\/index.php?rest_route=%2Fwp%2Fv2%2Fmedia&parent=1856"}],"wp:term":[{"taxonomy":"category","embeddable":true,"href":"https:\/\/akdenizolaygazetesi.com\/index.php?rest_route=%2Fwp%2Fv2%2Fcategories&post=1856"},{"taxonomy":"post_tag","embeddable":true,"href":"https:\/\/akdenizolaygazetesi.com\/index.php?rest_route=%2Fwp%2Fv2%2Ftags&post=1856"}],"curies":[{"name":"wp","href":"https:\/\/api.w.org\/{rel}","templated":true}]}}