{"id":1857,"date":"2020-11-04T18:22:24","date_gmt":"2020-11-04T15:22:24","guid":{"rendered":"http:\/\/mersinekonomipolitikagazetesi.com\/?p=1857"},"modified":"2020-11-04T18:22:24","modified_gmt":"2020-11-04T15:22:24","slug":"ucurtma-ucurarak-akkuyuya-dikkat-cektiler","status":"publish","type":"post","link":"https:\/\/akdenizolaygazetesi.com\/?p=1857","title":{"rendered":"U\u00e7urtma u\u00e7urarak Akkuyu&#8217;ya dikkat \u00e7ektiler"},"content":{"rendered":"<p>\u00c7ernobil n\u00fckleer facias\u0131n\u0131n y\u0131l d\u00f6n\u00fcm\u00fcnde u\u00e7urtma u\u00e7uran \u00e7evreciler: &#8220;Akkuyu \u00c7ernobil olmas\u0131n!\u201d dedi.<\/p>\n<blockquote type=\"cite\">\n<div dir=\"ltr\">\n<p><span style=\"font-size:16px;\">Mersin N\u00fckleer Kar\u015f\u0131t\u0131 Platformu (NKP) \u00fcyeleri, \u201cAkkuyu\u2019ya n\u00fckleer santral istemiyoruz. Akkuyu \u00c7ernobil olmas\u0131n!\u201d dedi.<\/span><\/p>\n<p><span style=\"font-size:16px;\">\u00c7ernobil n\u00fckleer facias\u0131n\u0131n 32\u2019nci y\u0131l d\u00f6n\u00fcm\u00fcnde Bar\u0131\u015f Meydan\u0131\u2019nda bas\u0131n a\u00e7\u0131klamas\u0131 yanan NKP \u00fcyeleri, \u201cAkkuyu Fuku\u015fima olmas\u0131n\u201d yaz\u0131l\u0131 pankart a\u00e7t\u0131.<\/span><\/p>\n<p><span style=\"font-size:16px;\">\u201cAkkuyu \u00c7ernobil olmas\u0131n\u201d, \u201cN\u00fckleere inat ya\u015fas\u0131n hayat\u201d ve \u201cN\u00fckleer santral istemiyoruz&#8221; sloganlar\u0131 atan \u00e7evreciler, n\u00fckleer santral eylemlerine ili\u015fkin yap\u0131lan t\u00fcm engellemelere ra\u011fmen\u00a0Mersinlilere \u0131srarla n\u00fckleer santralin zararl\u0131 oldu\u011funu s\u00f6yleceklerini aktard\u0131.<\/span><\/p>\n<p><span style=\"font-size:16px;\">\u00c7evre bulunan vatanda\u015flar da u\u00e7urtma u\u00e7urarak sa\u011fl\u0131kl\u0131 \u00e7evre vurgusu yapan NKP \u00fcyelerine destek verdi.<\/span><\/p>\n<\/div>\n<\/blockquote>\n","protected":false},"excerpt":{"rendered":"<p>\u00c7ernobil n\u00fckleer facias\u0131n\u0131n y\u0131l d\u00f6n\u00fcm\u00fcnde u\u00e7urtma u\u00e7uran \u00e7evreciler: &#8220;Akkuyu \u00c7ernobil olmas\u0131n!\u201d dedi. Mersin N\u00fckleer Kar\u015f\u0131t\u0131 Platformu (NKP) \u00fcyeleri, \u201cAkkuyu\u2019ya n\u00fckleer santral istemiyoruz. Akkuyu \u00c7ernobil olmas\u0131n!\u201d dedi. \u00c7ernobil n\u00fckleer facias\u0131n\u0131n 32\u2019nci &hellip; <a href=\"https:\/\/akdenizolaygazetesi.com\/?p=1857\" class=\"more-link\">Devam\u0131n\u0131 Oku&#8230;<\/a><\/p>\n","protected":false},"author":1,"featured_media":0,"comment_status":"open","ping_status":"open","sticky":false,"template":"","format":"standard","meta":[],"categories":[],"tags":[],"_links":{"self":[{"href":"https:\/\/akdenizolaygazetesi.com\/index.php?rest_route=\/wp\/v2\/posts\/1857"}],"collection":[{"href":"https:\/\/akdenizolaygazetesi.com\/index.php?rest_route=\/wp\/v2\/posts"}],"about":[{"href":"https:\/\/akdenizolaygazetesi.com\/index.php?rest_route=\/wp\/v2\/types\/post"}],"author":[{"embeddable":true,"href":"https:\/\/akdenizolaygazetesi.com\/index.php?rest_route=\/wp\/v2\/users\/1"}],"replies":[{"embeddable":true,"href":"https:\/\/akdenizolaygazetesi.com\/index.php?rest_route=%2Fwp%2Fv2%2Fcomments&post=1857"}],"version-history":[{"count":0,"href":"https:\/\/akdenizolaygazetesi.com\/index.php?rest_route=\/wp\/v2\/posts\/1857\/revisions"}],"wp:attachment":[{"href":"https:\/\/akdenizolaygazetesi.com\/index.php?rest_route=%2Fwp%2Fv2%2Fmedia&parent=1857"}],"wp:term":[{"taxonomy":"category","embeddable":true,"href":"https:\/\/akdenizolaygazetesi.com\/index.php?rest_route=%2Fwp%2Fv2%2Fcategories&post=1857"},{"taxonomy":"post_tag","embeddable":true,"href":"https:\/\/akdenizolaygazetesi.com\/index.php?rest_route=%2Fwp%2Fv2%2Ftags&post=1857"}],"curies":[{"name":"wp","href":"https:\/\/api.w.org\/{rel}","templated":true}]}}