{"id":1858,"date":"2020-11-04T18:22:24","date_gmt":"2020-11-04T15:22:24","guid":{"rendered":"http:\/\/mersinekonomipolitikagazetesi.com\/?p=1858"},"modified":"2020-11-04T18:22:24","modified_gmt":"2020-11-04T15:22:24","slug":"ture-milletvekili-adayi-degilim","status":"publish","type":"post","link":"https:\/\/akdenizolaygazetesi.com\/?p=1858","title":{"rendered":"T\u00fcre: Milletvekili aday\u0131 de\u011filim"},"content":{"rendered":"<p>MHP&#8217;den istifa ederek \u0130Y\u0130 Parti rozeti takan Anamur Belediye Ba\u015fkan\u0131 Mehmet T\u00fcre; &#8220;Milletvekilli\u011fi Genel Se\u00e7imleri\u2019nde, milletvekili aday\u0131 olmad\u0131\u011f\u0131m\u0131 siz de\u011ferli hem\u015fehrilerimle payla\u015fmak istiyorum&#8221; dedi.<\/p>\n<blockquote type=\"cite\">\n<div dir=\"ltr\">\n<p><span style=\"font-size:16px;\">Bir s\u00fcredir \u0130Y\u0130 Parti&#8217;den Milletvekili aday\u0131 olmas\u0131 i\u00e7in \u0131srar edilen Anamur Belediye Ba\u015fkan\u0131 Mehmet T\u00fcre, bir a\u00e7\u0131klama yaparak b\u00f6yle bir d\u00fc\u015f\u00fcncesinin olmad\u0131\u011f\u0131 s\u00f6yledi. Anamur Halk\u0131n\u0131n kendisini Anamur Belediye Ba\u015fkan\u0131 olarak g\u00f6revlendirdi\u011fini s\u00f6yleyen T\u00fcre, yoluna belediye ba\u015fkan\u0131 olarak devam etmek istedi\u011finin alt\u0131n\u0131 \u00e7izdi.<\/span><\/p>\n<p>\u00a0<\/p>\n<p><span style=\"font-size:16px;\">&#8220;MERS\u0130N \u0130\u00c7\u0130N M\u00dcCADELE EDECE\u011e\u0130M\u0130ZDEN K\u0130MSEN\u0130N \u015e\u00dcPHE DUYMASIN&#8221;<\/span><\/p>\n<p><span style=\"font-size:16px;\">&#8220;Ba\u015fta 9 y\u0131ld\u0131r y\u00f6neticili\u011fini yapt\u0131\u011f\u0131m\u0131z il\u00e7emiz Anamur olmak \u00fczere, Mersin \u0130l ve \u0130l\u00e7e Te\u015fkilatlar\u0131m\u0131zdan b\u00fcy\u00fck bir tevecc\u00fch, samimiyet ve g\u00fcvenle milletvekilli\u011fi adayl\u0131\u011f\u0131 teklifi alm\u0131\u015f bulunmaktay\u0131m&#8221; diyerek a\u00e7\u0131klamas\u0131na ba\u015flayan T\u00fcre; &#8220;9 y\u0131ll\u0131k Anamur Belediye Ba\u015fkanl\u0131\u011f\u0131m\u0131z ve son iki y\u0131lda \u0130Y\u0130 Parti\u2019nin kurulu\u015f s\u00fcrecinde ya\u015fad\u0131\u011f\u0131m\u0131z s\u0131k\u0131nt\u0131lar, \u0130Y\u0130 bir Anamur, \u0130Y\u0130 bir Mersin ve \u0130Y\u0130 bir T\u00fcrkiye i\u00e7in ekibimizle birlikte g\u00f6\u011f\u00fcsledi\u011fimiz zorluklar, \u2018\u2019S\u00f6z konusu vatansa, gerisi teferruatt\u0131r\u2019\u2019 anlay\u0131\u015f\u0131m\u0131z\u0131n Anamurlu ve Mersinli Hem\u015fehrilerimizce samimiyetle benimsenmesi ve kabul g\u00f6rmesi bizleri son derece mutlu etmi\u015ftir. 9 y\u0131l \u00f6nce yola \u00e7\u0131karken \u2018\u2019Her\u015fey Anamur \u0130\u00e7in\u2019\u2019 demi\u015ftik. 9 y\u0131l\u0131n sonunda yine ayn\u0131 \u015fevk ve heyecanla \u2018\u2019\u0130Y\u0130 Bir Anamur\u2019\u2019 ve \u2018\u2019\u0130Y\u0130 Bir Mersin\u2019\u2019 i\u00e7in m\u00fccadele edece\u011fimizden kimsenin \u015f\u00fcphe duymamas\u0131n\u0131 istiyorum&#8221; dedi.<\/span><\/p>\n<p>\u00a0<\/p>\n<p><span style=\"font-size:16px;\">&#8220;DESTEKLEYENLERE TE\u015eEKK\u00dcR EDER\u0130M&#8221;<\/span><\/p>\n<p><span style=\"font-size:16px;\">T\u00fcre; &#8220;Gerek 9 y\u0131l evvel Anamur\u2019a gelirken, gerekse 2 y\u0131ll\u0131k m\u00fccadelenin ard\u0131ndan b\u00fcy\u00fck zorluklar ve bir o kadar da inan\u00e7 ve azimle kurdu\u011fumuz \u0130Y\u0130 Parti\u2019de y\u00fcr\u00fctt\u00fc\u011f\u00fcm\u00fcz hi\u00e7bir faaliyette, \u015fahsi bir beklenti i\u00e7erisine girmeden tamamen \u00fclke menfaatlerine y\u00f6nelik \u00e7al\u0131\u015fmalar yapmaya gayret etti\u011fimizin bir kez daha alt\u0131n\u0131 \u00e7iziyor, ve 24 Haziran 2018 tarihinde yap\u0131lacak olan Cumhurba\u015fkanl\u0131\u011f\u0131 ve Milletvekilli\u011fi Genel Se\u00e7imleri\u2019nde, milletvekili aday\u0131 olmad\u0131\u011f\u0131m\u0131 siz de\u011ferli hem\u015fehrilerimle payla\u015fmak istiyorum. Bu duygu ve d\u00fc\u015f\u00fcncelerle, \u015fahs\u0131ma milletvekili olmam y\u00f6n\u00fcnde teklif ve \u00f6neride bulunan Mersin \u0130l ve \u0130l\u00e7e Te\u015fkilatlar\u0131m\u0131za, Anamurlu ve Mersinli Hem\u015fehrilerimize, Mersin d\u0131\u015f\u0131ndan bizlere ula\u015farak desteklerini ileten sevenlerimize sonsuz te\u015fekk\u00fcrlerimi sunuyorum&#8221; ifadelerini kulland\u0131.<\/span><\/p>\n<\/div>\n<\/blockquote>\n","protected":false},"excerpt":{"rendered":"<p>MHP&#8217;den istifa ederek \u0130Y\u0130 Parti rozeti takan Anamur Belediye Ba\u015fkan\u0131 Mehmet T\u00fcre; &#8220;Milletvekilli\u011fi Genel Se\u00e7imleri\u2019nde, milletvekili aday\u0131 olmad\u0131\u011f\u0131m\u0131 siz de\u011ferli hem\u015fehrilerimle payla\u015fmak istiyorum&#8221; dedi. Bir s\u00fcredir \u0130Y\u0130 Parti&#8217;den Milletvekili aday\u0131 &hellip; <a href=\"https:\/\/akdenizolaygazetesi.com\/?p=1858\" class=\"more-link\">Devam\u0131n\u0131 Oku&#8230;<\/a><\/p>\n","protected":false},"author":1,"featured_media":0,"comment_status":"open","ping_status":"open","sticky":false,"template":"","format":"standard","meta":[],"categories":[],"tags":[],"_links":{"self":[{"href":"https:\/\/akdenizolaygazetesi.com\/index.php?rest_route=\/wp\/v2\/posts\/1858"}],"collection":[{"href":"https:\/\/akdenizolaygazetesi.com\/index.php?rest_route=\/wp\/v2\/posts"}],"about":[{"href":"https:\/\/akdenizolaygazetesi.com\/index.php?rest_route=\/wp\/v2\/types\/post"}],"author":[{"embeddable":true,"href":"https:\/\/akdenizolaygazetesi.com\/index.php?rest_route=\/wp\/v2\/users\/1"}],"replies":[{"embeddable":true,"href":"https:\/\/akdenizolaygazetesi.com\/index.php?rest_route=%2Fwp%2Fv2%2Fcomments&post=1858"}],"version-history":[{"count":0,"href":"https:\/\/akdenizolaygazetesi.com\/index.php?rest_route=\/wp\/v2\/posts\/1858\/revisions"}],"wp:attachment":[{"href":"https:\/\/akdenizolaygazetesi.com\/index.php?rest_route=%2Fwp%2Fv2%2Fmedia&parent=1858"}],"wp:term":[{"taxonomy":"category","embeddable":true,"href":"https:\/\/akdenizolaygazetesi.com\/index.php?rest_route=%2Fwp%2Fv2%2Fcategories&post=1858"},{"taxonomy":"post_tag","embeddable":true,"href":"https:\/\/akdenizolaygazetesi.com\/index.php?rest_route=%2Fwp%2Fv2%2Ftags&post=1858"}],"curies":[{"name":"wp","href":"https:\/\/api.w.org\/{rel}","templated":true}]}}