{"id":1859,"date":"2020-11-04T18:22:24","date_gmt":"2020-11-04T15:22:24","guid":{"rendered":"http:\/\/mersinekonomipolitikagazetesi.com\/?p=1859"},"modified":"2020-11-04T18:22:24","modified_gmt":"2020-11-04T15:22:24","slug":"kuytu-kosede-kalmis-sokaklar-onemsenmiyor","status":"publish","type":"post","link":"https:\/\/akdenizolaygazetesi.com\/?p=1859","title":{"rendered":"KUYTU K\u00d6\u015eEDE KALMI\u015e SOKAKLAR \u00d6NEMSENM\u0130YOR!"},"content":{"rendered":"<p>Mersin\u2019de \u00e7al\u0131\u015fmalar\u0131n\u0131 y\u00fcr\u00fcten belediyeler kenar mahalle sokak \u00e7al\u0131\u015fmalar\u0131na gereken \u00f6nemi vermemeleri vatanda\u015ftan tepki ald\u0131.<\/p>\n<div id=\":4\">\n<div id=\":2\">\n<div role=\"main\">\n<table cellpadding=\"0\" role=\"presentation\" style=\"width:1675px;\">\n<tbody>\n<tr>\n<td>\n<div role=\"list\">\n<div role=\"listitem\" style=\"clear:both;\" tabindex=\"-1\">\n<div id=\":144\">\n<div data-legacy-message-id=\"16306dd835325be7\" data-message-id=\"16306dd835325be7\">\n<div style=\"margin-left:44px;\">\n<div id=\":146\">\n<div id=\":14r\">\n<div dir=\"auto\">\n<blockquote type=\"cite\">\n<div>\n<div dir=\"ltr\">\n<p><span style=\"font-size:16px;\">Mersin\u2019in kuytu k\u00f6\u015fesinde bulunan sokaklara \u00f6nem verilmedi\u011fine dikkat \u00e7eken vatanda\u015f, kendi oturdu\u011fu mahallenin soka\u011f\u0131nda bulunan yolda olu\u015fan \u00e7ukurun aylard\u0131r o halde oldu\u011funu vurgulad\u0131.<\/span><\/p>\n<p><span style=\"font-size:16px;\">Tepkisi dile getiren vatanda\u015f, sadece oturduklar\u0131 mahallede bu durum ya\u015fanmad\u0131\u011f\u0131n\u0131, bir\u00e7ok k\u00f6\u015fede kalm\u0131\u015f sokaklarda da alt yap\u0131 k\u00f6t\u00fc durumda oldu\u011funu ifade etti.<\/span><\/p>\n<p><span style=\"font-size:16px;\">Belediyeler \u00f6nemli merkez noktas\u0131nda bulunan sokak \u00e7al\u0131\u015fmalar\u0131n\u0131 her se\u00e7im zaman\u0131nda g\u00f6z boyamak i\u00e7in yapt\u0131klar\u0131na dikkat \u00e7eken vatanda\u015f, art\u0131k belediyelerin merkez ve kenar mahallelerdeki sokaklar\u0131 da yenilemeleri gerekti\u011fini s\u00f6yledi.<\/span><\/p>\n<p>\u00a0<\/p>\n<p><span style=\"font-size:16px;\">\u201cB\u0130ZDE BU \u00dcLKEN\u0130N, \u015eEHR\u0130N VATANDA\u015eIYIZ\u201d<\/span><\/p>\n<p>\u00a0<\/p>\n<p><span style=\"font-size:16px;\">Vatanda\u015f tepkisini \u015f\u00f6yle dile getiriyor: \u201cBelediye ba\u015fkanlar\u0131 bizim sayemizde se\u00e7iliyor. Ve bu se\u00e7ti\u011fimiz ki\u015filerin bizleri yar\u0131 yolda b\u0131rakmamalar\u0131 gerekir. Biz nas\u0131l onlar\u0131 yar\u0131 yolda b\u0131rakmad\u0131\u011f\u0131m\u0131z gibi. Bunu sadece kendi mahallemiz i\u00e7in demiyorum. \u00c7o\u011fu arkada kalm\u0131\u015f mahallelere de gereken \u00f6nem verilmiyor. Neden \u00e7\u00fcnk\u00fc arkalarda kald\u0131\u011f\u0131m\u0131z i\u00e7indir. Ama onlara bizde oylar\u0131m\u0131z\u0131 kullan\u0131yoruz. Bizde bu \u00fclkenin, \u015fehrin vatanda\u015f\u0131y\u0131z. Buraya gereken \u00f6nemin verilmemesinin tek nedeni tepkimizi koymad\u0131\u011f\u0131m\u0131zdand\u0131r.\u201d<\/span><\/p>\n<\/p><\/div>\n<\/p><\/div>\n<\/blockquote>\n<div>\n<blockquote type=\"cite\">\n<div dir=\"ltr\">\n<p><span style=\"font-size:16px;\">\u201cPEK \u00c7ALI\u015eMALAR \u00d6NEMSENM\u0130YOR\u201d<\/span><\/p>\n<p>\u00a0<\/p>\n<p><span style=\"font-size:16px;\">Kenar mahalle sokaklar\u0131n\u0131n sorununu aktaran ba\u015fka bir vatanda\u015f: \u201cKenar mahalleler \u00e7o\u011fu ki\u015filer taraf\u0131ndan hor g\u00f6r\u00fcl\u00fcyor. Pek \u00e7al\u0131\u015fmalar \u00f6nemsenmiyor diyebiliriz. \u00d6nemli kav\u015fak mahalle sokaklar\u0131nda bu gibi sorunlar olsayd\u0131 halk hemen ele\u015ftirirdi. Ama nedense bu k\u00f6\u015fede kalan sokaklar\u0131 g\u00f6remiyorlar. Bizde bu \u00fclkede ya\u015fayan vatanda\u015flar\u0131z. Bizimde bu gibi \u00e7al\u0131\u015fmalarda hakk\u0131m\u0131z var. Sokaklara gereken temizlik yap\u0131lm\u0131yor. Yolda olu\u015fan sorunlar g\u00f6rmezden geliniyor.\u201d ifadelerini kulland\u0131. \u00a0<\/span><\/p>\n<\/p><\/div>\n<\/blockquote><\/div>\n<\/p><\/div>\n<\/p><\/div>\n<\/p><\/div>\n<\/p><\/div>\n<\/p><\/div>\n<\/p><\/div>\n<\/p><\/div>\n<\/p><\/div>\n<\/td>\n<\/tr>\n<\/tbody>\n<\/table>\n<div style=\"clear:both;\">\u00a0<\/div>\n<\/div>\n<\/div>\n<\/div>\n","protected":false},"excerpt":{"rendered":"<p>Mersin\u2019de \u00e7al\u0131\u015fmalar\u0131n\u0131 y\u00fcr\u00fcten belediyeler kenar mahalle sokak \u00e7al\u0131\u015fmalar\u0131na gereken \u00f6nemi vermemeleri vatanda\u015ftan tepki ald\u0131. Mersin\u2019in kuytu k\u00f6\u015fesinde bulunan sokaklara \u00f6nem verilmedi\u011fine dikkat \u00e7eken vatanda\u015f, kendi oturdu\u011fu mahallenin soka\u011f\u0131nda bulunan yolda &hellip; <a href=\"https:\/\/akdenizolaygazetesi.com\/?p=1859\" class=\"more-link\">Devam\u0131n\u0131 Oku&#8230;<\/a><\/p>\n","protected":false},"author":1,"featured_media":0,"comment_status":"open","ping_status":"open","sticky":false,"template":"","format":"standard","meta":[],"categories":[],"tags":[],"_links":{"self":[{"href":"https:\/\/akdenizolaygazetesi.com\/index.php?rest_route=\/wp\/v2\/posts\/1859"}],"collection":[{"href":"https:\/\/akdenizolaygazetesi.com\/index.php?rest_route=\/wp\/v2\/posts"}],"about":[{"href":"https:\/\/akdenizolaygazetesi.com\/index.php?rest_route=\/wp\/v2\/types\/post"}],"author":[{"embeddable":true,"href":"https:\/\/akdenizolaygazetesi.com\/index.php?rest_route=\/wp\/v2\/users\/1"}],"replies":[{"embeddable":true,"href":"https:\/\/akdenizolaygazetesi.com\/index.php?rest_route=%2Fwp%2Fv2%2Fcomments&post=1859"}],"version-history":[{"count":0,"href":"https:\/\/akdenizolaygazetesi.com\/index.php?rest_route=\/wp\/v2\/posts\/1859\/revisions"}],"wp:attachment":[{"href":"https:\/\/akdenizolaygazetesi.com\/index.php?rest_route=%2Fwp%2Fv2%2Fmedia&parent=1859"}],"wp:term":[{"taxonomy":"category","embeddable":true,"href":"https:\/\/akdenizolaygazetesi.com\/index.php?rest_route=%2Fwp%2Fv2%2Fcategories&post=1859"},{"taxonomy":"post_tag","embeddable":true,"href":"https:\/\/akdenizolaygazetesi.com\/index.php?rest_route=%2Fwp%2Fv2%2Ftags&post=1859"}],"curies":[{"name":"wp","href":"https:\/\/api.w.org\/{rel}","templated":true}]}}