{"id":18594,"date":"2022-05-12T12:22:10","date_gmt":"2022-05-12T09:22:10","guid":{"rendered":"http:\/\/akdenizolaygazetesi.com\/?p=18594"},"modified":"2022-05-12T12:22:10","modified_gmt":"2022-05-12T09:22:10","slug":"secer-sosyal-belediye-olmanin-en-onemli-unsurlarindan-biri-de-ozel-yurttaslarimizin-yaninda-olabilmek","status":"publish","type":"post","link":"https:\/\/akdenizolaygazetesi.com\/?p=18594","title":{"rendered":"SE\u00c7ER: &#8220;SOSYAL BELED\u0130YE OLMANIN EN \u00d6NEML\u0130 UNSURLARINDAN B\u0130R\u0130 DE \u00d6ZEL YURTTA\u015eLARIMIZIN YANINDA OLAB\u0130LMEK&#8221;"},"content":{"rendered":"<p>Mersin B\u00fcy\u00fck\u015fehir Belediyesi ve \u00c7imsa i\u015f birli\u011fi ile geleneksel hale getirilen &#8216;Ak\u00fcl\u00fc Sandalye Da\u011f\u0131t\u0131m T\u00f6reni&#8217; ger\u00e7ekle\u015ftirildi. Sosyal sorumluluk projesi olarak y\u00fcr\u00fct\u00fclen projede bu y\u0131l 60 ak\u00fcl\u00fc ara\u00e7 daha \u00f6zel gereksinimli bireylere teslim edildi. Ara\u00e7lar\u0131, Mersin B\u00fcy\u00fck\u015fehir Belediye Ba\u015fkan\u0131 Vahap Se\u00e7er ve \u00c7imsa Mersin Fabrika M\u00fcd\u00fcr\u00fc Mehmet Emin Kal\u0131na\u011fa\u00e7 teslim etti. Ba\u015fkan Se\u00e7er, Mersin B\u00fcy\u00fck\u015fehir Belediyesi olarak \u00f6zel gereksinimli bireylerin hayatlar\u0131n\u0131 kolayla\u015ft\u0131rmak i\u00e7in s\u00fcrd\u00fcrd\u00fckleri hizmetleri tek tek anlat\u0131rken, &#8220;Belediyeler kimsesizlerin kimsesi kurumlard\u0131r&#8221; dedi.<br \/>\n&#8220;Sosyal belediyecili\u011fin unsurlar\u0131ndan biri de \u00f6zel yurtta\u015flar\u0131m\u0131z\u0131n yan\u0131nda olabilmek&#8221;<br \/>\nB\u00fcy\u00fck\u015fehir Belediyesi Nikah Salonu&#8217;nda d\u00fczenlenen t\u00f6rene; Ba\u015fkan Se\u00e7er&#8217;in yan\u0131 s\u0131ra \u00c7imsa Mersin Fabrika M\u00fcd\u00fcr\u00fc Mehmet Emin Kal\u0131na\u011fa\u00e7, B\u00fcy\u00fck\u015fehir Belediyesi b\u00fcrokratlar\u0131, daire ba\u015fkanlar\u0131, Meclis \u00fcyeleri ve \u00f6zel gereksinimli bireyler ile aileleri kat\u0131ld\u0131. Ba\u015fkan Se\u00e7er, pandeminin uzunca bir s\u00fcre bu tarz bulu\u015fmalar\u0131 engelledi\u011finden bahsederek, geleneksel olarak \u00c7imsa ile ger\u00e7ekle\u015ftirdikleri da\u011f\u0131t\u0131m i\u00e7in bir arada olduklar\u0131n\u0131 s\u00f6yledi. \u00d6zel gereksinimli bireylerle bir arada olmaktan son derece mutlu oldu\u011funu dile getiren Ba\u015fkan Se\u00e7er, &#8220;Bu hafta \u00f6zel bireylerimizi ilgilendiren bir hafta. Ben engelli kavram\u0131n\u0131 pek kullanmak istemiyorum. Sizler bizler i\u00e7in \u00f6zel bireylersiniz. Bu bireylerimizin aileleri de Belediye olarak bizim i\u015f birli\u011fi yapmak zorunda oldu\u011fumuz ailelerimiz. Bu bir gereklilik de\u011fil bir zorunluluk. Sosyal devlet olman\u0131n, sosyal belediye olman\u0131n en \u00f6nemli unsurlar\u0131ndan bir tanesi de bu \u00f6zel yurtta\u015flar\u0131m\u0131z\u0131n her an\u0131nda yan\u0131nda olabilmek&#8221; dedi.<br \/>\nBa\u015fkan Se\u00e7er, sa\u011fl\u0131k alan\u0131nda ve \u00f6zel bireylere ayr\u0131 ayr\u0131 hizmet veren 2 ayr\u0131 daireyi Engelliler ve Sa\u011fl\u0131k Hizmetleri Dairesi Ba\u015fkanl\u0131\u011f\u0131 \u00e7at\u0131s\u0131 alt\u0131nda bir araya getirdiklerini anlatt\u0131. Se\u00e7er, &#8220;G\u00f6revde oldu\u011fumuz 3 y\u0131ll\u0131k s\u00fcre i\u00e7erisinde pandemi gibi bir\u00e7ok \u00e7al\u0131\u015fmam\u0131z\u0131 k\u0131s\u0131tlayan \u00e7ok \u00f6nemli bir s\u00fcrece ra\u011fmen b\u00fct\u00fcn olanaklar\u0131m\u0131z\u0131 en \u00fcst seviyede kullanarak, \u00f6zel bireylerimizin yan\u0131nda olduk&#8221; diye konu\u015ftu.<br \/>\n&#8220;Toplamda 180 ak\u00fcl\u00fc arac\u0131 sizlere da\u011f\u0131tm\u0131\u015f olaca\u011f\u0131z&#8221;<br \/>\nAk\u00fcl\u00fc sandalye da\u011f\u0131t\u0131m\u0131nda 60 arac\u0131 \u00f6zel bireylere vereceklerinden bahseden Se\u00e7er, &#8220;G\u00f6reve geldi\u011fimden bu yana \u00c7imsa&#8217;n\u0131n \u00e7ok de\u011ferli i\u015f birli\u011fi sayesinde 120 ak\u00fcl\u00fc arac\u0131 da\u011f\u0131tt\u0131k. Bug\u00fcn de 60 arac\u0131m\u0131z\u0131 da\u011f\u0131tm\u0131\u015f olaca\u011f\u0131z ve toplamda da 180 ak\u00fcl\u00fc arac\u0131 sizlere ula\u015ft\u0131rm\u0131\u015f olaca\u011f\u0131z. Ben bu vesileyle Fabrika M\u00fcd\u00fcr\u00fcm\u00fcz Mehmet Bey nezdinde t\u00fcm \u00c7imsa ailesine te\u015fekk\u00fcrlerimi iletmek istiyorum. Diliyorum bir\u00e7ok kuruma \u00f6rnek te\u015fkil eder; onlar da kazan\u00e7lar\u0131n\u0131n bir miktar\u0131n\u0131 sosyal sorumluluk anlay\u0131\u015f\u0131 ile vatanda\u015flar\u0131m\u0131z\u0131n farkl\u0131 ihtiya\u00e7lar\u0131n\u0131 kar\u015f\u0131lamak i\u00e7in bize sa\u011flarlar. Bu da g\u00fczel bir \u00f6rnek olur diye d\u00fc\u015f\u00fcn\u00fcyorum&#8221; ifadelerini kulland\u0131. Mersin&#8217;de 250 bin civar\u0131nda \u00f6zel bireyin bulundu\u011funu ve hepsinin kay\u0131t alt\u0131nda olmad\u0131\u011f\u0131n\u0131 ifade eden Ba\u015fkan Se\u00e7er, \u015funlar\u0131 s\u00f6yledi:<br \/>\n&#8220;Bizim kay\u0131t alt\u0131na alabildi\u011fimiz \u00f6zel birey say\u0131s\u0131 yakla\u015f\u0131k olarak 32 bin 500. Tam rakam olarak da 32 bin 550 diyelim. Biz bu bireylerimize sistemli bir \u015fekilde hizmet g\u00f6t\u00fcr\u00fcyoruz. \u00d6nem verdi\u011fimiz hizmetlerin ba\u015f\u0131nda Evde Bak\u0131m ve Sa\u011fl\u0131k, bu \u00e7ok de\u011ferli ve \u00f6nemli bir \u00e7al\u0131\u015fma. Sadece \u00f6zel bireylerimiz de\u011fil, ya\u015f alm\u0131\u015f yurtta\u015flar\u0131m\u0131z i\u00e7in de hem Mersin&#8217;in merkezinde hem di\u011fer b\u00fct\u00fcn il\u00e7elerde, Tarsus&#8217;tan Mut&#8217;a, \u00c7aml\u0131yayla&#8217;ya, Anamur&#8217;a kadar bu hizmeti sa\u011fl\u0131yoruz ve her ge\u00e7en g\u00fcn, her ge\u00e7en y\u0131l bu hizmete talep art\u0131yor. Bizim de yapt\u0131\u011f\u0131m\u0131z bu hizmetin ne kadar \u00f6nemli, de\u011ferli oldu\u011funu g\u00f6rmemizi sa\u011fl\u0131yor ve biz her ge\u00e7en y\u0131l da bu hizmeti art\u0131racak \u00f6nlemleri al\u0131yoruz. Eleman, personel ve ara\u00e7-gere\u00e7 say\u0131m\u0131z\u0131 art\u0131r\u0131yoruz.&#8221;<br \/>\n&#8220;G\u00f6revde kald\u0131\u011f\u0131m\u0131z s\u00fcrece Mersin&#8217;de sosyal belediyecilik anlay\u0131\u015f\u0131 daima a\u011f\u0131r basacak&#8221;<br \/>\nBir Belediye Ba\u015fkan\u0131 olarak sosyal projelere b\u00fcy\u00fck \u00f6nem verdi\u011fini s\u00f6zlerine ekleyen Ba\u015fkan Se\u00e7er, &#8220;Yol her zaman yap\u0131l\u0131r, bug\u00fcn yapamad\u0131k, yar\u0131n yapar\u0131z, gelecek ay yapar\u0131z. Alt yap\u0131 bir ay aksar, iki ay aksar yapar\u0131z ama insan\u0131n \u0131zd\u0131rap \u00e7ekti\u011fi bir saniyenin bile \u00e7ok b\u00fcy\u00fck bir de\u011feri var. E\u011fer bir y\u00f6netici olarak insan\u0131n \u00e7ekti\u011fi \u0131zd\u0131raba dokunam\u0131yorsan\u0131z, bunun verdi\u011fi vicdani sorumluluk benim ta\u015f\u0131yabilece\u011fim bir vicdani sorumluk de\u011fil. \u0130\u015fte bu bilin\u00e7le, ben bunu ta\u015f\u0131yamam, bu Allah kat\u0131nda da hukuk kat\u0131nda da vicdan kat\u0131nda da kabul edilebilir bir durum de\u011fil. Allah ak\u0131l vermi\u015f, fikir vermi\u015f, yasa vermi\u015f, b\u00fct\u00e7e vermi\u015f. \u00d6ncelikli olarak belediye ba\u015fkanlar\u0131n\u0131n halk\u0131n huzurlu, \u0131zd\u0131rap \u00e7ekmeden, a\u00e7 kalmadan, \u00fc\u015f\u00fcmeden, kimseye muhta\u00e7 olmadan ya\u015famas\u0131n\u0131 sa\u011flama g\u00f6revini bize yasalar vermi\u015f. Yani baz\u0131lar\u0131n\u0131n dedi\u011fi gibi belediyecilik betondan ibaret de\u011fil. Yol yapt\u0131k, beton yapt\u0131k, belediyecilik bu de\u011fil. Biz g\u00f6revde kald\u0131\u011f\u0131m\u0131z s\u00fcrece Mersin&#8217;de sosyal belediyecilik anlay\u0131\u015f\u0131 daima a\u011f\u0131r basacak. Yani biz \u00f6zel bireylerimizin, kad\u0131nlar\u0131m\u0131z\u0131n, \u00e7ocuklar\u0131m\u0131z\u0131n, ya\u015f alm\u0131\u015f yurtta\u015flar\u0131m\u0131z\u0131n, sokaktaki hayvan\u0131m\u0131z\u0131n, b\u00f6rt\u00fcn\u00fcn, b\u00f6ce\u011fin, \u00f6nce bu kesimlerin, dezavantajl\u0131 kesimlerin belediye ba\u015fkanl\u0131\u011f\u0131n\u0131 yapaca\u011f\u0131z, onlar\u0131n belediyesi olaca\u011f\u0131z.&#8221;<br \/>\n&#8220;Belediyeler kimsesizlerin kimsesi kurumlard\u0131r&#8221;<br \/>\nBug\u00fcne kadar \u00f6zel gereksinimli bireylere 740 adet medikal malzeme deste\u011fi yapt\u0131klar\u0131n\u0131 anlatan Ba\u015fkan Se\u00e7er, Mola Evleri hakk\u0131nda da konu\u015ftu. Mola Evlerinin say\u0131s\u0131n\u0131 ifade eden Ba\u015fkan Se\u00e7er, &#8220;Vatanda\u015f\u0131n \u00f6zel bir \u00e7ocu\u011fu var, bu kad\u0131nca\u011f\u0131z \u00e7ar\u015f\u0131ya \u00e7\u0131kacak, al\u0131\u015fveri\u015f yapacak ya da doktora gidecek ya da herhangi bir i\u015fi var. \u00c7ocu\u011funu b\u0131rakacak kimsesi yok. \u0130\u015fte zaten belediyeler de kimsesizlerin kimsesi kurumlard\u0131r. Bu durumlarda belediye onlar\u0131n kimsesi olsun diye bu hizmetleri art\u0131rarak bizim devam ettirmemiz gerekiyor&#8221; diye konu\u015ftu.<br \/>\n&#8220;\u00d6zel bireylerimize verdi\u011fimiz e\u011fitimler tamamen bilimin \u0131\u015f\u0131\u011f\u0131nda&#8221;<br \/>\nBa\u015fkan Se\u00e7er, Yeni\u015fehir&#8217;de bulunan Engelsiz Ya\u015fam Park\u0131&#8217;n\u0131n \u00f6zel bireyler i\u00e7in sa\u011flad\u0131\u011f\u0131 imkanlar\u0131 kat\u0131l\u0131mc\u0131larla payla\u015farak, burada bocceden dans salonuna kapal\u0131 y\u00fczme havuzuna kadar bir\u00e7ok hizmetin bulundu\u011funu kaydetti. Se\u00e7er, &#8220;Orada psikolo\u011fumuz, \u00f6zel e\u011fitim \u00f6\u011fretmenimiz, \u00e7ocuk geli\u015fim uzman\u0131m\u0131z var. Yani bu yap\u0131lan e\u011fitimler uzmanlar\u0131n eliyle yap\u0131l\u0131yor. \u00d6yle \u00e7alakalem, g\u00fcn\u00fc kurtarmak i\u00e7in &#8216;\u00e7ocuklar gelmi\u015f, orada burada dola\u015f\u0131n, ak\u015fam evlerine g\u00f6nderelim&#8217; de\u011fil. Bu \u00f6zel bireylerimize verdi\u011fimiz e\u011fitimler tamamen bilimin \u0131\u015f\u0131\u011f\u0131nda&#8221; dedi.<br \/>\n&#8220;Ben en zor g\u00f6revi yap\u0131yorum bu kentte; hep eskiyi tamir ederek&#8221;<br \/>\nBa\u015fkan Se\u00e7er, yeni yapt\u0131klar\u0131 yollar\u0131 ve kald\u0131r\u0131mlar\u0131 \u00f6zel bireylerin kullan\u0131m\u0131na uygun bir \u015fekilde yapt\u0131klar\u0131n\u0131 hat\u0131rlatarak, &#8220;Yollar, hissedilebilir kald\u0131r\u0131mlar, karolar ve fayanslarla d\u00f6\u015feniyor. Ya\u015fanabilir bir kent, engelsiz bir kent; s\u00f6ylemde g\u00fczel de uygulamada bu var m\u0131? Hadi eskiyi anlad\u0131k. Eski de zaten \u015f\u00f6yledir; hayat da b\u00f6yledir, yeniyi yapmak en kolay\u0131d\u0131r, eskiyi tamir etmek zordur. \u015eimdi ben en zor g\u00f6revi yap\u0131yorum bu kentte. Hep eskiyi tamir ederek. Zaten yeni yapt\u0131\u011f\u0131mda sorun yok. Yeni yapt\u0131\u011f\u0131n\u0131, modern, \u00e7a\u011fda\u015f, olmas\u0131 gerekti\u011fi \u015fekliyle, \u00e7almadan, \u00e7\u0131rpmadan yap\u0131yorsun. \u00c7ald\u0131rm\u0131yorsun da. Bunu hayk\u0131rarak s\u00f6yl\u00fcyorum. Alt\u0131n\u0131 \u00e7iziyorum. Kimsenin \u00e7almas\u0131na da m\u00fcsaade etmiyorsun. Arkan\u0131 d\u00f6nd\u00fc\u011f\u00fcn zaman; herkesin akl\u0131na belediye denince, devlet denince rant geliyor. Biz zaten oldu\u011fu gibi yap\u0131yoruz, olmas\u0131 gerekti\u011fi gibi. Yapmam\u0131\u015f m\u0131? &#8216;S\u00f6k karde\u015fim buray\u0131 tekrar olmas\u0131 gerekti\u011fi gibi yap&#8217; diyorum. Sizin paralar\u0131n\u0131z\u0131 koruyorum&#8221; ifadelerini kulland\u0131.<br \/>\nYeni al\u0131nan Sar\u0131 Limon otob\u00fcslerin \u00f6zel gereksinimli bireylerin kullan\u0131m\u0131na uygun oldu\u011funu yineleyen Ba\u015fkan Se\u00e7er, otob\u00fcs \u015fof\u00f6rlerinin de vatanda\u015flara nazik davranmas\u0131 gerekti\u011fini, bu ama\u00e7la otob\u00fcs \u015fof\u00f6rlerine e\u011fitim verildi\u011fini s\u00f6yledi. Se\u00e7er, &#8220;792 otob\u00fcs \u015fof\u00f6r\u00fcm\u00fcze e\u011fitim veriyoruz \u00f6zel bireylerimiz ile ilgili. Sosyolog, fizyoterapist, psikolog, bir de bir \u00f6zel bireyin velisi, bir aile efrad\u0131 bu e\u011fitimlere kat\u0131lacak. Bizim toplu ta\u015f\u0131mada bir \u00f6zel bireyin seyahat etmesi i\u00e7in bir adap olacak. Bunlar lafta olmuyor. Hepimize bir g\u00f6rev d\u00fc\u015f\u00fcyor. \u00d6zel bireylerimiz ayr\u0131cal\u0131kl\u0131 insanlar. Hem biz y\u00f6neticiler hem vatanda\u015flar bunu bilmek zorunda&#8221; dedi.<br \/>\nKal\u0131na\u011fa\u00e7: &#8220;Projeyi bu y\u0131l da ger\u00e7ekle\u015ftirmenin mutlulu\u011funu ya\u015f\u0131yoruz&#8221;<br \/>\n\u00c7imsa Mersin Fabrika M\u00fcd\u00fcr\u00fc Mehmet Emin Kal\u0131na\u011fa\u00e7, Engelliler Haftas\u0131 kapsam\u0131nda Mersin B\u00fcy\u00fck\u015fehir Belediyesi ve payda\u015flar\u0131n katk\u0131lar\u0131yla projeyi bu y\u0131l da ger\u00e7ekle\u015ftirmenin mutlulu\u011funu ya\u015fad\u0131klar\u0131n\u0131 belirterek, &#8220;Projemizi; engelli bireylerin sosyal ya\u015fama dahil olmalar\u0131 ve sosyal ya\u015famda kar\u015f\u0131la\u015ft\u0131klar\u0131 sorunlara dikkat \u00e7ekme hedefiyle ba\u015flatm\u0131\u015ft\u0131k. 2015 y\u0131l\u0131ndan beri 341 adet ak\u00fcl\u00fc sandalyeyi ihtiya\u00e7 sahibi bireylerimize ba\u011f\u0131\u015flad\u0131k. Bu say\u0131n\u0131n her y\u0131l katlanarak artmas\u0131n\u0131 ve ba\u015fka kurumlara da \u00f6rnek olarak desteklenen bir konu haline gelmesini can\u0131 g\u00f6n\u00fclden temenni ediyorum. De\u011ferli i\u015f birli\u011fi i\u00e7in Say\u0131n Mersin B\u00fcy\u00fck\u015fehir Belediye Ba\u015fkan\u0131m\u0131z Vahap Se\u00e7er&#8217;e, B\u00fcy\u00fck\u015fehir Belediyesi Engelliler ve Sa\u011fl\u0131k Hizmetleri Dairesi Ba\u015fkanl\u0131\u011f\u0131&#8217;na, yard\u0131mlar\u0131n\u0131 esirgemeyen ve daha \u00e7ok ki\u015fiye ula\u015fmam\u0131z\u0131 sa\u011flayan t\u00fcm payda\u015flar\u0131m\u0131za te\u015fekk\u00fcrlerimizi sunuyoruz&#8221; dedi.<br \/>\n&#8220;Ayaklar\u0131m\u0131z\u0131 ve ayakkab\u0131lar\u0131m\u0131z\u0131 yeniledi&#8221;<br \/>\nT\u00f6rende sandalyesini teslim alan \u00f6zel bireylerden Z\u00fcbeyde Ta\u015f, &#8220;\u00d6ncelikle B\u00fcy\u00fck\u015fehir Belediye Ba\u015fkan\u0131m\u0131z Vahap Se\u00e7er&#8217;e \u00e7ok te\u015fekk\u00fcr ediyoruz bu duyarl\u0131l\u0131\u011f\u0131 i\u00e7in. Ayaklar\u0131m\u0131z oldu, ayakkab\u0131lar\u0131m\u0131z\u0131 yeniledi&#8221; dedi.  K\u00fcbra Tun\u00e7 da &#8220;Bizim gibi ayaklar\u0131 erkenden emekli olmu\u015f insanlara bu t\u00fcr yard\u0131mlar yapt\u0131klar\u0131 i\u00e7in ger\u00e7ekten can\u0131 y\u00fcrekten te\u015fekk\u00fcr ediyorum. Ben sonradan engelli olmu\u015f biri olarak hayat\u0131n ne kadar zor oldu\u011funu daha \u00f6nce belki bu kadar engelliler ad\u0131na bilmiyordum, sonradan \u00f6\u011frendim. Ger\u00e7ekten Allah kimseyi bu duruma d\u00fc\u015f\u00fcrmesin. D\u00fc\u015f\u00fcrm\u00fc\u015fse de b\u00f6yle yard\u0131mc\u0131 olan insanlardan Allah \u00e7ok raz\u0131 olsun&#8221; diye konu\u015ftu. \u00d6zel bireylerden Ramazan Karaku\u015f da Ba\u015fkan Se\u00e7er&#8217;e ve eme\u011fi ge\u00e7enlere te\u015fekk\u00fcrlerini iletti.<\/p>\n","protected":false},"excerpt":{"rendered":"<p>Mersin B\u00fcy\u00fck\u015fehir Belediyesi ve \u00c7imsa i\u015f birli\u011fi ile geleneksel hale getirilen &#8216;Ak\u00fcl\u00fc Sandalye Da\u011f\u0131t\u0131m T\u00f6reni&#8217; ger\u00e7ekle\u015ftirildi. Sosyal sorumluluk projesi olarak y\u00fcr\u00fct\u00fclen projede bu y\u0131l 60 ak\u00fcl\u00fc ara\u00e7 daha \u00f6zel gereksinimli &hellip; <a href=\"https:\/\/akdenizolaygazetesi.com\/?p=18594\" class=\"more-link\">Devam\u0131n\u0131 Oku&#8230;<\/a><\/p>\n","protected":false},"author":2,"featured_media":18595,"comment_status":"open","ping_status":"open","sticky":false,"template":"","format":"standard","meta":[],"categories":[7,34,1,2,3],"tags":[],"_links":{"self":[{"href":"https:\/\/akdenizolaygazetesi.com\/index.php?rest_route=\/wp\/v2\/posts\/18594"}],"collection":[{"href":"https:\/\/akdenizolaygazetesi.com\/index.php?rest_route=\/wp\/v2\/posts"}],"about":[{"href":"https:\/\/akdenizolaygazetesi.com\/index.php?rest_route=\/wp\/v2\/types\/post"}],"author":[{"embeddable":true,"href":"https:\/\/akdenizolaygazetesi.com\/index.php?rest_route=\/wp\/v2\/users\/2"}],"replies":[{"embeddable":true,"href":"https:\/\/akdenizolaygazetesi.com\/index.php?rest_route=%2Fwp%2Fv2%2Fcomments&post=18594"}],"version-history":[{"count":1,"href":"https:\/\/akdenizolaygazetesi.com\/index.php?rest_route=\/wp\/v2\/posts\/18594\/revisions"}],"predecessor-version":[{"id":18596,"href":"https:\/\/akdenizolaygazetesi.com\/index.php?rest_route=\/wp\/v2\/posts\/18594\/revisions\/18596"}],"wp:featuredmedia":[{"embeddable":true,"href":"https:\/\/akdenizolaygazetesi.com\/index.php?rest_route=\/wp\/v2\/media\/18595"}],"wp:attachment":[{"href":"https:\/\/akdenizolaygazetesi.com\/index.php?rest_route=%2Fwp%2Fv2%2Fmedia&parent=18594"}],"wp:term":[{"taxonomy":"category","embeddable":true,"href":"https:\/\/akdenizolaygazetesi.com\/index.php?rest_route=%2Fwp%2Fv2%2Fcategories&post=18594"},{"taxonomy":"post_tag","embeddable":true,"href":"https:\/\/akdenizolaygazetesi.com\/index.php?rest_route=%2Fwp%2Fv2%2Ftags&post=18594"}],"curies":[{"name":"wp","href":"https:\/\/api.w.org\/{rel}","templated":true}]}}