{"id":1860,"date":"2020-11-04T18:22:24","date_gmt":"2020-11-04T15:22:24","guid":{"rendered":"http:\/\/mersinekonomipolitikagazetesi.com\/?p=1860"},"modified":"2020-11-04T18:22:24","modified_gmt":"2020-11-04T15:22:24","slug":"velilere-bilgilendirme-etkinligi","status":"publish","type":"post","link":"https:\/\/akdenizolaygazetesi.com\/?p=1860","title":{"rendered":"VEL\u0130LERE B\u0130LG\u0130LEND\u0130RME ETK\u0130NL\u0130\u011e\u0130"},"content":{"rendered":"<p>Bakanl\u0131k taraf\u0131ndan t\u00fcm meslek liselerinde yap\u0131lmas\u0131 istenilen \u2018Meslek Liseliler Ailelerle Bulu\u015fuyor\u2019 etkinli\u011fi, Mersin Sabiha \u00c7ift\u00e7i Mesleki ve Teknik Anadolu Lisesi \u00c7ocuk Geli\u015fimi B\u00f6l\u00fcm\u00fc \u00d6zel E\u011fitim Dal\u0131 \u00f6\u011frencileri ve \u00f6\u011fretmenleri Ecmel T\u00fct\u00fcnc\u00fc, Yasemin Kurtulu\u015f taraf\u0131ndan d\u00fczenledi.<\/p>\n<blockquote type=\"cite\">\n<div dir=\"ltr\">\n<p><span style=\"font-size:16px;\">Mersin Sabiha \u00c7ift\u00e7i Mesleki ve Teknik Anadolu Lisesi Konferans\u0131nda d\u00fczenlenen \u2018Meslek Liseliler Ailelerle Bulu\u015fuyor\u2019 etkinli\u011fi kapsam\u0131nda \u2018Ergen ve \u0130leti\u015fim\u2019 tema ile velileri bilgilendirmek ad\u0131na sunum yap\u0131ld\u0131.<\/span><\/p>\n<p><span style=\"font-size:16px;\">Yap\u0131lan sunuma okul m\u00fcd\u00fcr\u00fc, etkinli\u011fe rehberlik eden \u00f6\u011fretmen Ecmel T\u00fct\u00fcnc\u00fc, Yasemin Kurtulu\u015f, veliler ve bir\u00e7ok \u00f6\u011frenci kat\u0131ld\u0131.<\/span><\/p>\n<p><span style=\"font-size:16px;\">\u2018Ergen ve \u0130leti\u015fim\u2019 konulu projede konferans\u0131nda \u2018\u0130leti\u015fim Engelleri, Aktif- Etkin Dinlenme, Empati, Sen ve Ben Dili\u2019 slayt g\u00f6sterileriyle \u00f6\u011frenciler\u00a0sunumunu\u00a0ger\u00e7ekle\u015ftirdi. Projede slayt konular\u0131n\u0131 teorik bir \u015fekilde anlat\u0131rken ailelerin daha iyi anlamas\u0131 ad\u0131na g\u00f6rsel bir \u015fekilde \u00f6\u011frenciler k\u00fc\u00e7\u00fck g\u00f6steri drama ske\u00e7leri yapt\u0131.<\/span><\/p>\n<p><span style=\"font-size:16px;\">Slayt sunumlar\u0131n\u0131 ger\u00e7ekle\u015ftiren \u00f6\u011frenciler konularla ilgili konferans salondaki velilere soru y\u00f6nelterek slayt konusunda velilerin konu ile ilgili bilgilerini \u00f6l\u00e7t\u00fc.<\/span><\/p>\n<p>\u00a0<\/p>\n<p><span style=\"font-size:16px;\">\u00a0\u201c\u00d6\u011eRENC\u0130LER\u0130M\u0130Z \u00c7OK BA\u015eARILI B\u0130R SONU\u00c7 \u00c7IKARDILAR\u201d<\/span><\/p>\n<p>\u00a0<\/p>\n<p><span style=\"font-size:16px;\">Proje sunumu ve ske\u00e7lerden sonra etkinli\u011fe rehberlik eden \u00f6\u011fretmen Ecmel T\u00fct\u00fcnc\u00fc \u015funlar\u0131 s\u00f6yledi: \u201cErgenlik d\u00f6nemi zor bir d\u00f6nem, \u00e7\u00fcnk\u00fc bedenleri de\u011fi\u015fiyor, duygular\u0131 de\u011fi\u015fiyor. \u00c7ocukluktan yeti\u015fkinli\u011fe ge\u00e7erken ara s\u00fcre\u00e7 hem \u00e7ocuklar\u0131n hayat\u0131 hem onlarla ilgilenen b\u00fcy\u00fckleri ba\u015fta anne babalar\u0131n hayat\u0131nda zor bir d\u00f6nemdir. O y\u00fczden bu konu \u00e7ok \u00f6nemli. Biz bu konuda ergen \u00e7ocu\u011fuyla do\u011fru ileti\u015fim kurabilmesi i\u00e7in daha \u00e7ok veliye ula\u015fmak istiyoruz. Bizde lisede \u00e7al\u0131\u015ft\u0131\u011f\u0131m\u0131z her okulda ergen \u00e7ocuklarla birebir ileti\u015fimde oldu\u011fumuz i\u00e7in \u00f6zellikle bu konuyu se\u00e7tik. \u00d6\u011frencilerimiz \u00e7ok g\u00fczel haz\u0131rland\u0131lar. Hani biz rehberlik yapt\u0131k ama onlarda \u00e7ok iyi ara\u015ft\u0131rd\u0131lar. \u00c7ok hevesliydiler kendi hayatlar\u0131n\u0131 kendi ya\u015fant\u0131lar\u0131n\u0131 konun merkezinde olmas\u0131 onlar\u0131 daha \u015fevkle \u00e7al\u0131\u015ft\u0131rd\u0131. \u00c7ok ba\u015far\u0131l\u0131 bir sonu\u00e7 \u00e7\u0131kard\u0131lar. Ve biz daha \u00e7ok veliye sadece bu okulda de\u011fil di\u011fer okullardaki b\u00f6lgedeki ergen \u00e7ocu\u011fu olan di\u011fer anne babalara da ula\u015fmak istiyoruz.\u201d<\/span><\/p>\n<p>\u00a0<\/p>\n<p><span style=\"font-size:16px;\">\u201c\u00c7OK \u00c7ABA SARF ETT\u0130K\u201d<\/span><\/p>\n<p>\u00a0<\/p>\n<p><span style=\"font-size:16px;\">Proje sunumu ger\u00e7ekle\u015ftiren bir \u00f6\u011frenci ise \u015fu c\u00fcmleleri kulland\u0131: \u201cBu proje i\u00e7in \u00e7ok emek verdik. \u00c7ok \u00e7aba sarf ettik. Ayr\u0131ca gurup olarak zaten hevesliydik. Yaln\u0131z \u015funu belirtmek istiyorum. Bizde \u00f6nem vermeye \u00e7al\u0131\u015f\u0131yoruz. \u00d6\u011fretmenizin dedi\u011fi gibi daha \u00e7ok veliye ula\u015f\u0131p fark\u0131na vard\u0131rmak istiyoruz. Ad\u0131m ad\u0131m bug\u00fcn \u2018Ergen ve \u0130leti\u015fim\u2019 konusu, yar\u0131n ba\u015fka konularla ilerletmek istiyoruz.\u201d<\/span><\/p>\n<\/div>\n<\/blockquote>\n","protected":false},"excerpt":{"rendered":"<p>Bakanl\u0131k taraf\u0131ndan t\u00fcm meslek liselerinde yap\u0131lmas\u0131 istenilen \u2018Meslek Liseliler Ailelerle Bulu\u015fuyor\u2019 etkinli\u011fi, Mersin Sabiha \u00c7ift\u00e7i Mesleki ve Teknik Anadolu Lisesi \u00c7ocuk Geli\u015fimi B\u00f6l\u00fcm\u00fc \u00d6zel E\u011fitim Dal\u0131 \u00f6\u011frencileri ve \u00f6\u011fretmenleri Ecmel &hellip; <a href=\"https:\/\/akdenizolaygazetesi.com\/?p=1860\" class=\"more-link\">Devam\u0131n\u0131 Oku&#8230;<\/a><\/p>\n","protected":false},"author":1,"featured_media":0,"comment_status":"open","ping_status":"open","sticky":false,"template":"","format":"standard","meta":[],"categories":[],"tags":[],"_links":{"self":[{"href":"https:\/\/akdenizolaygazetesi.com\/index.php?rest_route=\/wp\/v2\/posts\/1860"}],"collection":[{"href":"https:\/\/akdenizolaygazetesi.com\/index.php?rest_route=\/wp\/v2\/posts"}],"about":[{"href":"https:\/\/akdenizolaygazetesi.com\/index.php?rest_route=\/wp\/v2\/types\/post"}],"author":[{"embeddable":true,"href":"https:\/\/akdenizolaygazetesi.com\/index.php?rest_route=\/wp\/v2\/users\/1"}],"replies":[{"embeddable":true,"href":"https:\/\/akdenizolaygazetesi.com\/index.php?rest_route=%2Fwp%2Fv2%2Fcomments&post=1860"}],"version-history":[{"count":0,"href":"https:\/\/akdenizolaygazetesi.com\/index.php?rest_route=\/wp\/v2\/posts\/1860\/revisions"}],"wp:attachment":[{"href":"https:\/\/akdenizolaygazetesi.com\/index.php?rest_route=%2Fwp%2Fv2%2Fmedia&parent=1860"}],"wp:term":[{"taxonomy":"category","embeddable":true,"href":"https:\/\/akdenizolaygazetesi.com\/index.php?rest_route=%2Fwp%2Fv2%2Fcategories&post=1860"},{"taxonomy":"post_tag","embeddable":true,"href":"https:\/\/akdenizolaygazetesi.com\/index.php?rest_route=%2Fwp%2Fv2%2Ftags&post=1860"}],"curies":[{"name":"wp","href":"https:\/\/api.w.org\/{rel}","templated":true}]}}