{"id":18603,"date":"2022-05-12T12:29:44","date_gmt":"2022-05-12T09:29:44","guid":{"rendered":"http:\/\/akdenizolaygazetesi.com\/?p=18603"},"modified":"2022-05-12T12:29:44","modified_gmt":"2022-05-12T09:29:44","slug":"mersin-dob-kukla-opera-uyarlamasiyla-madama-butterfly-operasini-yeniden-izleyici-ile-bulusturacak","status":"publish","type":"post","link":"https:\/\/akdenizolaygazetesi.com\/?p=18603","title":{"rendered":"Mersin DOB Kukla Opera uyarlamas\u0131yla \u201cMadama Butterfly\u201d operas\u0131n\u0131 yeniden izleyici ile bulu\u015fturacak"},"content":{"rendered":"<p>Mersin DOB, Giacomo Puccini\u2019nin Uzakdo\u011fu motifleri ile s\u00fcsledi\u011fi d\u00fcnyaca \u00fcnl\u00fc \u201cMadama Butterfly\u201d operas\u0131n\u0131, \u201ckukla opera\u201d versiyonu ile yeniden sahneye ta\u015f\u0131yor. \u00d6nceki g\u00f6sterimlerinde b\u00fcy\u00fck ses getiren ve izleyici taraf\u0131ndan \u00e7ok be\u011fenilen \u201cMadama Butterfly\u201d 14 May\u0131s 2022 Cumartesi 20:00\u2019da Opera Sahnesi\u2019nde izleyiciler ile yeniden bulu\u015facak.<br \/>\nJaponya\u2019n\u0131n Nagasaki kentinde ya\u015fayan gen\u00e7 bir gey\u015fan\u0131n hayat\u0131n\u0131 konu alan eser, 2 perde olarak  sahnelenecek.<br \/>\nEserde yer alacak karakter ve koronun kullanaca\u011f\u0131 40 adet kuklan\u0131n  projesi ayn\u0131 zamanda Rejis\u00f6r\u00fc olan Melih \u00d6zt\u00fcrk\u2019e ait. Koreografisi ise Berna Turhan \u0130leri\u2019nin.  Orkestra \u015eefi Tulio Gagliardo Varas, Koro \u015eefi ise An\u0131l Ayd\u0131n. Anlat\u0131c\u0131l\u0131\u011f\u0131n\u0131 Yusuf Ziya B\u00fcy\u00fckaslan\u2019\u0131n yapaca\u011f\u0131 eserin dekor tasar\u0131m\u0131n\u0131 \u00d6zlem Topuz, kukla tasar\u0131m ve kost\u00fcm\u00fcn\u00fc Hatice Kapt\u0131, \u0131\u015f\u0131k tasar\u0131m\u0131n\u0131 Tar\u0131 Deniz, Video Projeksiyonu Umut Sinan \u00d6zdemir ve kukla teknik \u00e7\u00f6z\u00fcmlemesini Alper G\u00fcneri \u00fcstleniyor.<br \/>\nOynat\u0131c\u0131n\u0131n v\u00fccudunun \u00f6n taraf\u0131na monte edilen, oynat\u0131c\u0131 ile birlikte hareket eden b\u00fcy\u00fck boy kuklalar ile ger\u00e7ekle\u015ftirilecek olan kukla opera T\u00fcrkiye ve d\u00fcnyada bu tip kukla tekni\u011fi ve t\u00fcm karakter ve koronun kukla olmas\u0131 ile bir ilk. Mersin DOB, orkestras\u0131, korosu ve bale sanat\u00e7\u0131lar\u0131 ile birlikte uzun s\u00fcre ak\u0131llardan \u00e7\u0131kmayacak bir g\u00f6rsel \u015fov ya\u015fatacak<\/p>\n","protected":false},"excerpt":{"rendered":"<p>Mersin DOB, Giacomo Puccini\u2019nin Uzakdo\u011fu motifleri ile s\u00fcsledi\u011fi d\u00fcnyaca \u00fcnl\u00fc \u201cMadama Butterfly\u201d operas\u0131n\u0131, \u201ckukla opera\u201d versiyonu ile yeniden sahneye ta\u015f\u0131yor. \u00d6nceki g\u00f6sterimlerinde b\u00fcy\u00fck ses getiren ve izleyici taraf\u0131ndan \u00e7ok be\u011fenilen &hellip; <a href=\"https:\/\/akdenizolaygazetesi.com\/?p=18603\" class=\"more-link\">Devam\u0131n\u0131 Oku&#8230;<\/a><\/p>\n","protected":false},"author":2,"featured_media":18604,"comment_status":"open","ping_status":"open","sticky":false,"template":"","format":"standard","meta":[],"categories":[1],"tags":[],"_links":{"self":[{"href":"https:\/\/akdenizolaygazetesi.com\/index.php?rest_route=\/wp\/v2\/posts\/18603"}],"collection":[{"href":"https:\/\/akdenizolaygazetesi.com\/index.php?rest_route=\/wp\/v2\/posts"}],"about":[{"href":"https:\/\/akdenizolaygazetesi.com\/index.php?rest_route=\/wp\/v2\/types\/post"}],"author":[{"embeddable":true,"href":"https:\/\/akdenizolaygazetesi.com\/index.php?rest_route=\/wp\/v2\/users\/2"}],"replies":[{"embeddable":true,"href":"https:\/\/akdenizolaygazetesi.com\/index.php?rest_route=%2Fwp%2Fv2%2Fcomments&post=18603"}],"version-history":[{"count":1,"href":"https:\/\/akdenizolaygazetesi.com\/index.php?rest_route=\/wp\/v2\/posts\/18603\/revisions"}],"predecessor-version":[{"id":18605,"href":"https:\/\/akdenizolaygazetesi.com\/index.php?rest_route=\/wp\/v2\/posts\/18603\/revisions\/18605"}],"wp:featuredmedia":[{"embeddable":true,"href":"https:\/\/akdenizolaygazetesi.com\/index.php?rest_route=\/wp\/v2\/media\/18604"}],"wp:attachment":[{"href":"https:\/\/akdenizolaygazetesi.com\/index.php?rest_route=%2Fwp%2Fv2%2Fmedia&parent=18603"}],"wp:term":[{"taxonomy":"category","embeddable":true,"href":"https:\/\/akdenizolaygazetesi.com\/index.php?rest_route=%2Fwp%2Fv2%2Fcategories&post=18603"},{"taxonomy":"post_tag","embeddable":true,"href":"https:\/\/akdenizolaygazetesi.com\/index.php?rest_route=%2Fwp%2Fv2%2Ftags&post=18603"}],"curies":[{"name":"wp","href":"https:\/\/api.w.org\/{rel}","templated":true}]}}