{"id":1861,"date":"2020-11-04T18:22:24","date_gmt":"2020-11-04T15:22:24","guid":{"rendered":"http:\/\/mersinekonomipolitikagazetesi.com\/?p=1861"},"modified":"2020-11-04T18:22:24","modified_gmt":"2020-11-04T15:22:24","slug":"afrikaya-acilan-kapi-mali","status":"publish","type":"post","link":"https:\/\/akdenizolaygazetesi.com\/?p=1861","title":{"rendered":"AFR\u0130KA\u2019YA A\u00c7ILAN KAPI: MAL\u0130"},"content":{"rendered":"<p>Mali S\u0131nai ve Kalk\u0131nma Bakanl\u0131\u011f\u0131 taraf\u0131ndan, bu y\u0131l ilk kez 19-21 Nisan 2018 tarihleri aras\u0131nda Bamako\/Mali\u2019de d\u00fczenlenen \u201cMali Uluslararas\u0131 Sanayi Fuar\u0131\u201dna T\u00fcrkiye onur konu\u011fu olarak kat\u0131ld\u0131.<\/p>\n<p><span style=\"font-size:16px;\">Gerek Mali gerekse Afrika\u2019da yer alan Mali\u2019ye kom\u015fu \u00fclkelerle \u00fcst d\u00fczey ziyaretlerle geli\u015fmekte olan ili\u015fkilerimiz, Mali Cumhurba\u015fkan\u0131 \u0130brahim Boubacar Keita\u2019n\u0131n ev sahipli\u011finde G\u00fcmr\u00fck ve Ticaret Bakan\u0131 B\u00fclent T\u00fcfenk\u00e7i ve beraberindeki heyetin ticari anlamda b\u00fcy\u00fck \u00f6nem arz eden s\u00f6z konusu fuara kat\u0131l\u0131m\u0131yla daha da per\u00e7inlendi.<\/span><\/p>\n<p>\u00a0<\/p>\n<p><span style=\"font-size:16px;\">Fuar\u0131n a\u00e7\u0131l\u0131\u015f\u0131nda konu\u015fma yapan G\u00fcmr\u00fck ve Ticaret Bakan\u0131 B\u00fclent T\u00fcfenkci, fuar\u0131n onur konu\u011fu olarak davet edilmekten duydu\u011fu memnuniyeti dile getirerek, fuar\u0131n Mali\u2019nin kalk\u0131nmas\u0131na katk\u0131 sa\u011flayaca\u011f\u0131n\u0131, T\u00fcrkiye ve Mali aras\u0131ndaki ili\u015fkilerin geli\u015ftirilmesine y\u00f6nelik \u00f6nemli bir f\u0131rsat oldu\u011funu kaydetti. T\u00fcrkiye\u2019nin Afrika stratejisine de\u011finen\u00a0Bakan T\u00fcfenkci, \u201cAfrika k\u0131tas\u0131nda ya\u015fayan halklar\u0131n refah\u0131n\u0131n y\u00fckselmesi ve ya\u015fam \u015fartlar\u0131n\u0131n iyile\u015fmesi i\u00e7in T\u00fcrkiye\u2019nin ad\u0131mlar att\u0131\u011f\u0131n\u0131 vurgulayarak, \u00fclkeler aras\u0131nda ziyaretler ve\u00a0<span style=\"line-height: 1.6em;\">turizmle halklar aras\u0131ndaki ili\u015fkilerin de artmas\u0131n\u0131n arzu edildi\u011fini s\u00f6yledi.<\/span><\/span><\/p>\n<p>\u00a0<\/p>\n<p><span style=\"font-size:16px;\">-2017\u2019de Mali\u2019ye ihracat\u0131m\u0131z 52,2 milyon dolar, ithalat\u0131m\u0131z 29,9 milyon dolar olarak ger\u00e7ekle\u015fti<\/span><\/p>\n<p>\u00a0<\/p>\n<p><span style=\"font-size:16px;\">T\u00fcrkiye Mali aras\u0131nda ticari ili\u015fkilere de de\u011finen\u00a0Bakan T\u00fcfenkci, 2003 ve 2017 y\u0131llar\u0131 aras\u0131nda yap\u0131lan ticaret hacmine ili\u015fkin de\u011ferlendirmelerde bulunarak, \u201cT\u00fcrkiye ve Mali aras\u0131ndaki ticaret hacmi, 2003 y\u0131l\u0131nda 5 milyon dolar civar\u0131nda iken 2017 y\u0131l\u0131nda 82,2 milyon dolara y\u00fckseldi. 2017 y\u0131l\u0131 sonu itibariyle ihracat\u0131m\u0131z 52,2 milyon dolar, ithalat\u0131m\u0131z ise 29,9 milyon dolar olarak ger\u00e7ekle\u015fti. \u0130ki \u00fclke aras\u0131nda ihracat ve ithalat\u0131n giderek daha dengeli bir \u015fekilde gitmesinden memnuniyet duyuyoruz. Say\u0131n Cumhurba\u015fkan\u0131m\u0131z ikili ticaret hacmimizin orta vadede 100, uzun vadede 500 milyon dolara \u00e7\u0131kar\u0131lmas\u0131n\u0131\u00a0<span style=\"line-height: 1.6em;\">hedeflemi\u015flerdi. Fuar\u0131n ve T\u00fcrkiye-Mali \u0130\u015f Konseyi\u2019nin iki \u00fclke aras\u0131nda yo\u011fun \u00e7al\u0131\u015fmalarda bulunma ve i\u015fbirli\u011fini geli\u015ftirme ad\u0131na vesile olmas\u0131n\u0131 diliyorum\u201d dedi.<\/span><\/span><\/p>\n<p>\u00a0<\/p>\n<p><span style=\"font-size:16px;\">&#8211; Bakan T\u00fcfenkci\u2019den i\u015f adamlar\u0131na Mali\u2019ye s\u0131k gitme \u00e7a\u011fr\u0131s\u0131<\/span><\/p>\n<p>\u00a0<\/p>\n<p><span style=\"font-size:16px;\">Bakan T\u00fcfenkci, i\u015f adamlar\u0131na da bu konuda b\u00fcy\u00fck g\u00f6revler d\u00fc\u015ft\u00fc\u011f\u00fcn\u00fcn de alt\u0131n\u0131 \u00e7izerek, iki \u00fclke aras\u0131nda do\u011frudan u\u00e7u\u015flar oldu\u011funu, 2016 y\u0131l\u0131 itibariyle haftada 6 u\u00e7u\u015fun ger\u00e7ekle\u015fti\u011fini ve i\u015f adamlar\u0131n\u0131n bunu f\u0131rsata d\u00f6n\u00fc\u015ft\u00fcrerek s\u0131k temaslarda bulunmas\u0131n\u0131, g\u00fc\u00e7l\u00fc ortakl\u0131klar kurulmaya ba\u015flanmas\u0131n\u0131 istedi.<\/span><\/p>\n","protected":false},"excerpt":{"rendered":"<p>Mali S\u0131nai ve Kalk\u0131nma Bakanl\u0131\u011f\u0131 taraf\u0131ndan, bu y\u0131l ilk kez 19-21 Nisan 2018 tarihleri aras\u0131nda Bamako\/Mali\u2019de d\u00fczenlenen \u201cMali Uluslararas\u0131 Sanayi Fuar\u0131\u201dna T\u00fcrkiye onur konu\u011fu olarak kat\u0131ld\u0131. Gerek Mali gerekse Afrika\u2019da &hellip; <a href=\"https:\/\/akdenizolaygazetesi.com\/?p=1861\" class=\"more-link\">Devam\u0131n\u0131 Oku&#8230;<\/a><\/p>\n","protected":false},"author":1,"featured_media":0,"comment_status":"open","ping_status":"open","sticky":false,"template":"","format":"standard","meta":[],"categories":[],"tags":[],"_links":{"self":[{"href":"https:\/\/akdenizolaygazetesi.com\/index.php?rest_route=\/wp\/v2\/posts\/1861"}],"collection":[{"href":"https:\/\/akdenizolaygazetesi.com\/index.php?rest_route=\/wp\/v2\/posts"}],"about":[{"href":"https:\/\/akdenizolaygazetesi.com\/index.php?rest_route=\/wp\/v2\/types\/post"}],"author":[{"embeddable":true,"href":"https:\/\/akdenizolaygazetesi.com\/index.php?rest_route=\/wp\/v2\/users\/1"}],"replies":[{"embeddable":true,"href":"https:\/\/akdenizolaygazetesi.com\/index.php?rest_route=%2Fwp%2Fv2%2Fcomments&post=1861"}],"version-history":[{"count":0,"href":"https:\/\/akdenizolaygazetesi.com\/index.php?rest_route=\/wp\/v2\/posts\/1861\/revisions"}],"wp:attachment":[{"href":"https:\/\/akdenizolaygazetesi.com\/index.php?rest_route=%2Fwp%2Fv2%2Fmedia&parent=1861"}],"wp:term":[{"taxonomy":"category","embeddable":true,"href":"https:\/\/akdenizolaygazetesi.com\/index.php?rest_route=%2Fwp%2Fv2%2Fcategories&post=1861"},{"taxonomy":"post_tag","embeddable":true,"href":"https:\/\/akdenizolaygazetesi.com\/index.php?rest_route=%2Fwp%2Fv2%2Ftags&post=1861"}],"curies":[{"name":"wp","href":"https:\/\/api.w.org\/{rel}","templated":true}]}}