{"id":1862,"date":"2020-11-04T18:22:24","date_gmt":"2020-11-04T15:22:24","guid":{"rendered":"http:\/\/mersinekonomipolitikagazetesi.com\/?p=1862"},"modified":"2020-11-04T18:22:24","modified_gmt":"2020-11-04T15:22:24","slug":"halk-ekmek-fabrikasi-cesit-sayisini-artirdi","status":"publish","type":"post","link":"https:\/\/akdenizolaygazetesi.com\/?p=1862","title":{"rendered":"Halk Ekmek Fabrikas\u0131, \u00e7e\u015fit say\u0131s\u0131n\u0131 art\u0131rd\u0131"},"content":{"rendered":"<p>Mersin B\u00fcy\u00fck\u015fehir Belediye Ba\u015fkan\u0131 Burhanettin Kocamaz, at\u0131l durumdaki Halk Ekmek Fabrikas\u0131n\u0131 aktif hale getirdiklerini belirterek, \u00e7e\u015fitlerin ve hizmet kalitesinin her ge\u00e7en g\u00fcn artt\u0131\u011f\u0131n\u0131 s\u00f6yledi.<\/p>\n<p><span style=\"font-size:16px;\"><span style=\"font-family: sans-serif; line-height: 20px; text-align: justify; background-color: rgb(242, 244, 245);\">Mersin B\u00fcy\u00fck\u015fehir Belediyesi Halk Ekmek Fabrikas\u0131, \u00fcr\u00fcn \u00e7e\u015fitlili\u011fini art\u0131rarak, g\u00fcnde 38 bin ekmek \u00fcretimi ve merkez il\u00e7elerde bulunan 54 ekmek b\u00fcfesiyle vatanda\u015flara hizmet veriyor. Mersin B\u00fcy\u00fck\u015fehir Belediyesi taraf\u0131ndan 2004 y\u0131l\u0131nda hizmete giren fakat ge\u00e7mi\u015f d\u00f6nem belediye y\u00f6netimlerinde at\u0131l duruma d\u00fc\u015ft\u00fc. Mersin B\u00fcy\u00fck\u015fehir Blediyesi taraf\u0131ndan gerekli teknik altyap\u0131n\u0131n haz\u0131rlanmas\u0131n\u0131n ard\u0131ndan 2016 y\u0131l\u0131nda yeniden hizmete a\u00e7\u0131larak d\u00fczenli \u00fcretime ge\u00e7en fabrikada, g\u00fcnde 38 bin civar\u0131nda ekmek \u00fcretimi yap\u0131ld\u0131\u011f\u0131 ve merkez il\u00e7elerde bulunan 54 ekmek b\u00fcfesi ile vatanda\u015fa ula\u015ft\u0131r\u0131ld\u0131\u011f\u0131 bildirildi. Ekmek \u00e7e\u015fit say\u0131s\u0131n\u0131 da art\u0131ran Mersin B\u00fcy\u00fck\u015fehir Belediye Ekmek Fabrikas\u0131, somun, kepek, \u00e7avdar, tam bu\u011fday, roll, kepekli roll, sandvi\u00e7, galeta unu ve dilimlenmi\u015f k\u0131t\u0131r olmak \u00fczere toplam 9 \u00e7e\u015fit ekmek t\u00fcr\u00fc \u00fcretilerek hizmet vermeye devam ediyor.\u00a0<\/span><br style=\"box-sizing: border-box; font-family: sans-serif; font-size: 14px; line-height: 20px; text-align: justify; background-color: rgb(242, 244, 245);\" \/><br \/>\n<span style=\"font-family: sans-serif; line-height: 20px; text-align: justify; background-color: rgb(242, 244, 245);\">Konuyla ilgili a\u00e7\u0131klamalarda bulunan B\u00fcy\u00fck\u015fehir Belediye Ba\u015fkan\u0131 Burhanettin Kocamaz, &#8220;At\u0131l durumdaki fabrikay\u0131 tekrar a\u00e7arak vatanda\u015flar\u0131m\u0131z\u0131n hizmetine sunduk ve her g\u00fcn hizmet kalitemiz art\u0131yor. Biz Mersinlilere hizmet etmek i\u00e7in g\u00f6reve geldik ve bu konudaki kararl\u0131l\u0131\u011f\u0131m\u0131z vatanda\u015f\u0131n sofras\u0131na ula\u015ft\u0131rd\u0131\u011f\u0131m\u0131z ekmek konusunda da devam edecektir. M\u00fcbarek Ramazan ay\u0131 da yakla\u015f\u0131yor. Halk ekmek fabrikam\u0131z her Ramazan oldu\u011fu gibi bu Ramazan da Ramazan pidesi \u00fcretimini ger\u00e7ekle\u015ftirecek ve halk\u0131m\u0131za ula\u015ft\u0131racakt\u0131r&#8221; ifadelerini kulland\u0131.\u00a0<\/span><\/span><\/p>\n","protected":false},"excerpt":{"rendered":"<p>Mersin B\u00fcy\u00fck\u015fehir Belediye Ba\u015fkan\u0131 Burhanettin Kocamaz, at\u0131l durumdaki Halk Ekmek Fabrikas\u0131n\u0131 aktif hale getirdiklerini belirterek, \u00e7e\u015fitlerin ve hizmet kalitesinin her ge\u00e7en g\u00fcn artt\u0131\u011f\u0131n\u0131 s\u00f6yledi. Mersin B\u00fcy\u00fck\u015fehir Belediyesi Halk Ekmek Fabrikas\u0131, &hellip; <a href=\"https:\/\/akdenizolaygazetesi.com\/?p=1862\" class=\"more-link\">Devam\u0131n\u0131 Oku&#8230;<\/a><\/p>\n","protected":false},"author":1,"featured_media":0,"comment_status":"open","ping_status":"open","sticky":false,"template":"","format":"standard","meta":[],"categories":[],"tags":[],"_links":{"self":[{"href":"https:\/\/akdenizolaygazetesi.com\/index.php?rest_route=\/wp\/v2\/posts\/1862"}],"collection":[{"href":"https:\/\/akdenizolaygazetesi.com\/index.php?rest_route=\/wp\/v2\/posts"}],"about":[{"href":"https:\/\/akdenizolaygazetesi.com\/index.php?rest_route=\/wp\/v2\/types\/post"}],"author":[{"embeddable":true,"href":"https:\/\/akdenizolaygazetesi.com\/index.php?rest_route=\/wp\/v2\/users\/1"}],"replies":[{"embeddable":true,"href":"https:\/\/akdenizolaygazetesi.com\/index.php?rest_route=%2Fwp%2Fv2%2Fcomments&post=1862"}],"version-history":[{"count":0,"href":"https:\/\/akdenizolaygazetesi.com\/index.php?rest_route=\/wp\/v2\/posts\/1862\/revisions"}],"wp:attachment":[{"href":"https:\/\/akdenizolaygazetesi.com\/index.php?rest_route=%2Fwp%2Fv2%2Fmedia&parent=1862"}],"wp:term":[{"taxonomy":"category","embeddable":true,"href":"https:\/\/akdenizolaygazetesi.com\/index.php?rest_route=%2Fwp%2Fv2%2Fcategories&post=1862"},{"taxonomy":"post_tag","embeddable":true,"href":"https:\/\/akdenizolaygazetesi.com\/index.php?rest_route=%2Fwp%2Fv2%2Ftags&post=1862"}],"curies":[{"name":"wp","href":"https:\/\/api.w.org\/{rel}","templated":true}]}}