{"id":18625,"date":"2022-05-13T13:47:55","date_gmt":"2022-05-13T10:47:55","guid":{"rendered":"http:\/\/akdenizolaygazetesi.com\/?p=18625"},"modified":"2022-05-13T13:47:55","modified_gmt":"2022-05-13T10:47:55","slug":"kaybedecek-zamanimiz-yok-bir-an-once-gerekli-calismalar-baslatilmali","status":"publish","type":"post","link":"https:\/\/akdenizolaygazetesi.com\/?p=18625","title":{"rendered":"&#8220;KAYBEDECEK ZAMANIMIZ YOK. B\u0130R AN \u00d6NCE GEREKL\u0130 \u00c7ALI\u015eMALAR BA\u015eLATILMALI&#8221;"},"content":{"rendered":"<p>Mersin B\u00fcy\u00fck\u015fehir Belediye Meclisi&#8217;nin 2022 y\u0131l\u0131 May\u0131s ay\u0131 1. Birle\u015fim Toplant\u0131s\u0131, B\u00fcy\u00fck\u015fehir Belediye Ba\u015fkan\u0131 Vahap Se\u00e7er ba\u015fkanl\u0131\u011f\u0131nda ger\u00e7ekle\u015ftirildi. Meclis&#8217;te Mersin&#8217;in do\u011fu giri\u015findeki t\u0131r trafi\u011fi konusunu g\u00fcndeme getiren Ba\u015fkan Se\u00e7er, &#8220;Kentin do\u011fu giri\u015fi Mersin gibi bir kente yak\u0131\u015fmayacak d\u00fczeyde&#8221; dedi. Gerekli \u00e7al\u0131\u015fmalar\u0131n ilgili firma taraf\u0131ndan yap\u0131lmad\u0131\u011f\u0131n\u0131 hat\u0131rlatan Ba\u015fkan Se\u00e7er, &#8220;Bir an \u00f6nce gerekli \u00e7al\u0131\u015fmalar\u0131n ba\u015flat\u0131lmas\u0131n\u0131, yak\u0131n takipte oldu\u011fumuzu belirtmek istiyorum&#8221; diye konu\u015ftu.<br \/>\n&#8220;Engelsiz bir Mersin yaratmak i\u00e7in \u00e7al\u0131\u015f\u0131yoruz \u00e7\u00fcnk\u00fc Mersin&#8217;de engel yok, birlik var&#8221;<br \/>\n10-16 May\u0131s Engelliler Haftas\u0131&#8217;n\u0131 kutlayan Ba\u015fkan Se\u00e7er, &#8220;\u00d6zel gereksinimli t\u00fcm vatanda\u015flar\u0131m\u0131z\u0131 toplumun ayr\u0131 bir kesimi olarak de\u011fil b\u00fct\u00fcnle\u015fmi\u015f bir par\u00e7as\u0131 olarak g\u00f6r\u00fcyoruz. Onlar\u0131n sosyal hayata kat\u0131l\u0131mlar\u0131 belediye olarak bizim sorumlulu\u011fumuz, onlar\u0131n da en temel insan hakk\u0131d\u0131r. Ald\u0131\u011f\u0131m\u0131z yeni otob\u00fcslerden yollar\u0131n eri\u015febilir olmas\u0131na kadar onlara engelsiz bir Mersin yaratmak i\u00e7in \u00e7al\u0131\u015f\u0131yoruz \u00e7\u00fcnk\u00fc Mersin&#8217;de engel yok, birlik var&#8221; dedi.<br \/>\nBa\u015fkan Se\u00e7er, &#8220;Gecesini g\u00fcnd\u00fcz\u00fcne katarak sa\u011fl\u0131\u011f\u0131m\u0131z i\u00e7in \u00e7al\u0131\u015fan hem\u015fire karde\u015flerimizin g\u00fcn\u00fcn\u00fc kutluyorum. Ayr\u0131ca 14 May\u0131s Eczac\u0131lar G\u00fcn\u00fc; \u015fimdiden t\u00fcm eczac\u0131lar\u0131m\u0131z\u0131n g\u00fcn\u00fcn\u00fc kutluyorum&#8221; derken, 14 May\u0131s \u00c7ift\u00e7iler G\u00fcn\u00fc i\u00e7in \u015funlar\u0131 s\u00f6yledi:<br \/>\n&#8220;Mersin B\u00fcy\u00fck\u015fehir Belediyesi olarak topraklar\u0131m\u0131za bereket katmak i\u00e7in insana ve tabiata ait ne varsa onun belediyesi olma sorumlulu\u011fu i\u00e7erisinde \u00e7al\u0131\u015f\u0131yoruz. Eme\u011fini, al\u0131n terini topra\u011fa katan \u00e7ift\u00e7ilerimize, \u00fcreticilerimize deste\u011fimizi de her y\u0131l art\u0131rarak s\u00fcrd\u00fcr\u00fcyoruz. Bereketli topraklar\u0131m\u0131zda al\u0131n teri d\u00f6kerek \u00fcreten fedakar \u00e7ift\u00e7ilerimizin g\u00fcn\u00fcn\u00fc kutluyorum. \u00dcr\u00fcnlerinin bereketli olmas\u0131n\u0131 diliyorum.&#8221;<br \/>\n19 May\u0131s Mersin&#8217;de dolu dolu ge\u00e7ecek<br \/>\n19 May\u0131s Atat\u00fcrk&#8217;\u00fc Anma Gen\u00e7lik ve Spor Bayram\u0131&#8217;nda ger\u00e7ekle\u015ftirecekleri etkinliklerin bir k\u0131sm\u0131n\u0131 Meclis&#8217;ten duyuran Ba\u015fkan Se\u00e7er, &#8220;19 May\u0131s Atat\u00fcrk&#8217;\u00fc Anma Gen\u00e7lik ve Spor Bayram\u0131m\u0131z\u0131 her zamanki gibi b\u00fcy\u00fck bir co\u015fkuyla kutlayaca\u011f\u0131z. 15-21 May\u0131s Gen\u00e7lik Haftas\u0131 nedeniyle de Mersin B\u00fcy\u00fck\u015fehir Belediyesi olarak hafta s\u00fcresince bir dizi etkinlik ger\u00e7ekle\u015ftirece\u011fiz. Gen\u00e7lik Haftas\u0131n\u0131n ba\u015flang\u0131c\u0131 olan 15 May\u0131s Pazar g\u00fcn\u00fc gen\u00e7lik y\u00fcr\u00fcy\u00fc\u015f\u00fcm\u00fcz saat 18:00&#8217;de Mersin \u0130dman Yurdu Meydan\u0131&#8217;nda ba\u015flayacak ve \u00d6zgecan Aslan Bar\u0131\u015f Meydan\u0131&#8217;nda sona erecek. Yine 17 May\u0131s Pazartesi g\u00fcn\u00fc de Gen\u00e7lik ve Spor \u00c7al\u0131\u015ftay\u0131 d\u00fczenleyece\u011fiz. 19 May\u0131s&#8217;ta da \u00d6zgecan Aslan Meydan\u0131&#8217;nda Kosmos, G\u00fcne\u015f, Sagopa Kajmer konserleri olacak. Buradan gen\u00e7lerimize duyurmak istiyorum. Atat\u00fcrk&#8217;\u00fc Anma Gen\u00e7lik ve Spor Bayram\u0131m\u0131z\u0131 en i\u00e7ten dileklerimle kutluyorum&#8221; ifadelerine yer verdi.<br \/>\n&#8220;Kentin do\u011fu giri\u015fi Mersin gibi bir kente yak\u0131\u015fmayacak d\u00fczeyde&#8221;<br \/>\nMersin&#8217;in do\u011fu giri\u015finde ya\u015fanan t\u0131r trafi\u011fi yo\u011funlu\u011fu ile ilgili yap\u0131lmas\u0131 gerekenlerin ilgili firma taraf\u0131ndan hen\u00fcz yerine getirilmedi\u011fini de hat\u0131rlatan Ba\u015fkan Se\u00e7er, konuyu yeniden Meclis&#8217;e ta\u015f\u0131d\u0131. Se\u00e7er, konuyla ilgili olarak \u015funlar\u0131 s\u00f6yledi:<br \/>\n&#8220;Bahsetti\u011fim liman kap\u0131s\u0131n\u0131n oldu\u011fu cadde, Mersin&#8217;in ana giri\u015fi, evimizin hol\u00fc. Oradaki uygunsuz t\u0131r parklanmalar\u0131 ve oradaki \u00e7al\u0131\u015fmalar\u0131n, hareketlili\u011fin o b\u00f6lgeye verdi\u011fi tahribat ve zarar nedeniyle kentin do\u011fu giri\u015fi Mersin gibi bir kente yak\u0131\u015fmayacak d\u00fczeyde. Bu durum hala devam ediyor. D-400, Turgut \u00d6zal Bulvar\u0131 ve 132. Caddeleri kapsayan, limana gelen ve giden t\u0131r trafi\u011finin \u015fehir trafi\u011finden ayr\u0131\u015ft\u0131r\u0131lmas\u0131 bundan 6 ay \u00f6nce yap\u0131lan mutabakat gere\u011fince MIP taraf\u0131ndan sa\u011flanacakt\u0131. Zaten gerekli teknik ve imar d\u00fczenlemeleri konusunda Mersin B\u00fcy\u00fck\u015fehir Belediyesi \u00fczerine d\u00fc\u015feni yapm\u0131\u015ft\u0131r. Yol g\u00fczergah\u0131ndaki Tar\u0131m \u0130l M\u00fcd\u00fcrl\u00fc\u011f\u00fc&#8217;n\u00fcn veterinerlik binas\u0131n\u0131n y\u0131k\u0131m\u0131 ve T\u00fcrkiye Cumhuriyeti Devlet Demir Yollar\u0131 hemzemin ge\u00e7idinin \u00fcst ge\u00e7idi yine ilgili firma taraf\u0131ndan yap\u0131lacakt\u0131.&#8221;<br \/>\n&#8220;Kaybedecek zaman\u0131m\u0131z yok. Bir an \u00f6nce gerekli \u00e7al\u0131\u015fmalar ba\u015flat\u0131lmal\u0131&#8221;<br \/>\nBa\u015fkan Se\u00e7er, g\u00f6r\u00fc\u015fmeler yap\u0131l\u0131rken 9 ay i\u00e7erisinde o b\u00f6lgedeki \u00e7al\u0131\u015fmalar\u0131n yap\u0131laca\u011f\u0131 y\u00f6n\u00fcnde kendilerine bilgi verildi\u011fini ifade ederek, &#8220;Biz de Mersin B\u00fcy\u00fck\u015fehir Belediyesi olarak bize ait olan o caddede bir tak\u0131m altyap\u0131 \u00e7al\u0131\u015fmalar\u0131 yapaca\u011f\u0131z. Ard\u0131ndan Mersinimize yak\u0131\u015f\u0131r bir do\u011fu giri\u015fi i\u00e7in \u00fcst yap\u0131 \u00e7al\u0131\u015fmalar\u0131n\u0131 yapaca\u011f\u0131z. Dolay\u0131s\u0131yla 6 ay gibi bir s\u00fcre ge\u00e7ti ama fiili olarak; sizler de g\u00f6zlemliyorsunuz, vatanda\u015flar da bana \u015fikayet ediyor. Tabi vatanda\u015flar i\u015fin i\u00e7 y\u00fcz\u00fcn\u00fc bilmiyor ama buradan ayd\u0131nlatma gere\u011fi duyuyorum. O cadde bize ait ama liman\u0131n doldur bo\u015falt i\u015flemleri aksamas\u0131n diye herhangi bir \u00e7al\u0131\u015fma ba\u015flatmad\u0131k. Bize belirli bir yap\u0131lma s\u00fcresi verildi ama ben buradan bir uyar\u0131da bulunmak istiyorum; bizim kent olarak kaybedecek zaman\u0131m\u0131z yok. Bir an \u00f6nce gerekli \u00e7al\u0131\u015fmalar\u0131n ba\u015flat\u0131lmas\u0131n\u0131, yak\u0131n takipte oldu\u011fumuzu belirtmek istiyorum&#8221; dedi.<\/p>\n","protected":false},"excerpt":{"rendered":"<p>Mersin B\u00fcy\u00fck\u015fehir Belediye Meclisi&#8217;nin 2022 y\u0131l\u0131 May\u0131s ay\u0131 1. Birle\u015fim Toplant\u0131s\u0131, B\u00fcy\u00fck\u015fehir Belediye Ba\u015fkan\u0131 Vahap Se\u00e7er ba\u015fkanl\u0131\u011f\u0131nda ger\u00e7ekle\u015ftirildi. Meclis&#8217;te Mersin&#8217;in do\u011fu giri\u015findeki t\u0131r trafi\u011fi konusunu g\u00fcndeme getiren Ba\u015fkan Se\u00e7er, &#8220;Kentin &hellip; <a href=\"https:\/\/akdenizolaygazetesi.com\/?p=18625\" class=\"more-link\">Devam\u0131n\u0131 Oku&#8230;<\/a><\/p>\n","protected":false},"author":2,"featured_media":18626,"comment_status":"open","ping_status":"open","sticky":false,"template":"","format":"standard","meta":[],"categories":[1,2,3,5],"tags":[],"_links":{"self":[{"href":"https:\/\/akdenizolaygazetesi.com\/index.php?rest_route=\/wp\/v2\/posts\/18625"}],"collection":[{"href":"https:\/\/akdenizolaygazetesi.com\/index.php?rest_route=\/wp\/v2\/posts"}],"about":[{"href":"https:\/\/akdenizolaygazetesi.com\/index.php?rest_route=\/wp\/v2\/types\/post"}],"author":[{"embeddable":true,"href":"https:\/\/akdenizolaygazetesi.com\/index.php?rest_route=\/wp\/v2\/users\/2"}],"replies":[{"embeddable":true,"href":"https:\/\/akdenizolaygazetesi.com\/index.php?rest_route=%2Fwp%2Fv2%2Fcomments&post=18625"}],"version-history":[{"count":1,"href":"https:\/\/akdenizolaygazetesi.com\/index.php?rest_route=\/wp\/v2\/posts\/18625\/revisions"}],"predecessor-version":[{"id":18627,"href":"https:\/\/akdenizolaygazetesi.com\/index.php?rest_route=\/wp\/v2\/posts\/18625\/revisions\/18627"}],"wp:featuredmedia":[{"embeddable":true,"href":"https:\/\/akdenizolaygazetesi.com\/index.php?rest_route=\/wp\/v2\/media\/18626"}],"wp:attachment":[{"href":"https:\/\/akdenizolaygazetesi.com\/index.php?rest_route=%2Fwp%2Fv2%2Fmedia&parent=18625"}],"wp:term":[{"taxonomy":"category","embeddable":true,"href":"https:\/\/akdenizolaygazetesi.com\/index.php?rest_route=%2Fwp%2Fv2%2Fcategories&post=18625"},{"taxonomy":"post_tag","embeddable":true,"href":"https:\/\/akdenizolaygazetesi.com\/index.php?rest_route=%2Fwp%2Fv2%2Ftags&post=18625"}],"curies":[{"name":"wp","href":"https:\/\/api.w.org\/{rel}","templated":true}]}}