{"id":18628,"date":"2022-05-13T13:49:14","date_gmt":"2022-05-13T10:49:14","guid":{"rendered":"http:\/\/akdenizolaygazetesi.com\/?p=18628"},"modified":"2022-05-13T13:49:14","modified_gmt":"2022-05-13T10:49:14","slug":"bu-belediye-iller-bankasindan-10-milyon-lira-teminati-alamayan-bir-belediyedir","status":"publish","type":"post","link":"https:\/\/akdenizolaygazetesi.com\/?p=18628","title":{"rendered":"&#8220;BU BELED\u0130YE \u0130LLER BANKASI&#8217;NDAN 10 M\u0130LYON L\u0130RA TEM\u0130NATI ALAMAYAN B\u0130R BELED\u0130YED\u0130R&#8221;"},"content":{"rendered":"<p>Mersin B\u00fcy\u00fck\u015fehir Belediye Meclisi&#8217;nin 2022 y\u0131l\u0131 May\u0131s ay\u0131 1. Birle\u015fim Toplant\u0131s\u0131, B\u00fcy\u00fck\u015fehir Belediye Ba\u015fkan\u0131 Vahap Se\u00e7er ba\u015fkanl\u0131\u011f\u0131nda ger\u00e7ekle\u015ftirildi. Ba\u015fkan Se\u00e7er, 3 y\u0131ll\u0131k g\u00f6rev s\u00fcresi boyunca \u0130ller Bankas\u0131&#8217;ndan kredi kullanamadan \u00f6z kaynaklarla hem eski y\u00f6netimin borcunu \u00f6dediklerini hem de yat\u0131r\u0131m yapt\u0131klar\u0131n\u0131 belirterek, &#8220;Biz y\u00f6netilmeyen bir belediyeyi y\u00f6netir duruma getirdik&#8221; dedi.<br \/>\nMeclis&#8217;te kentle ilgili bir\u00e7ok konu g\u00fcndeme geldi. Bir Meclis \u00fcyesinin \u00c7e\u015fmeli&#8217;deki altyap\u0131 \u00e7al\u0131\u015fmalar\u0131yla ilgili son durumu sormas\u0131 \u00fczerine bilgi veren Ba\u015fkan Se\u00e7er, b\u00f6lgenin kanalizasyonunu \u015fu anda ge\u00e7ici olarak Karg\u0131p\u0131nar At\u0131ksu Ar\u0131tma Tesisi&#8217;ne ba\u011flad\u0131klar\u0131n\u0131 s\u00f6yledi. \u00c7e\u015fmeli&#8217;ye yapacaklar\u0131 paket at\u0131ksu ar\u0131tma tesisi projesi i\u00e7in \u00c7ED&#8217;i beklediklerini vurgulayan Se\u00e7er, b\u00f6lgede tahrip olan yollar i\u00e7in ise \u00e7al\u0131\u015fmalara ba\u015flad\u0131klar\u0131n\u0131 duyurdu.<br \/>\n&#8220;Biz y\u00f6netilmeyen bir belediyeyi y\u00f6netir duruma getirdik&#8221;<br \/>\nBa\u015fkan Se\u00e7er, kanalizasyon \u00e7al\u0131\u015fmalar\u0131yla ilgili de baz\u0131 de\u011ferlendirmelerde bulundu. Altyap\u0131 \u00e7al\u0131\u015fmalar\u0131n\u0131n y\u00fcksek b\u00fct\u00e7eli yat\u0131r\u0131mlar oldu\u011funu vurgulayan Se\u00e7er, &#8220;Tabiri caizse topra\u011f\u0131n alt\u0131na bir anlamda y\u00fcksek yat\u0131r\u0131ml\u0131 projelerin bedelini g\u00f6m\u00fcyorsunuz. Elbette yo\u011fun \u00e7al\u0131\u015f\u0131yoruz. MESK\u0130, tarihinde olmad\u0131\u011f\u0131 kadar iyi noktalara geldi. Bunu \u00e7ok a\u00e7\u0131k y\u00fcreklilikle s\u00f6yleyebilirim. Biz y\u00f6netilmeyen bir MESK\u0130&#8217;yi ald\u0131k, kayda de\u011fer bir noktaya getirdik. Biz y\u00f6netilmeyen bir belediyeyi y\u00f6netir duruma getirdik. Hi\u00e7bir belediye, hi\u00e7bir ba\u011fl\u0131 kurulu\u015f yoktur ki 3 y\u0131ll\u0131k s\u00fcrede pandemi, ekonomik kriz gibi devasa sorunlarla bo\u011fu\u015ftu\u011funuz bir d\u00f6nemde toplam borcun 3&#8217;te 2&#8217;sini \u00f6desin. \u00d6yle bir kurum bulamazs\u0131n\u0131z. B\u00f6yle bir \u00f6zel sekt\u00f6r de bulamazs\u0131n\u0131z. Biz bunu ba\u015fard\u0131k. Bu arada yat\u0131r\u0131mlar\u0131 da yap\u0131yoruz&#8221; ifadelerine yer verdi.<br \/>\nMersin B\u00fcy\u00fck\u015fehir Belediyesi&#8217;nin geliri iyi belediyeler aras\u0131nda yer ald\u0131\u011f\u0131n\u0131 belirten Ba\u015fkan Se\u00e7er, &#8220;Ancak Mersin Su ve Kanalizasyon \u0130daresi ba\u011fl\u0131 bir kurulu\u015ftur. Bizim orada merkezi h\u00fck\u00fcmetten gelen \u00e7ok c\u00fczi, \u0130ller Bankas\u0131 pay\u0131 d\u0131\u015f\u0131nda bir gelirimiz yok. Biz su bedelleri, at\u0131ksu bedelleri ile oran\u0131n sabit giderlerini, zorunlu giderlerini kar\u015f\u0131lamak zorunday\u0131z ve kentin de\u011fi\u015fen ko\u015fullar\u0131na uygun \u015fekilde yat\u0131r\u0131mlar da yapmak zorunday\u0131z. Siz de takdir edersiniz ki hangi il olursa olsun altyap\u0131 yat\u0131r\u0131mlar\u0131nda \u0130ller Bankas\u0131&#8217;n\u0131n ya da yurtd\u0131\u015f\u0131 hibe kredilerinin deste\u011fi olmazsa bunlar\u0131 ta\u015f\u0131yabilecek durumda de\u011fil. Biz kendimizi s\u0131k\u0131yoruz&#8221; diye konu\u015ftu.<br \/>\n&#8220;Bu belediye \u0130ller Bankas\u0131&#8217;ndan 10 milyon lira teminat\u0131 alamayan bir belediyedir&#8221;<br \/>\n\u0130ller Bankas\u0131&#8217;yla ili\u015fkilerini en iyi noktada tutmak i\u00e7in 3 y\u0131ld\u0131r azami gayret sarf ettiklerini s\u00f6zlerine ekleyen Se\u00e7er, &#8220;Ama bug\u00fcne kadar bizim \u0130ller Bankas\u0131&#8217;yla ili\u015fkilerimizde geldi\u011fimiz nokta bellidir. Bu belediye \u0130ller Bankas\u0131&#8217;ndan 10 milyon lira teminat\u0131 alamayan bir belediyedir. Bu bir utan\u00e7 vesikas\u0131 olarak tarihin sayfalar\u0131nda yer alm\u0131\u015ft\u0131r; bir kamu kurumuna bir kamu kurumunun bir kamu kurumu i\u00e7in kefil olmamas\u0131. B\u0131rak\u0131n altyap\u0131 projelerini. Utan\u00e7 vesikas\u0131d\u0131r bu&#8221; dedi.<br \/>\n&#8220;Bug\u00fcne kadar \u0130ller Bankas\u0131&#8217;ndan herhangi bir kredi kullanamad\u0131m&#8221;<br \/>\nBa\u015fkan Se\u00e7er, \u0130ller Bankas\u0131 koordinesinde y\u00fcr\u00fct\u00fclen ve Frans\u0131z Kalk\u0131nma Ajans\u0131 (AFD) taraf\u0131ndan finanse edilen 39 milyon Avro kredi\/hibe i\u00e7in de herhangi bir bedel gelmedi\u011fini vurgulad\u0131. Kayna\u011f\u0131n Erdemli, Akdeniz ve Mezitli il\u00e7elerinde kullan\u0131laca\u011f\u0131n\u0131 belirten Ba\u015fkan Se\u00e7er, &#8220;Bu \u0130ller Bankas\u0131&#8217;ndan kaynakl\u0131, AFD&#8217;den kaynakl\u0131. Ben size tabloyu s\u00f6yl\u00fcyorum. Ben bug\u00fcne kadar \u0130ller Bankas\u0131&#8217;ndan herhangi bir kredi kullanamad\u0131m. Ne belediyem i\u00e7in ne MESK\u0130 i\u00e7in&#8221; diye konu\u015ftu. Se\u00e7er, buna ra\u011fmen kendi imkanlar\u0131yla il\u00e7e merkezlerinde ve k\u0131rsal mahallelerde her t\u00fcrl\u00fc altyap\u0131 \u00e7al\u0131\u015fmas\u0131n\u0131 yapt\u0131klar\u0131n\u0131 s\u00f6yledi.<br \/>\n&#8220;Kent merkezini cazibe merkezi haline getirmek i\u00e7in kendi imk\u00e2nlar\u0131mla u\u011fra\u015f\u0131yorum&#8221;<br \/>\nKent merkezindeki yenileme \u00e7al\u0131\u015fmalar\u0131 hakk\u0131nda de\u011ferlendirmelerde bulunan Ba\u015fkan Se\u00e7er, 4.9 hektar alanda yenileme \u00e7al\u0131\u015fmalar\u0131n\u0131n devam etti\u011fini an\u0131msatarak, \u015funlar\u0131 s\u00f6yledi:<br \/>\n&#8220;Zaman zaman bu konuda il\u00e7e belediyesiyle de g\u00f6r\u00fc\u015f\u00fcl\u00fcyor. Mutlaka kamula\u015ft\u0131rma yapmak gerekiyorsa yasal \u00e7er\u00e7evede biz onu da yapar\u0131z. Zorunlu kal\u0131rsak tabi. Ben de istemem bu kadar bedeli \u00f6deyeyim ama benim yapt\u0131\u011f\u0131m asl\u0131nda \u00e7ok de\u011ferli bir i\u015f. Do\u011frudan kaleye oynuyorum ben. Bu yenileme alan\u0131n\u0131n yap\u0131lmas\u0131 laz\u0131m. Arkada\u015flarla 10 kere toplant\u0131 yapt\u0131k, ben de kat\u0131ld\u0131m. Ben sponsor bekleyece\u011fim, falan kurumdan, Valilik&#8217;ten, K\u00fclt\u00fcr Bakanl\u0131\u011f\u0131&#8217;ndan, oradan; at\u0131 alan \u00dcsk\u00fcdar&#8217;\u0131 ge\u00e7er. B\u00f6yle bir do\u011fru yok. Zaten basit i\u015flerim y\u00fcr\u00fcm\u00fcyor benim b\u00fcrokraside. Dedim ki: &#8216;Biz bu i\u015fi yapacaksak, kent merkezi \u00e7\u00f6k\u00fcyorsa, buna el atmam\u0131z gerekiyorsa, biz bunu kendi b\u00fct\u00e7emizden kar\u015f\u0131lar\u0131z bir \u015fekilde. Hele bir u\u00e7tan Bismillah diyelim, ba\u015flayal\u0131m&#8217; dedim ve ba\u015flad\u0131k. Biz \u00f6yle merakl\u0131 de\u011filiz kamula\u015ft\u0131rmaya. Ben niye kamula\u015ft\u0131ray\u0131m durduk yere milyonlarca lira para \u00f6deyeyim? Ama i\u015fin i\u00e7inden \u00e7\u0131kamazsam; bir yerin 10 de\u011fil, 20 de\u011fil, 30 tane maliki varsa ya da malikleri ile uzla\u015fma \u015fans\u0131m yoksa ben ne yapabilirim? Ya bu projeyi b\u0131rakaca\u011f\u0131m, akamete u\u011frayacak ya da yasalar\u0131n bana verdi\u011fi yetki \u00e7er\u00e7evesinde bunlar\u0131 \u00e7\u00f6zece\u011fim. Bak\u0131n bal\u0131k pazar\u0131nda bizim kamula\u015ft\u0131rma \u00e7al\u0131\u015fmam\u0131z var m\u0131? Yok. Niye yok? Problem yok. Projesi bitti. Koruma Kurulu&#8217;ndan izinleri; bir k\u0131sm\u0131 baz\u0131 b\u00f6lgelerin \u00e7\u0131kt\u0131, baz\u0131 b\u00f6lgelerin \u00e7\u0131k\u0131yor. &#8216;Onu ben finanse edece\u011fim&#8217; dedim. Oradaki maliklere 1 lira para y\u00fcklemeyece\u011fim. Tertemiz bir hale getirece\u011fim. Kent merkezini tekrar cazibe merkezi haline getirmek i\u00e7in kendi imk\u00e2nlar\u0131mla u\u011fra\u015f\u0131yorum.&#8221;<br \/>\n&#8220;Metronun \u00c7ED raporuyla ilgili herhangi bir sorunu yok&#8221;<br \/>\nBir Meclis \u00fcyesinin Mersin Metrosu&#8217;nun \u00c7ED raporunu g\u00fcndeme getirmesi \u00fczerine Ba\u015fkan Se\u00e7er, &#8220;Metronun \u00c7ED raporuyla ilgili herhangi bir sorunu yoktur. Bu finansman konusunun da \u00c7ED ile en uzaktan bir alakas\u0131 yoktur.  Buradan kamuoyuna sesleniyorum. Bu soru tamamen kamuoyunu yan\u0131ltma meselesidir. Daha \u00f6nce s\u00f6yledim. Say\u0131n Cumhurba\u015fkan\u0131&#8217;na gittim. Buradaki durumu kendisiyle g\u00f6r\u00fc\u015ft\u00fcm. Konular\u0131 arz ettim. Bakan Bey&#8217;le de g\u00f6r\u00fc\u015ft\u00fcm yak\u0131n zamanda. Bakan Bey&#8217;in yard\u0131mc\u0131s\u0131yla da g\u00f6r\u00fc\u015ft\u00fcm. Bana finansman izni \u00e7\u0131karsa finansman kullanaca\u011f\u0131m. \u015eimdi in\u015faat devam ediyor&#8221; diye konu\u015ftu.<br \/>\nB\u00fcy\u00fck\u015fehir Belediyesi&#8217;nin \u00e7al\u0131\u015fmalar\u0131n\u0131 \u00f6z b\u00fct\u00e7e ile yapt\u0131\u011f\u0131n\u0131 da dile getiren Se\u00e7er, &#8220;\u00d6nceki y\u00f6netimin 300 milyon dolarl\u0131k borcunu da \u00f6dedim, \u015fu anda yapt\u0131\u011f\u0131m yat\u0131r\u0131mlar\u0131 da yenileme \u00e7al\u0131\u015fmalar\u0131n\u0131 da \u00f6z b\u00fct\u00e7eden yap\u0131yorum. Yani iktidar belediyesi olsan\u0131z, 40 bakanl\u0131ktan size hibe gelir. Onu da almadan yap\u0131yorum. Zaten daha \u00f6nce kamuoyuna deklare ettim. Bu proje durmayacak. Az olacak \u00e7ok olacak ama ben yapaca\u011f\u0131m. Ortada \u00c7ED, med b\u00f6yle bir hik\u00e2ye yoktur. Kurumlar aras\u0131nda yaz\u0131\u015fmalarda hatal\u0131 baz\u0131 de\u011ferlendirmeler olmu\u015ftur. Arkada\u015flar\u0131m\u0131z da o konular\u0131 Devlet Demiryollar\u0131&#8217;yla g\u00f6r\u00fc\u015fecektir. Biz, yasa, kanun, nizam neyse o \u00f6l\u00e7\u00fcde yap\u0131yoruz ve vatanda\u015flar\u0131m\u0131z\u0131 da kand\u0131rm\u0131yoruz. Yapabilece\u011fimiz bir i\u015fi &#8216;yapar\u0131z&#8217; diyoruz, yapmayaca\u011f\u0131m\u0131z bir i\u015fi de &#8216;yapmay\u0131z&#8217; diyoruz&#8221; ifadelerini kulland\u0131.<br \/>\n&#8220;Plajlar benim de\u011fil, plajlar halk\u0131n&#8221;<br \/>\nB\u00fcy\u00fck\u015fehir Belediyesi&#8217;ne tahsis edilen plajlar\u0131n 19 May\u0131s&#8217;ta a\u00e7\u0131laca\u011f\u0131n\u0131 ifade eden Ba\u015fkan Se\u00e7er, &#8220;Peyderpey a\u00e7\u0131lacak. Ben plajlar\u0131n g\u00fcvenli\u011fini sa\u011flamakla sorumlu de\u011filim. Plajlar benim de\u011fil, plajlar halk\u0131n. Dolay\u0131s\u0131yla plajlar halk\u0131n demek, ilgili kurum, halk ad\u0131na g\u00f6rev yapan kurum, kamu ad\u0131na \u00c7evre ve \u015eehircilik Bakanl\u0131\u011f\u0131&#8217;d\u0131r, Milli Emlak Genel M\u00fcd\u00fcrl\u00fc\u011f\u00fc&#8217;d\u00fcr. Ben K\u0131zkalesi&#8217;ne, Susano\u011flu&#8217;na, Yaprakl\u0131koy&#8217;a, Kocahasanl\u0131&#8217;ya bedel \u00f6d\u00fcyorum. Orada bana belirli bir alan tahsis edilmi\u015f. O alan\u0131 ben korumakla zaten m\u00fckellefim. &#8216;Ama buraya \u015fezlong at\u0131lm\u0131\u015f.&#8217; Kolluk g\u00fc\u00e7leri var, gerekli tedbiri alacaklar. Benim alan\u0131mda \u015fu anda \u015fezlong yok. 19 May\u0131s geldi\u011fi zaman benim alan\u0131ma \u015fezlong konmu\u015fsa onlar\u0131 kald\u0131r\u0131r\u0131z, bir k\u00f6\u015feye atar\u0131z, getiririz, vatanda\u015f\u0131n kulland\u0131\u011f\u0131 kendi Denizk\u0131z\u0131 \u015firketimizin \u015femsiyelerini ve \u015fezlonglar\u0131n\u0131 da oraya b\u0131rak\u0131r\u0131z&#8221; dedi.<br \/>\nBir kuru\u015f bor\u00e7lanmadan, kredi kullanmadan ge\u00e7mi\u015f d\u00f6nemin bor\u00e7lar\u0131n\u0131 \u00f6dediklerini yineleyen Ba\u015fkan Se\u00e7er, &#8220;2018&#8217;in Aral\u0131k ay\u0131nda %31,5 faizle paray\u0131 ben mi kulland\u0131m? Siz o zaman \u00e7\u0131k\u0131p, biriniz s\u00f6z al\u0131p, &#8216;siz ne yap\u0131yorsunuz, bu tefeci faizi&#8217; diyemediniz mi? \u015eimdi d\u00fcnyada, T\u00fcrkiye&#8217;de kriz var. % 31,5 tefeci faizi var m\u0131? Soruyorum, bunun cevab\u0131n\u0131 versinler benden hesap sormak isteyenler. Benim s\u00f6yledi\u011fim bundan ibaret. Anlatt\u0131klar\u0131mda bir yanl\u0131\u015fl\u0131k varsa, onu d\u00fczeltin. 300 milyon dolar \u00f6demedik mi? Bunu tekrar tekrar s\u00f6yl\u00fcyoruz. Mali \u0130\u015fler Daire Ba\u015fkanl\u0131\u011f\u0131 orada, hesaplar orada. Mart sonu itibariyle 107 milyon dolar borcumuz var demedik mi? Gidin bak\u0131n. Buradan vatanda\u015flar duysun. Ben bu \u015fartlarda hizmet yap\u0131yorum. Bu \u015fartlarda Anamur&#8217;un \u0130skele Mahallesi&#8217;ni yap\u0131yorum. Tarsus&#8217;un \u00c7aml\u0131yayla yolunu yap\u0131yorum, 4. \u00c7evre Yolu&#8217;nu a\u00e7\u0131yorum, katl\u0131 kav\u015fa\u011f\u0131 yap\u0131yorum&#8221; dedi.<\/p>\n","protected":false},"excerpt":{"rendered":"<p>Mersin B\u00fcy\u00fck\u015fehir Belediye Meclisi&#8217;nin 2022 y\u0131l\u0131 May\u0131s ay\u0131 1. Birle\u015fim Toplant\u0131s\u0131, B\u00fcy\u00fck\u015fehir Belediye Ba\u015fkan\u0131 Vahap Se\u00e7er ba\u015fkanl\u0131\u011f\u0131nda ger\u00e7ekle\u015ftirildi. Ba\u015fkan Se\u00e7er, 3 y\u0131ll\u0131k g\u00f6rev s\u00fcresi boyunca \u0130ller Bankas\u0131&#8217;ndan kredi kullanamadan \u00f6z &hellip; <a href=\"https:\/\/akdenizolaygazetesi.com\/?p=18628\" class=\"more-link\">Devam\u0131n\u0131 Oku&#8230;<\/a><\/p>\n","protected":false},"author":2,"featured_media":18629,"comment_status":"open","ping_status":"open","sticky":false,"template":"","format":"standard","meta":[],"categories":[8,2,3,5],"tags":[],"_links":{"self":[{"href":"https:\/\/akdenizolaygazetesi.com\/index.php?rest_route=\/wp\/v2\/posts\/18628"}],"collection":[{"href":"https:\/\/akdenizolaygazetesi.com\/index.php?rest_route=\/wp\/v2\/posts"}],"about":[{"href":"https:\/\/akdenizolaygazetesi.com\/index.php?rest_route=\/wp\/v2\/types\/post"}],"author":[{"embeddable":true,"href":"https:\/\/akdenizolaygazetesi.com\/index.php?rest_route=\/wp\/v2\/users\/2"}],"replies":[{"embeddable":true,"href":"https:\/\/akdenizolaygazetesi.com\/index.php?rest_route=%2Fwp%2Fv2%2Fcomments&post=18628"}],"version-history":[{"count":1,"href":"https:\/\/akdenizolaygazetesi.com\/index.php?rest_route=\/wp\/v2\/posts\/18628\/revisions"}],"predecessor-version":[{"id":18630,"href":"https:\/\/akdenizolaygazetesi.com\/index.php?rest_route=\/wp\/v2\/posts\/18628\/revisions\/18630"}],"wp:featuredmedia":[{"embeddable":true,"href":"https:\/\/akdenizolaygazetesi.com\/index.php?rest_route=\/wp\/v2\/media\/18629"}],"wp:attachment":[{"href":"https:\/\/akdenizolaygazetesi.com\/index.php?rest_route=%2Fwp%2Fv2%2Fmedia&parent=18628"}],"wp:term":[{"taxonomy":"category","embeddable":true,"href":"https:\/\/akdenizolaygazetesi.com\/index.php?rest_route=%2Fwp%2Fv2%2Fcategories&post=18628"},{"taxonomy":"post_tag","embeddable":true,"href":"https:\/\/akdenizolaygazetesi.com\/index.php?rest_route=%2Fwp%2Fv2%2Ftags&post=18628"}],"curies":[{"name":"wp","href":"https:\/\/api.w.org\/{rel}","templated":true}]}}