{"id":1863,"date":"2020-11-04T18:22:24","date_gmt":"2020-11-04T15:22:24","guid":{"rendered":"http:\/\/mersinekonomipolitikagazetesi.com\/?p=1863"},"modified":"2020-11-04T18:22:24","modified_gmt":"2020-11-04T15:22:24","slug":"mersinde-cocuk-haklari-konulu-egitim-verildi","status":"publish","type":"post","link":"https:\/\/akdenizolaygazetesi.com\/?p=1863","title":{"rendered":"Mersin&#8217;de &#8216;\u00e7ocuk haklar\u0131&#8217; konulu e\u011fitim verildi"},"content":{"rendered":"<p>Mersin Barosu \u00c7ocuk Haklar\u0131 Merkezi \u00fcyesi Avukat G\u00fcray G\u00f6\u00e7er, &#8220;Sa\u011fl\u0131kl\u0131 bir toplumun temeli i\u00e7in, \u00e7ocuk haklar\u0131 e\u011fitimi d\u00fcnyada ve \u00fclkemizde yayg\u0131nla\u015ft\u0131r\u0131lmal\u0131d\u0131r&#8221; dedi.<\/p>\n<p><span style=\"font-size:16px;\"><span style=\"font-family: sans-serif; line-height: 20px; text-align: justify; background-color: rgb(242, 244, 245);\">Mersin Barosu ve \u0130l Milli E\u011fitim M\u00fcd\u00fcrl\u00fc\u011f\u00fc aras\u0131nda imzalanan protokol kapsam\u0131nda, Mersin Barosu \u00c7ocuk Haklar\u0131 Merkezi taraf\u0131ndan, Bo\u011fazi\u00e7i Ortaokulu \u00f6\u011frencilerine y\u00f6nelik \u00e7ocuk haklar\u0131 anlat\u0131ld\u0131. Bo\u011fazi\u00e7i Ortaokulunda ger\u00e7ekle\u015fen \u00e7ocuk haklar\u0131 konulu e\u011fitim \u00e7al\u0131\u015fmas\u0131na, \u00f6\u011fretmenler ve \u00f6\u011frenciler kat\u0131ld\u0131.\u00a0<\/span><br style=\"box-sizing: border-box; font-family: sans-serif; font-size: 14px; line-height: 20px; text-align: justify; background-color: rgb(242, 244, 245);\" \/><br \/>\n<span style=\"font-family: sans-serif; line-height: 20px; text-align: justify; background-color: rgb(242, 244, 245);\">Mersin Barosu \u00c7ocuk Haklar\u0131 Merkezi \u00fcyesi G\u00fcray G\u00f6\u00e7er, okullarda vermi\u015f olduklar\u0131 e\u011fitimin \u00f6nemli oldu\u011funu belirterek, &#8220;Sa\u011fl\u0131kl\u0131 bir toplumun temeli i\u00e7in \u00e7ocuklar\u0131m\u0131z\u0131n \u00e7ok y\u00f6nl\u00fc e\u011fitilmesi gerekmektedir. D\u00fcnyada ve \u00fclkemizde \u00e7ocuk haklar\u0131 e\u011fitimi ciddi bir \u015fekilde yayg\u0131nla\u015ft\u0131r\u0131lmal\u0131d\u0131r. \u00c7ocuklar haklar\u0131n\u0131 bildi\u011fi s\u00fcrece, kendi haklar\u0131n\u0131 savunabilir ve sahip \u00e7\u0131kabilir&#8221; dedi.\u00a0<\/span><br style=\"box-sizing: border-box; font-family: sans-serif; font-size: 14px; line-height: 20px; text-align: justify; background-color: rgb(242, 244, 245);\" \/><br \/>\n<span style=\"font-family: sans-serif; line-height: 20px; text-align: justify; background-color: rgb(242, 244, 245);\">Her \u00e7ocu\u011fun ya\u015fama hakk\u0131 oldu\u011funu ve herkesin ilk g\u00f6revinin \u00e7ocuklar\u0131n ya\u015fam\u0131n\u0131 korumak oldu\u011funu s\u00f6yleyen G\u00f6\u00e7er, &#8220;\u00c7ocuklarla ilgili b\u00fct\u00fcn yasa ve uygulamalar\u0131 olu\u015fturanlar, \u00f6nce \u00e7ocuklar\u0131n yarar\u0131n\u0131 d\u00fc\u015f\u00fcnmek zorundad\u0131r. Devlet, \u00e7ocuklar\u0131n koruma ve bak\u0131m\u0131n\u0131 \u00fcstlenenlerin sorumluluklar\u0131n\u0131 yerine getirmeleri i\u00e7in \u00f6nlemleri al\u0131r ve onlar\u0131n sorumluluklar\u0131n\u0131 yerine getirip getirmediklerine bakar. Ya\u015famak, her \u00e7ocu\u011fun temel hakk\u0131d\u0131r ve herkesin ilk g\u00f6revi \u00e7ocuklar\u0131n ya\u015fam\u0131n\u0131 korumakt\u0131r&#8221; ifadelerini kulland\u0131.\u00a0<\/span><\/span><\/p>\n","protected":false},"excerpt":{"rendered":"<p>Mersin Barosu \u00c7ocuk Haklar\u0131 Merkezi \u00fcyesi Avukat G\u00fcray G\u00f6\u00e7er, &#8220;Sa\u011fl\u0131kl\u0131 bir toplumun temeli i\u00e7in, \u00e7ocuk haklar\u0131 e\u011fitimi d\u00fcnyada ve \u00fclkemizde yayg\u0131nla\u015ft\u0131r\u0131lmal\u0131d\u0131r&#8221; dedi. Mersin Barosu ve \u0130l Milli E\u011fitim M\u00fcd\u00fcrl\u00fc\u011f\u00fc aras\u0131nda &hellip; <a href=\"https:\/\/akdenizolaygazetesi.com\/?p=1863\" class=\"more-link\">Devam\u0131n\u0131 Oku&#8230;<\/a><\/p>\n","protected":false},"author":1,"featured_media":0,"comment_status":"open","ping_status":"open","sticky":false,"template":"","format":"standard","meta":[],"categories":[],"tags":[],"_links":{"self":[{"href":"https:\/\/akdenizolaygazetesi.com\/index.php?rest_route=\/wp\/v2\/posts\/1863"}],"collection":[{"href":"https:\/\/akdenizolaygazetesi.com\/index.php?rest_route=\/wp\/v2\/posts"}],"about":[{"href":"https:\/\/akdenizolaygazetesi.com\/index.php?rest_route=\/wp\/v2\/types\/post"}],"author":[{"embeddable":true,"href":"https:\/\/akdenizolaygazetesi.com\/index.php?rest_route=\/wp\/v2\/users\/1"}],"replies":[{"embeddable":true,"href":"https:\/\/akdenizolaygazetesi.com\/index.php?rest_route=%2Fwp%2Fv2%2Fcomments&post=1863"}],"version-history":[{"count":0,"href":"https:\/\/akdenizolaygazetesi.com\/index.php?rest_route=\/wp\/v2\/posts\/1863\/revisions"}],"wp:attachment":[{"href":"https:\/\/akdenizolaygazetesi.com\/index.php?rest_route=%2Fwp%2Fv2%2Fmedia&parent=1863"}],"wp:term":[{"taxonomy":"category","embeddable":true,"href":"https:\/\/akdenizolaygazetesi.com\/index.php?rest_route=%2Fwp%2Fv2%2Fcategories&post=1863"},{"taxonomy":"post_tag","embeddable":true,"href":"https:\/\/akdenizolaygazetesi.com\/index.php?rest_route=%2Fwp%2Fv2%2Ftags&post=1863"}],"curies":[{"name":"wp","href":"https:\/\/api.w.org\/{rel}","templated":true}]}}