{"id":1864,"date":"2020-11-04T18:22:24","date_gmt":"2020-11-04T15:22:24","guid":{"rendered":"http:\/\/mersinekonomipolitikagazetesi.com\/?p=1864"},"modified":"2020-11-04T18:22:24","modified_gmt":"2020-11-04T15:22:24","slug":"mutta-kaliteli-kayisi-ve-erik-ureticilerle-tuccarin-yuzunu-guldurdu","status":"publish","type":"post","link":"https:\/\/akdenizolaygazetesi.com\/?p=1864","title":{"rendered":"Mut\u2019ta kaliteli kay\u0131s\u0131 ve erik \u00fcreticilerle t\u00fcccar\u0131n y\u00fcz\u00fcn\u00fc g\u00fcld\u00fcrd\u00fc"},"content":{"rendered":"<p>Mersin\u2019in Mut il\u00e7esinde erkenci sofral\u0131k kay\u0131s\u0131 ve eri\u011fin kalitesi hem \u00fcreticileri hem de t\u00fcccar\u0131 memnun ediyor.<\/p>\n<p><span style=\"font-size:16px;\"><span style=\"font-family: sans-serif; line-height: 20px; text-align: justify; background-color: rgb(242, 244, 245);\">T\u00fcrkiye\u2019nin sofral\u0131k kay\u0131s\u0131 ihtiyac\u0131n\u0131n y\u00fczde 85\u2019ini kar\u015f\u0131layan Mut il\u00e7esinde, \u00fcretilen kay\u0131s\u0131 ihra\u00e7 edildi\u011fi gibi, i\u00e7 piyasada da canl\u0131l\u0131k kazand\u0131.\u00a0<\/span><br style=\"box-sizing: border-box; font-family: sans-serif; font-size: 14px; line-height: 20px; text-align: justify; background-color: rgb(242, 244, 245);\" \/><br \/>\n<span style=\"font-family: sans-serif; line-height: 20px; text-align: justify; background-color: rgb(242, 244, 245);\">Mersin B\u00fcy\u00fck\u015fehir Mut Belediyesi Toptanc\u0131 Hali Ya\u015f Meyve ve Sebze Komisyoncular\u0131 Derne\u011fi Ba\u015fkan\u0131 Mehmet Ali Acar, art\u0131k kay\u0131s\u0131 ve erikte hasat mevsimine girdiklerini belirterek, &#8220;Kay\u0131s\u0131lar\u0131m\u0131z pazara indi. \u015eu an 4 lira ila 6 lira aras\u0131nda cinsine g\u00f6re de\u011fi\u015fmektedir. Erik ise elekten ge\u00e7irilerek numaras\u0131na g\u00f6re 1 ila 4 lira aras\u0131nda al\u0131c\u0131 bulmaktad\u0131r. Bu sene \u00fcr\u00fcnlerimizde kalite son derece iyinin de \u00fcst\u00fcnde. Kalitemizde hi\u00e7bir s\u0131k\u0131nt\u0131m\u0131z yok. Kay\u0131s\u0131 rekoltemizin 150 bin tonu ve ihracat\u0131m\u0131z\u0131nda 70 bin tonu a\u015fmas\u0131 beklentimiz var&#8221; dedi.\u00a0<\/span><br style=\"box-sizing: border-box; font-family: sans-serif; font-size: 14px; line-height: 20px; text-align: justify; background-color: rgb(242, 244, 245);\" \/><br \/>\n<span style=\"font-family: sans-serif; line-height: 20px; text-align: justify; background-color: rgb(242, 244, 245);\">Mevsiminde s\u0131cak gitmesinden dolay\u0131 Kay\u0131s\u0131 sezonunun erken ba\u015flad\u0131\u011f\u0131n\u0131 s\u00f6yleyen Acar, &#8220;Halimize \u015fimdiden ge\u00e7en y\u0131llara g\u00f6re iki kat\u0131 ihracat\u00e7\u0131 geldi. \u015eu an g\u00fcnl\u00fck ihracata 150 ila 200 ton aras\u0131nda kay\u0131s\u0131 g\u00f6nderiyoruz. Bir bu kadarda i\u00e7 piyasaya g\u00f6nderiyoruz. \u0130hracat\u00e7\u0131lar so\u011fuk hava depolar\u0131nda paketleme yapmaya ba\u015flad\u0131lar. Kalite kay\u0131s\u0131dan ihracat\u00e7\u0131larda memnun. Bu y\u0131l erik ve kay\u0131s\u0131dan \u00fcreticilerimizin y\u00fcz\u00fc \u015fimdiden g\u00fclmeye ba\u015flad\u0131. \u0130lk turfanda matador cinsiydi\u201d diye konu\u015ftu.\u00a0<\/span><br style=\"box-sizing: border-box; font-family: sans-serif; font-size: 14px; line-height: 20px; text-align: justify; background-color: rgb(242, 244, 245);\" \/><br \/>\n<span style=\"font-family: sans-serif; line-height: 20px; text-align: justify; background-color: rgb(242, 244, 245);\">Bu y\u0131l Rusya ve Ortado\u011fu \u00fclkelerine ihracat yap\u0131laca\u011f\u0131n\u0131 kaydeden Acar, &#8220;Bizim T\u00fcrkiye\u2019de ihracat\u00e7\u0131 olup da Rusya\u2019da hali olan arkada\u015flar\u0131m\u0131z i\u015flerinin ba\u015f\u0131nda ve b\u00fct\u00fcn haz\u0131rl\u0131klar\u0131n\u0131 yapm\u0131\u015f bulunmakta. Bu y\u0131l ge\u00e7en y\u0131la g\u00f6re ihracat\u00e7\u0131 ak\u0131n\u0131na u\u011fram\u0131\u015f durumday\u0131z\u201d dedi.\u00a0<\/span><br style=\"box-sizing: border-box; font-family: sans-serif; font-size: 14px; line-height: 20px; text-align: justify; background-color: rgb(242, 244, 245);\" \/><br \/>\n<span style=\"font-family: sans-serif; line-height: 20px; text-align: justify; background-color: rgb(242, 244, 245);\">Komisyoncu Muhammet Acar ise, \u201cBu y\u0131l Rusya\u2019da olimpiyatlar\u0131n olmas\u0131 da bizim i\u015fimize yarad\u0131. Kay\u0131s\u0131 ihracat\u0131m\u0131za hem canl\u0131l\u0131k hem de fiyatlar\u0131 bizleri memnun etti\u201d dedi.\u00a0<\/span><\/span><\/p>\n","protected":false},"excerpt":{"rendered":"<p>Mersin\u2019in Mut il\u00e7esinde erkenci sofral\u0131k kay\u0131s\u0131 ve eri\u011fin kalitesi hem \u00fcreticileri hem de t\u00fcccar\u0131 memnun ediyor. T\u00fcrkiye\u2019nin sofral\u0131k kay\u0131s\u0131 ihtiyac\u0131n\u0131n y\u00fczde 85\u2019ini kar\u015f\u0131layan Mut il\u00e7esinde, \u00fcretilen kay\u0131s\u0131 ihra\u00e7 edildi\u011fi gibi, &hellip; <a href=\"https:\/\/akdenizolaygazetesi.com\/?p=1864\" class=\"more-link\">Devam\u0131n\u0131 Oku&#8230;<\/a><\/p>\n","protected":false},"author":1,"featured_media":0,"comment_status":"open","ping_status":"open","sticky":false,"template":"","format":"standard","meta":[],"categories":[],"tags":[],"_links":{"self":[{"href":"https:\/\/akdenizolaygazetesi.com\/index.php?rest_route=\/wp\/v2\/posts\/1864"}],"collection":[{"href":"https:\/\/akdenizolaygazetesi.com\/index.php?rest_route=\/wp\/v2\/posts"}],"about":[{"href":"https:\/\/akdenizolaygazetesi.com\/index.php?rest_route=\/wp\/v2\/types\/post"}],"author":[{"embeddable":true,"href":"https:\/\/akdenizolaygazetesi.com\/index.php?rest_route=\/wp\/v2\/users\/1"}],"replies":[{"embeddable":true,"href":"https:\/\/akdenizolaygazetesi.com\/index.php?rest_route=%2Fwp%2Fv2%2Fcomments&post=1864"}],"version-history":[{"count":0,"href":"https:\/\/akdenizolaygazetesi.com\/index.php?rest_route=\/wp\/v2\/posts\/1864\/revisions"}],"wp:attachment":[{"href":"https:\/\/akdenizolaygazetesi.com\/index.php?rest_route=%2Fwp%2Fv2%2Fmedia&parent=1864"}],"wp:term":[{"taxonomy":"category","embeddable":true,"href":"https:\/\/akdenizolaygazetesi.com\/index.php?rest_route=%2Fwp%2Fv2%2Fcategories&post=1864"},{"taxonomy":"post_tag","embeddable":true,"href":"https:\/\/akdenizolaygazetesi.com\/index.php?rest_route=%2Fwp%2Fv2%2Ftags&post=1864"}],"curies":[{"name":"wp","href":"https:\/\/api.w.org\/{rel}","templated":true}]}}