{"id":18649,"date":"2022-05-13T16:57:58","date_gmt":"2022-05-13T13:57:58","guid":{"rendered":"http:\/\/akdenizolaygazetesi.com\/?p=18649"},"modified":"2022-05-13T16:57:58","modified_gmt":"2022-05-13T13:57:58","slug":"sabri-tekli-daha-cok-sanayi-alani-olusturacagiz","status":"publish","type":"post","link":"https:\/\/akdenizolaygazetesi.com\/?p=18649","title":{"rendered":"Sabri Tekli: Daha \u00e7ok sanayi alan\u0131 olu\u015fturaca\u011f\u0131z"},"content":{"rendered":"<p>Kongo Cumhuriyeti \u00d6zel Ekonomik B\u00f6lgeleri Bakan\u0131 Emile Ouosso ve beraberindeki heyet Mersin Tarsus Organize Sanayi B\u00f6lgesi&#8217;ni ziyaret ederek \u00e7al\u0131\u015fmalar hakk\u0131nda bilgi ald\u0131.ffff<\/p>\n<p>Kongo Cumhuriyeti \u00d6zel Ekonomik B\u00f6lgeleri Bakan\u0131 Emile Ouosso, US\u0130AD Genel Ba\u015fkan\u0131 Nevaf K\u0131l\u0131\u00e7 ve i\u015fadamlar\u0131 MTOSB&#8217;yi ziyaret ederek Ba\u015fkan Sabri Tekli, Denetim Kurulu \u00dcyesi Hasan Y\u0131ld\u0131r\u0131m, M\u00fcte\u015febbis Heyet \u00dcyesi Halil Demirkol ve B\u00f6lge M\u00fcd\u00fcr\u00fc Halil Y\u0131lmaz ile bir araya gelerek Model Fabrika ve \u0130novasyon Merkezi&#8217;ni ziyaret etti.<\/p>\n<p>Ziyaret esnas\u0131nda konu\u015fan Ba\u015fkan Tekli, &#8216;Mersin Tarsus Organize Sanayi B\u00f6lgesi y\u00f6netim kurulu olarak sanayicilerimizin daha iyi hizmet verebilmesi i\u00e7in gerekli alt yap\u0131y\u0131 olu\u015fturarak, daha kaliteli bir \u00fcretim ger\u00e7ekle\u015ftirmeleri i\u00e7in \u00e7aba sarf ediyoruz. Bu anlamda 3. B\u00f6lgemizdeki t\u00fcm \u00e7al\u0131\u015fmalar\u0131m\u0131z\u0131 tamamlayarak 4. B\u00f6lgenin b\u00fcrokratik \u00e7al\u0131\u015fmalar\u0131n\u0131 tamamlad\u0131k. Onay s\u00fcrecindeyiz. K\u0131sa s\u00fcre i\u00e7erisinde 5. B\u00f6lge i\u00e7in b\u00fcrokratik \u00e7al\u0131\u015fmalar\u0131m\u0131za ba\u015flayaca\u011f\u0131z. Mersin&#8217;de sanayicilerimizin yat\u0131r\u0131m i\u015ftah\u0131 kabar\u0131k. Bu anlamda daha fazla sanayi alan\u0131 olu\u015fturabilmek i\u00e7in \u00e7al\u0131\u015f\u0131yoruz. 3. B\u00f6lgemizin \u00e7al\u0131\u015fmalar\u0131n\u0131 T\u00fcrkiye&#8217;de \u00f6rne\u011fi olmayan bir h\u0131zda tamamlad\u0131k. 4. B\u00f6lgemizde de ayn\u0131 h\u0131z ile \u00e7al\u0131\u015farak hemen ard\u0131ndan 5. B\u00f6lgemizin \u00e7al\u0131\u015fmalar\u0131na ba\u015flayaca\u011f\u0131z. \u00c7ok say\u0131da yat\u0131r\u0131m ba\u015fvurusu var. \u00d6n\u00fcm\u00fczdeki s\u00fcre\u00e7te Mersin sanayisinin \u00e7ok h\u0131zl\u0131 bir b\u00fcy\u00fcme ivmesine girmesini bekliyoruz&#8217; dedi.<\/p>\n<p>Kongo Cumhuriyeti \u00d6zel Ekonomik B\u00f6lgeleri Bakan\u0131 Emile Ouosso daha sonra Model Fabrika ve \u0130novasyon Merkezi&#8217;nde incelemelerde bulundu ve Model Fabrika&#8217;n\u0131n mutlaka Kongo Cumhuriyeti&#8217;nde de kurgulanmas\u0131 gerekti\u011fini ifade etti. <\/p>\n","protected":false},"excerpt":{"rendered":"<p>Kongo Cumhuriyeti \u00d6zel Ekonomik B\u00f6lgeleri Bakan\u0131 Emile Ouosso ve beraberindeki heyet Mersin Tarsus Organize Sanayi B\u00f6lgesi&#8217;ni ziyaret ederek \u00e7al\u0131\u015fmalar hakk\u0131nda bilgi ald\u0131.ffff Kongo Cumhuriyeti \u00d6zel Ekonomik B\u00f6lgeleri Bakan\u0131 Emile Ouosso, &hellip; <a href=\"https:\/\/akdenizolaygazetesi.com\/?p=18649\" class=\"more-link\">Devam\u0131n\u0131 Oku&#8230;<\/a><\/p>\n","protected":false},"author":2,"featured_media":18650,"comment_status":"open","ping_status":"open","sticky":false,"template":"","format":"standard","meta":[],"categories":[7,2,3,5],"tags":[],"_links":{"self":[{"href":"https:\/\/akdenizolaygazetesi.com\/index.php?rest_route=\/wp\/v2\/posts\/18649"}],"collection":[{"href":"https:\/\/akdenizolaygazetesi.com\/index.php?rest_route=\/wp\/v2\/posts"}],"about":[{"href":"https:\/\/akdenizolaygazetesi.com\/index.php?rest_route=\/wp\/v2\/types\/post"}],"author":[{"embeddable":true,"href":"https:\/\/akdenizolaygazetesi.com\/index.php?rest_route=\/wp\/v2\/users\/2"}],"replies":[{"embeddable":true,"href":"https:\/\/akdenizolaygazetesi.com\/index.php?rest_route=%2Fwp%2Fv2%2Fcomments&post=18649"}],"version-history":[{"count":1,"href":"https:\/\/akdenizolaygazetesi.com\/index.php?rest_route=\/wp\/v2\/posts\/18649\/revisions"}],"predecessor-version":[{"id":18651,"href":"https:\/\/akdenizolaygazetesi.com\/index.php?rest_route=\/wp\/v2\/posts\/18649\/revisions\/18651"}],"wp:featuredmedia":[{"embeddable":true,"href":"https:\/\/akdenizolaygazetesi.com\/index.php?rest_route=\/wp\/v2\/media\/18650"}],"wp:attachment":[{"href":"https:\/\/akdenizolaygazetesi.com\/index.php?rest_route=%2Fwp%2Fv2%2Fmedia&parent=18649"}],"wp:term":[{"taxonomy":"category","embeddable":true,"href":"https:\/\/akdenizolaygazetesi.com\/index.php?rest_route=%2Fwp%2Fv2%2Fcategories&post=18649"},{"taxonomy":"post_tag","embeddable":true,"href":"https:\/\/akdenizolaygazetesi.com\/index.php?rest_route=%2Fwp%2Fv2%2Ftags&post=18649"}],"curies":[{"name":"wp","href":"https:\/\/api.w.org\/{rel}","templated":true}]}}