{"id":1865,"date":"2020-11-04T18:22:25","date_gmt":"2020-11-04T15:22:25","guid":{"rendered":"http:\/\/mersinekonomipolitikagazetesi.com\/?p=1865"},"modified":"2020-11-04T18:22:25","modified_gmt":"2020-11-04T15:22:25","slug":"su-kuyusuna-dusen-genc-bogularak-oldu","status":"publish","type":"post","link":"https:\/\/akdenizolaygazetesi.com\/?p=1865","title":{"rendered":"Su kuyusuna d\u00fc\u015fen gen\u00e7 bo\u011fularak \u00f6ld\u00fc"},"content":{"rendered":"<p>Mersin&#8217;de sulama yapt\u0131\u011f\u0131 motopompun d\u00fc\u015fen par\u00e7as\u0131n\u0131 \u00e7\u0131karmak isterken 15 metre derinli\u011findeki su kuyusuna d\u00fc\u015fen gen\u00e7, bo\u011fularak hayat\u0131n\u0131 kaybetti.<\/p>\n<p><span style=\"font-size:16px;\"><span style=\"font-family: sans-serif; line-height: 20px; text-align: justify; background-color: rgb(242, 244, 245);\">Edinilen bilgiye g\u00f6re, G\u00fclnar il\u00e7esi Konur Mahallesi&#8217;nde ta\u015f \u00f6rmeli su kuyusundan motopompla su \u00e7ekerek bah\u00e7esini sulayan Mustafa Ak (23), motopompun d\u00fc\u015fen par\u00e7as\u0131n\u0131 \u00e7\u0131karmak i\u00e7in kuyuya girdi. Yakla\u015f\u0131k 15 metre derinli\u011finde, yar\u0131m metre geni\u015fli\u011findeki kuyuya tedbirsiz bir \u015fekilde inmeye \u00e7al\u0131\u015fan Ak, karbon gaz\u0131n\u0131n da etkisiyle su kuyusuna d\u00fc\u015ferek bo\u011fuldu. \u0130hbar \u00fczerine olay yerine giden itfaiye ekipleri, kuyunun dar olmas\u0131 ve yo\u011fun gaz nedeniyle AFAD ekiplerinden yard\u0131m istedi. Mustafa Ak&#8217;\u0131n cesedi, uzun u\u011fra\u015flar sonucu kuyudan \u00e7\u0131kar\u0131larak otopsi i\u00e7in hastane morguna kald\u0131r\u0131ld\u0131.\u00a0<\/span><br style=\"box-sizing: border-box; font-family: sans-serif; font-size: 14px; line-height: 20px; text-align: justify; background-color: rgb(242, 244, 245);\" \/><br \/>\n<span style=\"font-family: sans-serif; line-height: 20px; text-align: justify; background-color: rgb(242, 244, 245);\">Olayla ilgili soru\u015fturman\u0131n s\u00fcrd\u00fc\u011f\u00fc bildirildi.\u00a0<\/span><\/span><\/p>\n","protected":false},"excerpt":{"rendered":"<p>Mersin&#8217;de sulama yapt\u0131\u011f\u0131 motopompun d\u00fc\u015fen par\u00e7as\u0131n\u0131 \u00e7\u0131karmak isterken 15 metre derinli\u011findeki su kuyusuna d\u00fc\u015fen gen\u00e7, bo\u011fularak hayat\u0131n\u0131 kaybetti. Edinilen bilgiye g\u00f6re, G\u00fclnar il\u00e7esi Konur Mahallesi&#8217;nde ta\u015f \u00f6rmeli su kuyusundan motopompla &hellip; <a href=\"https:\/\/akdenizolaygazetesi.com\/?p=1865\" class=\"more-link\">Devam\u0131n\u0131 Oku&#8230;<\/a><\/p>\n","protected":false},"author":1,"featured_media":0,"comment_status":"open","ping_status":"open","sticky":false,"template":"","format":"standard","meta":[],"categories":[],"tags":[],"_links":{"self":[{"href":"https:\/\/akdenizolaygazetesi.com\/index.php?rest_route=\/wp\/v2\/posts\/1865"}],"collection":[{"href":"https:\/\/akdenizolaygazetesi.com\/index.php?rest_route=\/wp\/v2\/posts"}],"about":[{"href":"https:\/\/akdenizolaygazetesi.com\/index.php?rest_route=\/wp\/v2\/types\/post"}],"author":[{"embeddable":true,"href":"https:\/\/akdenizolaygazetesi.com\/index.php?rest_route=\/wp\/v2\/users\/1"}],"replies":[{"embeddable":true,"href":"https:\/\/akdenizolaygazetesi.com\/index.php?rest_route=%2Fwp%2Fv2%2Fcomments&post=1865"}],"version-history":[{"count":0,"href":"https:\/\/akdenizolaygazetesi.com\/index.php?rest_route=\/wp\/v2\/posts\/1865\/revisions"}],"wp:attachment":[{"href":"https:\/\/akdenizolaygazetesi.com\/index.php?rest_route=%2Fwp%2Fv2%2Fmedia&parent=1865"}],"wp:term":[{"taxonomy":"category","embeddable":true,"href":"https:\/\/akdenizolaygazetesi.com\/index.php?rest_route=%2Fwp%2Fv2%2Fcategories&post=1865"},{"taxonomy":"post_tag","embeddable":true,"href":"https:\/\/akdenizolaygazetesi.com\/index.php?rest_route=%2Fwp%2Fv2%2Ftags&post=1865"}],"curies":[{"name":"wp","href":"https:\/\/api.w.org\/{rel}","templated":true}]}}