{"id":18658,"date":"2022-05-14T15:54:40","date_gmt":"2022-05-14T12:54:40","guid":{"rendered":"http:\/\/akdenizolaygazetesi.com\/?p=18658"},"modified":"2022-05-14T15:54:40","modified_gmt":"2022-05-14T12:54:40","slug":"mersinde-fiziki-yeterlilik-sinavinda-gecici-isci-adaylari-yarisiyor","status":"publish","type":"post","link":"https:\/\/akdenizolaygazetesi.com\/?p=18658","title":{"rendered":"Mersin\u2019de fiziki yeterlilik s\u0131nav\u0131nda ge\u00e7ici i\u015f\u00e7i adaylar\u0131 yar\u0131\u015f\u0131yor"},"content":{"rendered":"<p>Genel\u00a0 M\u00fcd\u00fcrl\u00fc\u011f\u00fcm\u00fcz\u00fcn\u00a0 25.04.2022\u00a0 tarih\u00a0 ve\u00a0 4168731\u00a0 say\u0131l\u0131\u00a0 emirlerine\u00a0 istinaden Mersin Orman B\u00f6lge M\u00fcd\u00fcrl\u00fc\u011f\u00fcm\u00fcze ba\u011fl\u0131 Orman \u0130\u015fletme M\u00fcd\u00fcrl\u00fcklerinde\u00a0 \u00a0\u00e7al\u0131\u015ft\u0131r\u0131lmak \u00fczere; 188\u00a0 &#8221;Ge\u00e7ici \u0130\u015f\u00e7i\u201d kura \u00e7ekim i\u015flemi neticesinde, asil ve yedek adaylar belirlenmi\u015f ve (https:\/\/mersinobm.ogm.gov.tr\/) web sayfas\u0131nda ilan edilmi\u015fti.<br \/>\n4 g\u00fcn s\u00fcrecek olan fiziki yeterlilik s\u0131navlar\u0131na, Mersin Orman \u00a0B\u00f6lge M\u00fcd\u00fcr Yard\u0131mc\u0131lar\u0131m\u0131z Mehmet Fulin ve Ya\u015far Yaman Sa\u011flam, \u015fube m\u00fcd\u00fcrleri, spor hocalar\u0131 ve adaylar\u0131n kat\u0131l\u0131m\u0131yla ba\u015flad\u0131.<br \/>\nB\u00f6lge M\u00fcd\u00fcrl\u00fc\u011f\u00fcm\u00fcz b\u00fcnyesinde, orman yang\u0131nlar\u0131 ba\u015fta olmak \u00fczere \u00e7e\u015fitli ormanc\u0131l\u0131k faaliyetlerinde \u00e7al\u0131\u015ft\u0131r\u0131lmak \u00fczere al\u0131nacak i\u015f\u00e7iler, fiziki performanslar\u0131n\u0131n \u00f6l\u00e7\u00fcld\u00fc\u011f\u00fc, 200 m.ko\u015fu parkurunda zamana kar\u015f\u0131 ter d\u00f6kt\u00fcler.<br \/>\nB\u00f6lge M\u00fcd\u00fcrl\u00fc\u011f\u00fcm\u00fcz b\u00fcnyesinde istihdam edilmek \u00fczere ilan edilen, 159 orman i\u015f\u00e7isi ve 10 itfaiyeci olmak \u00fczere 169 ge\u00e7ici\u00a0 i\u015f\u00e7i \u00a0al\u0131m\u0131 adaylar\u0131n fiziki yeterlilik s\u0131navlar\u0131 12.05.2022-17.05.2022 tarihleri aras\u0131nda tamamlanacakt\u0131r.\u00a0<\/p>\n","protected":false},"excerpt":{"rendered":"<p>Genel\u00a0 M\u00fcd\u00fcrl\u00fc\u011f\u00fcm\u00fcz\u00fcn\u00a0 25.04.2022\u00a0 tarih\u00a0 ve\u00a0 4168731\u00a0 say\u0131l\u0131\u00a0 emirlerine\u00a0 istinaden Mersin Orman B\u00f6lge M\u00fcd\u00fcrl\u00fc\u011f\u00fcm\u00fcze ba\u011fl\u0131 Orman \u0130\u015fletme M\u00fcd\u00fcrl\u00fcklerinde\u00a0 \u00a0\u00e7al\u0131\u015ft\u0131r\u0131lmak \u00fczere; 188\u00a0 &#8221;Ge\u00e7ici \u0130\u015f\u00e7i\u201d kura \u00e7ekim i\u015flemi neticesinde, asil ve yedek adaylar &hellip; <a href=\"https:\/\/akdenizolaygazetesi.com\/?p=18658\" class=\"more-link\">Devam\u0131n\u0131 Oku&#8230;<\/a><\/p>\n","protected":false},"author":2,"featured_media":18659,"comment_status":"open","ping_status":"open","sticky":false,"template":"","format":"standard","meta":[],"categories":[3],"tags":[],"_links":{"self":[{"href":"https:\/\/akdenizolaygazetesi.com\/index.php?rest_route=\/wp\/v2\/posts\/18658"}],"collection":[{"href":"https:\/\/akdenizolaygazetesi.com\/index.php?rest_route=\/wp\/v2\/posts"}],"about":[{"href":"https:\/\/akdenizolaygazetesi.com\/index.php?rest_route=\/wp\/v2\/types\/post"}],"author":[{"embeddable":true,"href":"https:\/\/akdenizolaygazetesi.com\/index.php?rest_route=\/wp\/v2\/users\/2"}],"replies":[{"embeddable":true,"href":"https:\/\/akdenizolaygazetesi.com\/index.php?rest_route=%2Fwp%2Fv2%2Fcomments&post=18658"}],"version-history":[{"count":1,"href":"https:\/\/akdenizolaygazetesi.com\/index.php?rest_route=\/wp\/v2\/posts\/18658\/revisions"}],"predecessor-version":[{"id":18660,"href":"https:\/\/akdenizolaygazetesi.com\/index.php?rest_route=\/wp\/v2\/posts\/18658\/revisions\/18660"}],"wp:featuredmedia":[{"embeddable":true,"href":"https:\/\/akdenizolaygazetesi.com\/index.php?rest_route=\/wp\/v2\/media\/18659"}],"wp:attachment":[{"href":"https:\/\/akdenizolaygazetesi.com\/index.php?rest_route=%2Fwp%2Fv2%2Fmedia&parent=18658"}],"wp:term":[{"taxonomy":"category","embeddable":true,"href":"https:\/\/akdenizolaygazetesi.com\/index.php?rest_route=%2Fwp%2Fv2%2Fcategories&post=18658"},{"taxonomy":"post_tag","embeddable":true,"href":"https:\/\/akdenizolaygazetesi.com\/index.php?rest_route=%2Fwp%2Fv2%2Ftags&post=18658"}],"curies":[{"name":"wp","href":"https:\/\/api.w.org\/{rel}","templated":true}]}}