{"id":18661,"date":"2022-05-14T15:56:37","date_gmt":"2022-05-14T12:56:37","guid":{"rendered":"http:\/\/akdenizolaygazetesi.com\/?p=18661"},"modified":"2022-05-14T15:56:37","modified_gmt":"2022-05-14T12:56:37","slug":"baskan-yilmaz-siarimiz-guclu-kadin-ve-guclu-aile","status":"publish","type":"post","link":"https:\/\/akdenizolaygazetesi.com\/?p=18661","title":{"rendered":"BA\u015eKAN YILMAZ; &#8220;\u015e\u0130ARIMIZ, G\u00dc\u00c7L\u00dc KADIN VE G\u00dc\u00c7L\u00dc A\u0130LE&#8221;"},"content":{"rendered":"<p>Toroslar Belediye Ba\u015fkan\u0131 Ats\u0131z Af\u015f\u0131n Y\u0131lmaz, Milliyet\u00e7i Hareket Partisi Aile, Kad\u0131n ve Engellilerden Sorumlu Genel Ba\u015fkan Yard\u0131mc\u0131s\u0131 Dr. Pelin Y\u0131l\u0131k&#8217;\u0131, Toroslar Belediyesi Teknik ve Mesleki E\u011fitim Kurslar\u0131&#8217;nda (TORTEK) ve Kuvayimilliye Kararg\u00e2h\u0131&#8217;nda a\u011f\u0131rlad\u0131.<\/p>\n<p>Genel Ba\u015fkan Yard\u0131mc\u0131s\u0131 Y\u0131l\u0131k, MHP Genel Ba\u015fkan\u0131 Devlet Bah\u00e7eli&#8217;nin talimatlar\u0131yla &#8220;Kad\u0131n ve Siyaset&#8221; konulu te\u015fkilat toplant\u0131lar\u0131 i\u00e7in Mersin&#8217;de bir dizi programlara kat\u0131ld\u0131.<\/p>\n<p>MHP Mersin Milletvekilleri Olcay K\u0131lavuz ve Baki \u015eim\u015fek, MHP MYK \u00dcyesi Serdar Soydan, MHP Mersin \u0130l Ba\u015fkan\u0131 Zeynel U\u011fur G\u00f6lgeli, Uluslararas\u0131 \u0130li\u015fkiler Uzman\u0131 Do\u00e7. Dr. Esma Sara\u00e7 \u00d6zda\u015fl\u0131, MHP \u0130l\u00e7e Te\u015fkilat Ba\u015fkanlar\u0131, MHP Mersin \u0130l KA\u00c7EP Ba\u015fkan\u0131 Fadime \u015een ve \u0130l\u00e7e KA\u00c7EP Ba\u015fkanlar\u0131, \u00dclk\u00fc Ocaklar\u0131 Mersin \u0130l Ba\u015fkan\u0131 Murat Sezer ve partili kad\u0131nlar\u0131n haz\u0131r bulundu\u011fu program\u0131n ard\u0131ndan MHP Genel Ba\u015fkan Yard\u0131mc\u0131s\u0131 Y\u0131l\u0131k, Mersin \u0130l Ba\u015fkanl\u0131\u011f\u0131 ile engelli gen\u00e7 Kurtulu\u015f Kaya&#8217;y\u0131 ve kahraman \u015fehidimiz Celil Mutlu&#8217;nun ailesini ziyaret etti.<\/p>\n<p>Genel Ba\u015fkan Yard\u0131mc\u0131s\u0131 Y\u0131l\u0131k, daha sonra Belediye Ba\u015fkan\u0131 Ats\u0131z Af\u015f\u0131n Y\u0131lmaz&#8217;\u0131n ev sahipli\u011finde Osmaniye Mahallesi&#8217;ndeki TORTEK Merkezinde d\u00fczenlenen programda kurs e\u011fitmenlerinin ve kursiyerlerin el eme\u011fi ile haz\u0131rlad\u0131klar\u0131 \u00fcr\u00fcnleri inceleyerek, Ba\u015fkan Y\u0131lmaz&#8217;a kad\u0131nlara sundu\u011fu desteklerden dolay\u0131 te\u015fekk\u00fcr etti.<\/p>\n<p>Toroslar \u0130l\u00e7e Kaymakam\u0131 \u0130brahim \u00c7enet, MHP MYK \u00dcyesi Serdar Soydan, MHP Mersin \u0130l Ba\u015fkan\u0131 Zeynel U\u011fur G\u00f6lgeli, Do\u00e7. Dr. Esma Sara\u00e7 \u00d6zda\u015fl\u0131, MHP \u0130l\u00e7e Te\u015fkilat Ba\u015fkanlar\u0131, MHP Mersin \u0130l KA\u00c7EP Ba\u015fkan\u0131 Fadime \u015een ve \u0130l\u00e7e KA\u00c7EP Ba\u015fkanlar\u0131 ve belediye meclis \u00fcyelerinin de kat\u0131ld\u0131\u011f\u0131 programda Y\u0131l\u0131k&#8217;\u0131, TORTEK \u00c7ocuk Oyun Odas\u0131&#8217;n\u0131n minik \u00f6\u011frencileri kar\u015f\u0131lad\u0131.<\/p>\n<p>Programda, kurslara kat\u0131lan kursiyerler ile Toroslar Kad\u0131n ve \u00c7ocuk Dan\u0131\u015fma Merkezi&#8217;nden hizmet alan bayanlar ise s\u00f6zler alarak memnuniyetlerini dile getirip, Ba\u015fkan Y\u0131lmaz&#8217;a kendilerine sundu\u011fu bu imkanlardan dolay\u0131 te\u015fekk\u00fcr ettiler.<\/p>\n<p>MHP Mersin \u0130l KA\u00c7EP Ba\u015fkan\u0131 Fadime \u015een de her ba\u015far\u0131l\u0131 erke\u011fin arkas\u0131nda \u00e7ok g\u00fc\u00e7l\u00fc bir kad\u0131n\u0131n yer ald\u0131\u011f\u0131n\u0131 belirterek; &#8220;Ats\u0131z Af\u015f\u0131n Y\u0131lmaz Ba\u015fkan\u0131m\u0131z\u0131n da arkas\u0131nda k\u0131ymetli e\u015fi Meltem Y\u0131lmaz han\u0131mefendi var. Bug\u00fcn burada olmaktan \u00e7ok gurur duyduk. Belediye Ba\u015fkan\u0131m\u0131za bize her platformda destek oldu\u011fu i\u00e7in te\u015fekk\u00fcr ediyorum&#8221; dedi.<\/p>\n<p>BA\u015eKAN YILMAZ; &#8220;\u015e\u0130ARIMIZ, G\u00dc\u00c7L\u00dc KADIN VE G\u00dc\u00c7L\u00dc A\u0130LE&#8221;<\/p>\n<p>Toroslar Belediye Ba\u015fkan\u0131 Ats\u0131z Af\u015f\u0131n Y\u0131lmaz da Genel Ba\u015fkan Yard\u0131mc\u0131s\u0131 Pelin Y\u0131l\u0131k&#8217;\u0131, Mersin&#8217;de Toroslar&#8217;da a\u011f\u0131rlamaktan b\u00fcy\u00fck mutluluk duyduklar\u0131n\u0131 kaydederek; &#8220;Say\u0131n Genel Ba\u015fkan Yard\u0131mc\u0131m\u0131z\u0131n hayat\u0131 ve bulundu\u011fu nokta bir ba\u015far\u0131 hik\u00e2yesidir. Ne zaman Genel Merkezimizde kendisini ziyaret etsek ve \u00e7al\u0131\u015fmalar\u0131m\u0131zdan bahsetsek bizlere hep destek olmu\u015f ve motive etmi\u015ftir. Say\u0131n Genel Ba\u015fkan Yard\u0131mc\u0131m\u0131z\u0131n varl\u0131\u011f\u0131 bizlere g\u00fc\u00e7 veriyor. Hep beraber, birlik ve beraberlik i\u00e7inde olmaya devam edece\u011fiz. Do\u00e7. Dr. Esma Sara\u00e7 \u00d6zda\u015fl\u0131&#8217;ya, KA\u00c7EP \u0130l Ba\u015fkan\u0131m\u0131z ve \u0130l\u00e7e Ba\u015fkanlar\u0131m\u0131za da te\u015fekk\u00fcr ediyorum&#8221; ifadelerini kulland\u0131.<\/p>\n<p>&#8220;\u00c7ocuklar\u0131m\u0131z\u0131n daha g\u00fc\u00e7l\u00fc bir T\u00fcrkiye&#8217;de ya\u015famas\u0131n\u0131 istiyoruz&#8221; diyen Ba\u015fkan Y\u0131lmaz; &#8220;G\u00fc\u00e7l\u00fc aile, g\u00fc\u00e7l\u00fc kad\u0131n demektir. Biz de bu heyecanla ve \u015fevkle \u00e7al\u0131\u015f\u0131yoruz. 46 bran\u015fta sundu\u011fumuz TORTEK Merkezimizdeki kursiyerlerimizin \u00e7al\u0131\u015fmalar\u0131n\u0131n sonu\u00e7lar\u0131n\u0131 g\u00f6rmek bizleri mutlu ediyor. Ayn\u0131 zamanda kursiyerlerimizin el eme\u011fi ile haz\u0131rlad\u0131klar\u0131 \u00fcr\u00fcnleri satarak aile ekonomilerine katk\u0131da bulunmalar\u0131na da imkan sa\u011fl\u0131yoruz&#8221; diye konu\u015ftu.<\/p>\n<p>GENEL BA\u015eKAN YARDIMCISI YILIK; &#8220;TOROSLAR&#8217;DA OLMAKTAN B\u00dcY\u00dcK MUTLULUK DUYDUM&#8221;<\/p>\n<p>MHP Aile, Kad\u0131n ve Engellilerden Sorumlu Genel Ba\u015fkan Yard\u0131mc\u0131s\u0131 Dr. Pelin Y\u0131l\u0131k, Toroslar&#8217;da kad\u0131n eme\u011fini g\u00f6rmekten dolay\u0131 b\u00fcy\u00fck mutluluk duydu\u011funu vurgulayarak; &#8220;\u00d6ncelikle Genel Ba\u015fkan\u0131m\u0131z Devlet Bah\u00e7eli&#8217;nin selamlar\u0131n\u0131 iletiyorum. Bizleri \u00e7ok g\u00fczel bir kalabal\u0131k kar\u015f\u0131lad\u0131. \u00c7ocuklar\u0131m\u0131z\u0131n y\u00fcz\u00fcnde g\u00fcl\u00fcmsemeyi g\u00f6rmek ve hissetmek bizi ger\u00e7ekten mutlu etti. Kad\u0131nlar, toplumumuzun \u00e7ok m\u00fcstesna de\u011feri. Kad\u0131n\u0131n olmad\u0131\u011f\u0131 hi\u00e7bir \u015fey, tam anlam\u0131yla de\u011ferine eri\u015femiyor. Toroslar Belediye Ba\u015fkan\u0131m\u0131z Ats\u0131z Af\u015f\u0131n Y\u0131lmaz&#8217;a kad\u0131na verdi\u011fi de\u011ferden dolay\u0131 \u00e7ok te\u015fekk\u00fcr ediyorum. Kad\u0131n\u0131n elinin de\u011fdi\u011fi her \u015fey g\u00fczelle\u015fiyor. Burada da bunun en g\u00fczel \u00f6rne\u011fini canl\u0131 olarak g\u00f6rm\u00fc\u015f oldum. Hepinize en i\u00e7ten sevgi ve sayg\u0131lar\u0131m\u0131 sunuyorum&#8221; \u015feklinde konu\u015ftu.<\/p>\n<p>Daha sonra Ba\u015fkan Y\u0131lmaz, Genel Ba\u015fkan Yard\u0131mc\u0131s\u0131 Dr. Pelin Y\u0131l\u0131k ile Do\u00e7. Dr. Esma Sara\u00e7 \u00d6zda\u015fl\u0131&#8217;ya TORTEK&#8217;te el eme\u011fi g\u00f6z nuru ile \u00fcretilen \u00fcr\u00fcnlerden takdim etti.<\/p>\n<p>Y\u0131l\u0131k, Kuvayimilliye Kararg\u00e2h\u0131&#8217;nda An\u0131 Defterine D\u00fc\u015f\u00fcncelerini Yazd\u0131<\/p>\n<p>Ba\u015fkan Y\u0131lmaz, Genel Ba\u015fkan Yard\u0131mc\u0131s\u0131 Pelin Y\u0131l\u0131k&#8217;\u0131, Buluklu Mahallesi&#8217;nde bulunan Kuvayimilliye Kararg\u00e2h\u0131&#8217;nda da a\u011f\u0131rlad\u0131. Y\u0131l\u0131k, \u015fehit ve gazilerin an\u0131s\u0131n\u0131n bir araya getirildi\u011fi, foto\u011fraflar, belgeler ve etnografik eserlerin yer ald\u0131\u011f\u0131 karargah\u0131 gezerek, an\u0131 defterine d\u00fc\u015f\u00fcncelerini yazd\u0131. Program, hat\u0131ra foto\u011fraf\u0131 \u00e7ekimiyle son buldu.<\/p>\n","protected":false},"excerpt":{"rendered":"<p>Toroslar Belediye Ba\u015fkan\u0131 Ats\u0131z Af\u015f\u0131n Y\u0131lmaz, Milliyet\u00e7i Hareket Partisi Aile, Kad\u0131n ve Engellilerden Sorumlu Genel Ba\u015fkan Yard\u0131mc\u0131s\u0131 Dr. Pelin Y\u0131l\u0131k&#8217;\u0131, Toroslar Belediyesi Teknik ve Mesleki E\u011fitim Kurslar\u0131&#8217;nda (TORTEK) ve Kuvayimilliye &hellip; <a href=\"https:\/\/akdenizolaygazetesi.com\/?p=18661\" class=\"more-link\">Devam\u0131n\u0131 Oku&#8230;<\/a><\/p>\n","protected":false},"author":2,"featured_media":18662,"comment_status":"open","ping_status":"open","sticky":false,"template":"","format":"standard","meta":[],"categories":[1,2,3,5],"tags":[],"_links":{"self":[{"href":"https:\/\/akdenizolaygazetesi.com\/index.php?rest_route=\/wp\/v2\/posts\/18661"}],"collection":[{"href":"https:\/\/akdenizolaygazetesi.com\/index.php?rest_route=\/wp\/v2\/posts"}],"about":[{"href":"https:\/\/akdenizolaygazetesi.com\/index.php?rest_route=\/wp\/v2\/types\/post"}],"author":[{"embeddable":true,"href":"https:\/\/akdenizolaygazetesi.com\/index.php?rest_route=\/wp\/v2\/users\/2"}],"replies":[{"embeddable":true,"href":"https:\/\/akdenizolaygazetesi.com\/index.php?rest_route=%2Fwp%2Fv2%2Fcomments&post=18661"}],"version-history":[{"count":1,"href":"https:\/\/akdenizolaygazetesi.com\/index.php?rest_route=\/wp\/v2\/posts\/18661\/revisions"}],"predecessor-version":[{"id":18663,"href":"https:\/\/akdenizolaygazetesi.com\/index.php?rest_route=\/wp\/v2\/posts\/18661\/revisions\/18663"}],"wp:featuredmedia":[{"embeddable":true,"href":"https:\/\/akdenizolaygazetesi.com\/index.php?rest_route=\/wp\/v2\/media\/18662"}],"wp:attachment":[{"href":"https:\/\/akdenizolaygazetesi.com\/index.php?rest_route=%2Fwp%2Fv2%2Fmedia&parent=18661"}],"wp:term":[{"taxonomy":"category","embeddable":true,"href":"https:\/\/akdenizolaygazetesi.com\/index.php?rest_route=%2Fwp%2Fv2%2Fcategories&post=18661"},{"taxonomy":"post_tag","embeddable":true,"href":"https:\/\/akdenizolaygazetesi.com\/index.php?rest_route=%2Fwp%2Fv2%2Ftags&post=18661"}],"curies":[{"name":"wp","href":"https:\/\/api.w.org\/{rel}","templated":true}]}}