{"id":18664,"date":"2022-05-14T15:58:25","date_gmt":"2022-05-14T12:58:25","guid":{"rendered":"http:\/\/akdenizolaygazetesi.com\/?p=18664"},"modified":"2022-05-14T15:58:25","modified_gmt":"2022-05-14T12:58:25","slug":"chpli-buyuksehir-belediye-baskanlari-akdenizin-incisi-mersinde","status":"publish","type":"post","link":"https:\/\/akdenizolaygazetesi.com\/?p=18664","title":{"rendered":"CHP&#8217;L\u0130 B\u00dcY\u00dcK\u015eEH\u0130R BELED\u0130YE BA\u015eKANLARI AKDEN\u0130Z&#8217;\u0130N \u0130NC\u0130S\u0130 MERS\u0130N&#8217;DE"},"content":{"rendered":"<p>Cumhuriyet Halk Partili (CHP) 11 B\u00fcy\u00fck\u015fehir Belediye Ba\u015fkan\u0131n\u0131n d\u00fczenli aral\u0131klarla yapt\u0131\u011f\u0131 toplant\u0131lar\u0131n bu seferki ev sahibi Mersin oldu. Mersin B\u00fcy\u00fck\u015fehir Belediye Ba\u015fkan\u0131 Vahap Se\u00e7er ve e\u015fi Meral Se\u00e7er, CHP&#8217;li B\u00fcy\u00fck\u015fehir Belediye Ba\u015fkanlar\u0131n\u0131 Mersin&#8217;de kar\u015f\u0131lad\u0131. Geleneksel hale gelen bulu\u015fma kapsam\u0131nda kente gelen CHP&#8217;li B\u00fcy\u00fck\u015fehir Belediye Ba\u015fkanlar\u0131, sonu\u00e7 bildirisinin kamuoyuyla payla\u015f\u0131laca\u011f\u0131 bir toplant\u0131 ger\u00e7ekle\u015ftirecek.<\/p>\n<p>Toplant\u0131n\u0131n yap\u0131laca\u011f\u0131 otele bir g\u00fcn \u00f6ncesinden gelen Adana B\u00fcy\u00fck\u015fehir Belediye Ba\u015fkan\u0131 Zeydan Karalar ve e\u015fi Nuray Karalar, Ankara B\u00fcy\u00fck\u015fehir Belediye Ba\u015fkan\u0131 Mansur Yava\u015f ve e\u015fi Nursen Yava\u015f, Eski\u015fehir B\u00fcy\u00fck\u015fehir Belediye Ba\u015fkan\u0131 Y\u0131lmaz B\u00fcy\u00fcker\u015fen, Ayd\u0131n B\u00fcy\u00fck\u015fehir Belediye Ba\u015fkan\u0131 \u00d6zlem \u00c7er\u00e7io\u011flu, Antalya B\u00fcy\u00fck\u015fehir Belediye Ba\u015fkan\u0131 Muhittin B\u00f6cek, Mu\u011fla B\u00fcy\u00fck\u015fehir Belediye Ba\u015fkan\u0131 Osman G\u00fcr\u00fcn ve e\u015fi G\u00fcls\u00fcn G\u00fcr\u00fcn, Tekirda\u011f B\u00fcy\u00fck\u015fehir Belediye Ba\u015fkan\u0131 Kadir Albayrak ve e\u015fi G\u00fclseren Albayrak, Hatay B\u00fcy\u00fck\u015fehir Belediye Ba\u015fkan\u0131 L\u00fctf\u00fc Sava\u015f ve e\u015fi Nazan Sava\u015f ile \u0130zmir B\u00fcy\u00fck\u015fehir Belediye Ba\u015fkan\u0131 Tun\u00e7 Soyer&#8217;in e\u015fi Nept\u00fcn Soyer&#8217;i Ba\u015fkan Se\u00e7er ve Meral Se\u00e7er birlikte kar\u015f\u0131lad\u0131.<\/p>\n<p>CHP&#8217;li B\u00fcy\u00fck\u015fehir Belediye Ba\u015fkanlar\u0131 toplant\u0131s\u0131, CHP Yerel Y\u00f6netimlerden Sorumlu Genel Ba\u015fkan Yard\u0131mc\u0131s\u0131 Seyit Torun&#8217;un da kat\u0131l\u0131m\u0131yla 14 May\u0131s Cumartesi g\u00fcn\u00fc yap\u0131lacak. Toplant\u0131n\u0131n ard\u0131ndan Ba\u015fkanlar, haz\u0131rlad\u0131klar\u0131 sonu\u00e7 bildirisini kamuoyuyla payla\u015facak. Bulu\u015fma kapsam\u0131nda Mersin&#8217;e gelen B\u00fcy\u00fck\u015fehir Belediye Ba\u015fkanlar\u0131n\u0131n e\u015fleri de ger\u00e7ekle\u015ftirilecek toplant\u0131 boyunca kentin tarihi yerlerini gezecek.<\/p>\n<p>Ba\u015fkanlar, 15 May\u0131s Pazar g\u00fcn\u00fc kentten ayr\u0131lacak.<\/p>\n","protected":false},"excerpt":{"rendered":"<p>Cumhuriyet Halk Partili (CHP) 11 B\u00fcy\u00fck\u015fehir Belediye Ba\u015fkan\u0131n\u0131n d\u00fczenli aral\u0131klarla yapt\u0131\u011f\u0131 toplant\u0131lar\u0131n bu seferki ev sahibi Mersin oldu. Mersin B\u00fcy\u00fck\u015fehir Belediye Ba\u015fkan\u0131 Vahap Se\u00e7er ve e\u015fi Meral Se\u00e7er, CHP&#8217;li B\u00fcy\u00fck\u015fehir &hellip; <a href=\"https:\/\/akdenizolaygazetesi.com\/?p=18664\" class=\"more-link\">Devam\u0131n\u0131 Oku&#8230;<\/a><\/p>\n","protected":false},"author":2,"featured_media":18665,"comment_status":"open","ping_status":"open","sticky":false,"template":"","format":"standard","meta":[],"categories":[2,3,5],"tags":[],"_links":{"self":[{"href":"https:\/\/akdenizolaygazetesi.com\/index.php?rest_route=\/wp\/v2\/posts\/18664"}],"collection":[{"href":"https:\/\/akdenizolaygazetesi.com\/index.php?rest_route=\/wp\/v2\/posts"}],"about":[{"href":"https:\/\/akdenizolaygazetesi.com\/index.php?rest_route=\/wp\/v2\/types\/post"}],"author":[{"embeddable":true,"href":"https:\/\/akdenizolaygazetesi.com\/index.php?rest_route=\/wp\/v2\/users\/2"}],"replies":[{"embeddable":true,"href":"https:\/\/akdenizolaygazetesi.com\/index.php?rest_route=%2Fwp%2Fv2%2Fcomments&post=18664"}],"version-history":[{"count":1,"href":"https:\/\/akdenizolaygazetesi.com\/index.php?rest_route=\/wp\/v2\/posts\/18664\/revisions"}],"predecessor-version":[{"id":18666,"href":"https:\/\/akdenizolaygazetesi.com\/index.php?rest_route=\/wp\/v2\/posts\/18664\/revisions\/18666"}],"wp:featuredmedia":[{"embeddable":true,"href":"https:\/\/akdenizolaygazetesi.com\/index.php?rest_route=\/wp\/v2\/media\/18665"}],"wp:attachment":[{"href":"https:\/\/akdenizolaygazetesi.com\/index.php?rest_route=%2Fwp%2Fv2%2Fmedia&parent=18664"}],"wp:term":[{"taxonomy":"category","embeddable":true,"href":"https:\/\/akdenizolaygazetesi.com\/index.php?rest_route=%2Fwp%2Fv2%2Fcategories&post=18664"},{"taxonomy":"post_tag","embeddable":true,"href":"https:\/\/akdenizolaygazetesi.com\/index.php?rest_route=%2Fwp%2Fv2%2Ftags&post=18664"}],"curies":[{"name":"wp","href":"https:\/\/api.w.org\/{rel}","templated":true}]}}