{"id":18667,"date":"2022-05-14T16:00:27","date_gmt":"2022-05-14T13:00:27","guid":{"rendered":"http:\/\/akdenizolaygazetesi.com\/?p=18667"},"modified":"2022-05-14T16:00:27","modified_gmt":"2022-05-14T13:00:27","slug":"universite-adayi-gencler-mersinde-kampus-havasi-soludu","status":"publish","type":"post","link":"https:\/\/akdenizolaygazetesi.com\/?p=18667","title":{"rendered":"\u00dcN\u0130VERS\u0130TE ADAYI GEN\u00c7LER MERS\u0130N&#8217;DE KAMP\u00dcS HAVASI SOLUDU"},"content":{"rendered":"<p>Mersin B\u00fcy\u00fck\u015fehir Belediyesi&#8217;nin kurs merkezlerinde \u00fcniversiteye \u00fccretsiz haz\u0131rlanan gen\u00e7ler, Sosyal Hizmetler Dairesi&#8217;nin d\u00fczenledi\u011fi turlarla kentteki \u00fcniversiteleri tan\u0131maya devam ediyor. \u0130lk geziye kent merkezindeki \u00f6\u011frenciler kat\u0131l\u0131rken, ikinci programda ise Tarsus ve Silifke&#8217;den gelen \u00f6\u011frencilere Mersin \u00dcniversitesi gezdirildi.<\/p>\n<p>Gen\u00e7ler, \u00c7iftlikk\u00f6y Kamp\u00fcs\u00fc&#8217;nde \u00fcniversite havas\u0131 soludu<\/p>\n<p>Tarsus ve Silifke&#8217;den gelen \u00f6\u011frenciler Mersin \u00dcniversitesi&#8217;nin Rekt\u00f6rl\u00fck binas\u0131 \u00f6n\u00fcnde bulu\u015ftu. Mersin \u00dcniversitesi&#8217;nin 30&#8217;ncu y\u0131l d\u00f6n\u00fcm\u00fcne denk gelen gezide e\u011flenceli bir ortamla kar\u015f\u0131la\u015fan \u00f6\u011frenciler, \u00c7iflikk\u00f6y Kamp\u00fcs\u00fc&#8217;nde \u00f6\u011frenim g\u00f6ren \u00fcniversitelilerle ayn\u0131 havay\u0131 soludu. Gen\u00e7ler, ard\u0131ndan Prof. Dr. U\u011fur Oral K\u00fclt\u00fcr Merkezi&#8217;ne ge\u00e7erek \u00fcniversitenin tan\u0131t\u0131m videosunu seyretti. \u00d6\u011frenciler, Mersin \u00dcniversitesi Bas\u0131n ve Halkla \u0130li\u015fkiler \u015eube M\u00fcd\u00fcrl\u00fc\u011f\u00fc&#8217;nde g\u00f6rev yapan Musavver Alageyik&#8217;in rehberli\u011finde G\u00fczel Sanatlar Fak\u00fcltesi&#8217;nden ba\u015flayan turla \u00fcniversitenin b\u00f6l\u00fcmlerini tan\u0131d\u0131.<\/p>\n<p>&#8220;S\u0131navdan sonra nas\u0131l bir havayla kar\u015f\u0131la\u015facaklar\u0131n\u0131 g\u00f6rm\u00fc\u015f oluyorlar&#8221;<\/p>\n<p>B\u00fcy\u00fck\u015fehir Belediyesi E\u011fitim ve \u00d6\u011fretimi Destekleme Kurs Merkezi Silifke \u015eubesi&#8217;nde g\u00f6revli Psikolog Dan\u0131\u015fman Kubilay Yorulmaz, &#8220;Kurs merkezimizdeki \u00f6\u011frencilere \u00fcniversiteyi gezdirme amac\u0131yla geldik. \u00d6zellikle s\u0131nav\u0131n yakla\u015fmas\u0131, buna ba\u011fl\u0131 yorgunlu\u011fun ve kayg\u0131n\u0131n artmas\u0131ndan kaynakl\u0131 \u00f6\u011frencilerin buray\u0131 gezmesinin ve buradaki havay\u0131 solumas\u0131n\u0131n iyi bir motivasyon kayna\u011f\u0131 oldu\u011funu d\u00fc\u015f\u00fcn\u00fcyorum. Hepsi s\u0131navdan sonra nas\u0131l bir havayla kar\u015f\u0131la\u015facaklar\u0131n\u0131 g\u00f6rm\u00fc\u015f oluyorlar&#8221; dedi.<\/p>\n<p>&#8220;Dizilerde ve filmlerde g\u00f6r\u00fcp \u00e7ok \u00f6zeniyordum&#8221;<\/p>\n<p>Silifke&#8217;den gelen \u00f6\u011frencilerden \u0130lkay Y\u0131lmaz, &#8220;Sadece dizilerde ve filmlerde g\u00f6r\u00fcp \u00e7ok \u00f6zeniyordum. Geldi\u011fim zaman \u00e7ok farkl\u0131 duygular hissettim&#8221; derken, Berke Alp T\u00fcrker de &#8220;Yakla\u015fan s\u0131nav s\u00fcrecinde bizler i\u00e7in g\u00fczel bir destek oldu. Okulu bug\u00fcn g\u00f6rd\u00fcm. Psikoloji b\u00f6l\u00fcm\u00fcn\u00fc d\u00fc\u015f\u00fcn\u00fcyorum. B\u00f6l\u00fcm i\u00e7in g\u00fczel dediler. S\u0131navdan g\u00fczel sonu\u00e7lar alarak buraya gelece\u011fimi d\u00fc\u015f\u00fcn\u00fcyorum&#8221; diye konu\u015ftu.<\/p>\n<p>Tarsus&#8217;tan gelen \u00f6\u011frencilerden Furkan Azar, &#8220;Ortama hakim olduk. \u0130nsanlar\u0131n birbirleriyle olan etkile\u015fimini g\u00f6rd\u00fck. Bu da bize ekstra bir motive sa\u011flayacak. S\u0131nava yakla\u015f\u0131k 1 ay kald\u0131. Bu 1 ay\u0131 en iyi \u015fekilde de\u011ferlendirmek i\u00e7in f\u0131rsat oldu&#8221; dedi. \u00d6\u011frencilerden \u0130dil Yaren Sevindik ise &#8220;Belediyemizin d\u00fczenlemi\u015f oldu\u011fu bu tura kat\u0131ld\u0131m. Burada keyifli vakit ge\u00e7irdim. \u00dcniversiteyi \u00e7ok da be\u011fendim. \u0130yi yerlere gelmeyi istiyoruz&#8221; ifadelerine yer verdi.<\/p>\n","protected":false},"excerpt":{"rendered":"<p>Mersin B\u00fcy\u00fck\u015fehir Belediyesi&#8217;nin kurs merkezlerinde \u00fcniversiteye \u00fccretsiz haz\u0131rlanan gen\u00e7ler, Sosyal Hizmetler Dairesi&#8217;nin d\u00fczenledi\u011fi turlarla kentteki \u00fcniversiteleri tan\u0131maya devam ediyor. \u0130lk geziye kent merkezindeki \u00f6\u011frenciler kat\u0131l\u0131rken, ikinci programda ise Tarsus ve &hellip; <a href=\"https:\/\/akdenizolaygazetesi.com\/?p=18667\" class=\"more-link\">Devam\u0131n\u0131 Oku&#8230;<\/a><\/p>\n","protected":false},"author":2,"featured_media":18668,"comment_status":"open","ping_status":"open","sticky":false,"template":"","format":"standard","meta":[],"categories":[2,3,5],"tags":[],"_links":{"self":[{"href":"https:\/\/akdenizolaygazetesi.com\/index.php?rest_route=\/wp\/v2\/posts\/18667"}],"collection":[{"href":"https:\/\/akdenizolaygazetesi.com\/index.php?rest_route=\/wp\/v2\/posts"}],"about":[{"href":"https:\/\/akdenizolaygazetesi.com\/index.php?rest_route=\/wp\/v2\/types\/post"}],"author":[{"embeddable":true,"href":"https:\/\/akdenizolaygazetesi.com\/index.php?rest_route=\/wp\/v2\/users\/2"}],"replies":[{"embeddable":true,"href":"https:\/\/akdenizolaygazetesi.com\/index.php?rest_route=%2Fwp%2Fv2%2Fcomments&post=18667"}],"version-history":[{"count":1,"href":"https:\/\/akdenizolaygazetesi.com\/index.php?rest_route=\/wp\/v2\/posts\/18667\/revisions"}],"predecessor-version":[{"id":18669,"href":"https:\/\/akdenizolaygazetesi.com\/index.php?rest_route=\/wp\/v2\/posts\/18667\/revisions\/18669"}],"wp:featuredmedia":[{"embeddable":true,"href":"https:\/\/akdenizolaygazetesi.com\/index.php?rest_route=\/wp\/v2\/media\/18668"}],"wp:attachment":[{"href":"https:\/\/akdenizolaygazetesi.com\/index.php?rest_route=%2Fwp%2Fv2%2Fmedia&parent=18667"}],"wp:term":[{"taxonomy":"category","embeddable":true,"href":"https:\/\/akdenizolaygazetesi.com\/index.php?rest_route=%2Fwp%2Fv2%2Fcategories&post=18667"},{"taxonomy":"post_tag","embeddable":true,"href":"https:\/\/akdenizolaygazetesi.com\/index.php?rest_route=%2Fwp%2Fv2%2Ftags&post=18667"}],"curies":[{"name":"wp","href":"https:\/\/api.w.org\/{rel}","templated":true}]}}