{"id":18670,"date":"2022-05-14T16:02:17","date_gmt":"2022-05-14T13:02:17","guid":{"rendered":"http:\/\/akdenizolaygazetesi.com\/?p=18670"},"modified":"2022-05-14T16:02:17","modified_gmt":"2022-05-14T13:02:17","slug":"baskan-secer-demokrasiyi-sindirmis-hicbir-kisinin-kabul-edemeyecegi-yargi-kararlarini-siddetle-reddediyorum","status":"publish","type":"post","link":"https:\/\/akdenizolaygazetesi.com\/?p=18670","title":{"rendered":"BA\u015eKAN SE\u00c7ER: &#8220;DEMOKRAS\u0130Y\u0130 S\u0130ND\u0130RM\u0130\u015e H\u0130\u00c7B\u0130R K\u0130\u015e\u0130N\u0130N KABUL EDEMEYECE\u011e\u0130 YARGI KARARLARINI \u015e\u0130DDETLE REDDED\u0130YORUM&#8221;"},"content":{"rendered":"<p>Mersin B\u00fcy\u00fck\u015fehir Belediye Ba\u015fkan\u0131 Vahap Se\u00e7er&#8217;in ev sahipli\u011finde, Cumhuriyet Halk Partili (CHP) B\u00fcy\u00fck\u015fehir Belediye Ba\u015fkanlar\u0131 Akdeniz&#8217;in incisi Mersin&#8217;de bir araya geldi. Geleneksel hale getirilen B\u00fcy\u00fck\u015fehir Belediye Ba\u015fkanlar\u0131 Bulu\u015fmas\u0131&#8217;n\u0131n 9&#8217;uncusu Mersin&#8217;de ger\u00e7ekle\u015ftiriliyor. Bulu\u015fmaya CHP Yerel Y\u00f6netimlerden Sorumlu Genel Ba\u015fkan Yard\u0131mc\u0131s\u0131 Seyit Torun da kat\u0131ld\u0131. Toplant\u0131n\u0131n a\u00e7\u0131l\u0131\u015f konu\u015fmas\u0131n\u0131 yapan Ba\u015fkan Se\u00e7er, &#8220;Umut ediyorum; Mersin&#8217;in s\u0131cak g\u00fcne\u015fi buradan t\u00fcm T\u00fcrkiye&#8217;ye b\u00fcy\u00fck bir umut olarak yans\u0131yacakt\u0131r&#8221; ifadesini kulland\u0131. CHP Yerel Y\u00f6netimlerden Sorumlu Genel Ba\u015fkan Yard\u0131mc\u0131s\u0131 Seyit Torun ise t\u00fcm olumsuzluklara ra\u011fmen CHP&#8217;li B\u00fcy\u00fck\u015fehir Belediye Ba\u015fkanlar\u0131n\u0131n \u00e7ok g\u00fczel hizmetler ger\u00e7ekle\u015ftirdi\u011fini s\u00f6yleyerek, &#8220;Sizlerle gurur duyuyoruz. \u0130nan\u0131yoruz ki sizlerin ortaya koydu\u011fu bu ba\u015far\u0131, vatanda\u015flar\u0131m\u0131z\u0131n memnuniyeti bize genelde iktidar yolunu a\u00e7acak. Yerelde ba\u015fard\u0131k, in\u015fallah genelde de ba\u015faraca\u011f\u0131z ve halk\u0131n iktidar\u0131n\u0131 hep beraber kuraca\u011f\u0131z&#8221; diye konu\u015ftu.<\/p>\n<p>Ba\u015fkan Se\u00e7er&#8217;in ev sahipli\u011findeki toplant\u0131ya; Adana B\u00fcy\u00fck\u015fehir Belediye Ba\u015fkan\u0131 Zeydan Karalar, Ankara B\u00fcy\u00fck\u015fehir Belediye Ba\u015fkan\u0131 Mansur Yava\u015f, Eski\u015fehir B\u00fcy\u00fck\u015fehir Belediye Ba\u015fkan\u0131 Y\u0131lmaz B\u00fcy\u00fcker\u015fen, Ayd\u0131n B\u00fcy\u00fck\u015fehir Belediye Ba\u015fkan\u0131 \u00d6zlem \u00c7er\u00e7io\u011flu, Antalya B\u00fcy\u00fck\u015fehir Belediye Ba\u015fkan\u0131 Muhittin B\u00f6cek, Mu\u011fla B\u00fcy\u00fck\u015fehir Belediye Ba\u015fkan\u0131 Osman G\u00fcr\u00fcn, Tekirda\u011f B\u00fcy\u00fck\u015fehir Belediye Ba\u015fkan\u0131 Kadir Albayrak, Hatay B\u00fcy\u00fck\u015fehir Belediye Ba\u015fkan\u0131 L\u00fctf\u00fc Sava\u015f, \u0130zmir B\u00fcy\u00fck\u015fehir Belediye Ba\u015fkan\u0131 Tun\u00e7 Soyer kat\u0131ld\u0131.<\/p>\n<p>&#8220;Demokrasiyi sindirmi\u015f hi\u00e7bir ki\u015finin kabul edemeyece\u011fi yarg\u0131 kararlar\u0131n\u0131 \u015fiddetle reddediyorum&#8221;<\/p>\n<p>CHP Yerel Y\u00f6netimlerden Sorumlu Genel Ba\u015fkan Yard\u0131mc\u0131s\u0131 Seyit Torun ve bulu\u015fmada yer alan CHP&#8217;li B\u00fcy\u00fck\u015fehir Belediye Ba\u015fkanlar\u0131na &#8220;Ho\u015f geldiniz&#8221; diyerek konu\u015fmas\u0131na ba\u015flayan Ba\u015fkan Se\u00e7er, &#8220;Bug\u00fcnk\u00fc toplant\u0131m\u0131z \u0130stanbul \u0130l Ba\u015fkan\u0131m\u0131z Say\u0131n Canan Kaftanc\u0131o\u011flu&#8217;nun yarg\u0131 kararlar\u0131 sonucu ya\u015fad\u0131\u011f\u0131 ma\u011fduriyetlerin g\u00fcndemi ile denk geldi. Buradan \u015funu ifade etmek isterim ki hukukun \u00fcst\u00fcnl\u00fc\u011f\u00fcne inanan, demokrasiyi sindirmi\u015f hi\u00e7bir ki\u015finin kabul edemeyece\u011fi yarg\u0131 kararlar\u0131n\u0131 \u015fiddetle reddediyorum&#8221; dedi.<\/p>\n<p> &#8220;S\u0131k\u0131nt\u0131lara ra\u011fmen &#8216;ah, vah, ama, lakin&#8217; demeden hizmetlerimizi s\u00fcrd\u00fcr\u00fcyoruz&#8221;<\/p>\n<p>Mersin&#8217;in Akdeniz&#8217;in incisi oldu\u011funu vurgulayan Se\u00e7er, &#8220;Mersin; S\u0131rt\u0131n\u0131 Toroslar&#8217;a dayam\u0131\u015f, y\u00fcz\u00fcn\u00fc Akdeniz&#8217;e d\u00f6nm\u00fc\u015f 16 bin kilometrekare alandan olu\u015fan, b\u00fct\u00fcn sekt\u00f6rlerin canl\u0131l\u0131\u011f\u0131n\u0131, dinamizmini korudu\u011fu \u00e7ok \u00fcretken bir kent&#8221; diye konu\u015ftu. Mersin&#8217;in 18. y\u00fczy\u0131l\u0131n ikinci yar\u0131s\u0131nda ticaretle geli\u015fmeye ba\u015flayan ve daha sonraki s\u00fcre\u00e7te g\u00f6\u00e7le b\u00fcy\u00fcm\u00fc\u015f bir kent dinami\u011fi ta\u015f\u0131d\u0131\u011f\u0131n\u0131 s\u00f6yleyen Ba\u015fkan Se\u00e7er, Mersin&#8217;in daha iyi bir ya\u015fam umuduyla T\u00fcrkiye&#8217;nin d\u00f6rt bir yan\u0131ndan insanlar\u0131n geldi\u011fi, \u00e7ok canl\u0131, dinamik, \u00fcretken ve \u00e7ok cevval bir kent oldu\u011funu vurgulad\u0131. Ba\u015fkan Se\u00e7er, yakla\u015f\u0131k 1 milyon 900 bin civar\u0131nda bir yerli n\u00fcfusa sahip Mersin&#8217;e, Suriye&#8217;den ge\u00e7ici koruma alt\u0131nda misafir olarak gelen kay\u0131t i\u00e7i ve d\u0131\u015f\u0131 yakla\u015f\u0131k 400 bin n\u00fcfusun daha eklendi\u011fini kaydetti. Ba\u015fkan Se\u00e7er, Mersin&#8217;in toplam n\u00fcfusunun yakla\u015f\u0131k y\u00fczde 20&#8217;sini kentte ya\u015fayan ge\u00e7ici koruma alt\u0131ndaki Suriyelilerin olu\u015fturdu\u011fu belirterek, \u015f\u00f6yle devam etti:<\/p>\n<p>&#8220;Mersin B\u00fcy\u00fck\u015fehir Belediyesi olarak elbette ki 1 milyon 900 bin n\u00fcfusa g\u00f6re bize sa\u011flanan kaynaklar\u0131 2.3 milyon insan i\u00e7in hizmete d\u00f6n\u00fc\u015ft\u00fcrmek durumunday\u0131z ve bunu da ger\u00e7ekle\u015ftiriyoruz. Ortaya \u00e7\u0131kan ekonomik kriz, bunun yaratt\u0131\u011f\u0131 travmatik durum ve g\u00f6reve geldi\u011fimiz g\u00fcnden bug\u00fcne kadar \u00f6zellikle \u00e7o\u011funlu\u011fu sa\u011flayamad\u0131\u011f\u0131m\u0131z Meclis&#8217;teki kar\u015f\u0131lad\u0131\u011f\u0131m\u0131z durumlar, ba\u015fta parayla ya da b\u00fct\u00e7e ile ilgili bor\u00e7lanma yetkisinin verilmemesi, \u00f6nemli yat\u0131r\u0131mlar i\u00e7in verilecek kararlarda ortaya konan engeller, imzalardaki gecikmeler, b\u00fcrokrasi ile bug\u00fcne kadar arzu etti\u011fimiz ritmi yakalayamaman\u0131n verdi\u011fi s\u0131k\u0131nt\u0131lara ra\u011fmen hepimiz;  buna Mersin B\u00fcy\u00fck\u015fehir Belediye Ba\u015fkan\u0131 olarak ben de dahil; &#8216;ah, vah, ama, lakin&#8217; demeden hizmetlerimizi s\u00fcrd\u00fcr\u00fcyoruz. 3 y\u0131l pandeminin getirdi\u011fi olumsuz ko\u015fullara, daha sonras\u0131 ger\u00e7ekle\u015fen ekonomik zorluklara ra\u011fmen ger\u00e7ekle\u015ftirdi\u011fimiz ba\u015far\u0131l\u0131 \u00e7al\u0131\u015fmalar\u0131 eminim ki g\u00f6rev s\u00fcremizin i\u00e7erisinde kalan 2 y\u0131l i\u00e7erisinde de ba\u015far\u0131yla ger\u00e7ekle\u015ftirece\u011fiz. Zaten bu toplant\u0131lar\u0131n amac\u0131 bu; bir arada olmak. Bug\u00fcn T\u00fcrkiye&#8217;nin \u00e7ok ihtiyac\u0131 olan sosyal bar\u0131\u015f\u0131n tesisine katk\u0131 sunmak, birlik ve beraberlik g\u00f6r\u00fcnt\u00fcs\u00fcn\u00fcn topluma sa\u011flayaca\u011f\u0131 sinerjiyi d\u00fc\u015f\u00fcnerek bir arada dertlerimizi payla\u015fmak. Bu toplant\u0131lar\u0131n, olu\u015fan sorunlar\u0131 nas\u0131l \u00e7\u00f6zece\u011fimiz konusunda fikir birli\u011fine varmak ve kalan 2 y\u0131ll\u0131k g\u00f6rev s\u00fcremizdeki yol haritam\u0131z\u0131 belirleme a\u00e7\u0131s\u0131ndan \u00e7ok faydal\u0131 olaca\u011f\u0131n\u0131 d\u00fc\u015f\u00fcn\u00fcyorum. Tekrar kentimize ho\u015f geldiniz, \u015feref verdiniz. Buradan t\u00fcm T\u00fcrkiye&#8217;ye Mersin&#8217;in s\u0131cak g\u00fcne\u015fi umut ediyorum b\u00fcy\u00fck bir umut olarak yans\u0131yacakt\u0131r.&#8221;<\/p>\n<p>&#8220;Bu toplant\u0131lar\u0131n ortak ak\u0131l olu\u015fturma ad\u0131na \u00e7ok \u00f6nemli katk\u0131lar\u0131 oluyor&#8221;<\/p>\n<p>CHP Yerel Y\u00f6netimlerden Sorumlu Genel Ba\u015fkan Yard\u0131mc\u0131s\u0131 Seyit Torun, 11 B\u00fcy\u00fck\u015fehir Belediye Ba\u015fkan\u0131 taraf\u0131ndan 2 ayda bir yap\u0131lan toplant\u0131lar\u0131n olduk\u00e7a verimli ge\u00e7ti\u011fini ifade ederek, &#8220;Belediye Ba\u015fkanlar\u0131m\u0131z birbirlerinden bilgi al\u0131\u015fveri\u015finde bulunuyor, \u00e7ok \u00f6nemli konularda uzmanlar taraf\u0131ndan bilgilendirme yap\u0131l\u0131yor ve bir ortak ak\u0131l olu\u015fturma, i\u00e7inde bulundu\u011fumuz olumsuzluklar\u0131n giderilmesi ad\u0131na \u00e7ok \u00f6nemli katk\u0131lar\u0131 oluyor. Ben her bir belediye ba\u015fkan\u0131m\u0131 ayr\u0131 ayr\u0131 kutluyorum&#8221; dedi.<\/p>\n<p>&#8220;Belediye Ba\u015fkanlar\u0131m\u0131z hi\u00e7 kimseyi ay\u0131rt etmeden, \u00f6tekile\u015ftirmeden hizmet veriyor&#8221;<\/p>\n<p>T\u00fcrkiye&#8217;nin ola\u011fan\u00fcst\u00fc g\u00fcnlerden ge\u00e7ti\u011fini ve vatanda\u015flar\u0131n her g\u00fcn farkl\u0131 bir g\u00fcndemle kar\u015f\u0131la\u015ft\u0131\u011f\u0131n\u0131 ifade eden Torun, &#8220;Ger\u00e7ekten her sabah uyand\u0131\u011f\u0131m\u0131zda yeni bir g\u00fcndem. T\u00fcrkiye inan\u0131lmaz sorunlar i\u00e7erisinde bo\u011fu\u015fuyor. D\u00fcn de Canan Kaftanc\u0131o\u011flu ile ilgili yarg\u0131 karar\u0131n\u0131 protesto etmek ve bu yarg\u0131 karar\u0131n\u0131 tan\u0131mad\u0131\u011f\u0131m\u0131z\u0131 ifade etmek i\u00e7in \u0130stanbul&#8217;dayd\u0131k. Ger\u00e7ekten bu iktidar 31 Mart-23 Haziran se\u00e7imlerini hazmedebilmi\u015f de\u011fil. Her s\u00fcre\u00e7te ya yarg\u0131 karar\u0131yla ya belediyelerimizi s\u00fcrekli tefti\u015flerle ya da belediyelerimize s\u00fcrekli bask\u0131 kurarak, kamu kaynaklar\u0131n\u0131 kapatarak, Meclis&#8217;teki \u00e7o\u011funlu\u011funu kullanarak \u00e7al\u0131\u015ft\u0131rmamak, hizmet vermesini engellemek i\u00e7in her \u015feyi yap\u0131yorlar. Sonu\u00e7ta bizim belediyelerimizde farkl\u0131 partilere, iktidar partisine destek veren vatanda\u015flar\u0131m\u0131z yok mu? Belediye Ba\u015fkanlar\u0131m\u0131z hi\u00e7 kimseyi ay\u0131rt etmeden, d\u0131\u015flamadan, \u00f6tekile\u015ftirmeden hizmet veriyorlar ama bu ceberut iktidar maalesef her anlamda belediyelerimizin \u00f6n\u00fcn\u00fc kesiyor. Evet, Canan Kaftanc\u0131o\u011flu ile ilgili siyaset yasa\u011f\u0131 belirli bir ceza h\u00fckm\u00fcne vard\u0131 ama biz asla bunu kabul etmiyoruz. Canan Kaftanc\u0131o\u011flu \u0130stanbul \u0130l Ba\u015fkan\u0131m\u0131z olarak g\u00f6revine devam edecektir&#8221; diye konu\u015ftu.<\/p>\n<p>\u0130stanbul&#8217;da CHP Genel Ba\u015fkan\u0131 Kemal K\u0131l\u0131\u00e7daro\u011flu ile ger\u00e7ekle\u015ftirdikleri ziyarete de de\u011finen Torun,  &#8220;\u0130stanbul&#8217;da Say\u0131n Genel Ba\u015fkan\u0131m\u0131z\u0131n ba\u015fkanl\u0131\u011f\u0131nda SADAT&#8217;\u0131 ziyaretimiz de oldu. D\u00fc\u015f\u00fcnebiliyor musunuz bu \u00fclkenin, devletin emniyet birimleri var. Her t\u00fcrl\u00fc hem d\u0131\u015f g\u00fcvenli\u011fi sa\u011flayacak hem i\u00e7 g\u00fcvenli\u011fi sa\u011flayacak askeri var, polisi var, istihbarat\u0131 var ama siz kendinize \u00f6zg\u00fc ne oldu\u011funu bilmedi\u011fimiz bir yap\u0131 kuruyorsunuz ve kapal\u0131 kap\u0131lar arkas\u0131nda devlete kar\u015f\u0131 bir yap\u0131 olu\u015fturuyorsunuz. Bunu ge\u00e7mi\u015fte denediler ama bu bedeli bu millet a\u011f\u0131r \u00f6dedi. Hep beraber a\u011f\u0131r \u00f6dedik. Asla buna izin vermeyece\u011fiz ve bu yap\u0131n\u0131n da ortaya \u00e7\u0131kmas\u0131n\u0131 demokratik hukuk devletine yak\u0131\u015f\u0131r bir \u015fekilde takip edece\u011fiz&#8221; ifadelerine yer verdi.<\/p>\n<p>&#8220;Belediyelerimiz kamu kaynaklar\u0131n\u0131n kendilerine kapat\u0131lmas\u0131na ra\u011fmen ba\u015far\u0131yla hizmet ediyor&#8221;<\/p>\n<p>Kar\u015f\u0131lar\u0131na \u00e7\u0131kan olumsuzluklara ra\u011fmen CHP&#8217;li B\u00fcy\u00fck\u015fehir Belediye Ba\u015fkanlar\u0131n\u0131n \u00e7ok g\u00fczel hizmetler ger\u00e7ekle\u015ftirdi\u011fine dikkat \u00e7eken Torun, \u015funlar\u0131 s\u00f6yledi:<\/p>\n<p>&#8220;Ne yaparlarsa yaps\u0131nlar ba\u015faramayacaklar. Bizim belediyelerimiz her t\u00fcrl\u00fc zorluklara ra\u011fmen, kamu kaynaklar\u0131n\u0131n kendilerine kapat\u0131lmas\u0131na ra\u011fmen, \u0130ller Bankas\u0131&#8217;n\u0131n bir teminat mektubu vermekten imtina etmesine ra\u011fmen, kamu bankalar\u0131n\u0131n kredi vermekten imtina etmesine ra\u011fmen, bakanl\u0131klar\u0131n ayr\u0131mc\u0131 davranmas\u0131na ra\u011fmen ba\u015far\u0131yla hizmet ediyorlar. Hi\u00e7bir \u015fekilde de \u015fikayet etmiyorlar. Vatanda\u015f\u0131m\u0131z\u0131n birincil ihtiya\u00e7lar\u0131n\u0131 gidererek, \u00f6yle u\u00e7uk ka\u00e7\u0131k projelerle de u\u011fra\u015fmadan, kaynaklar\u0131n\u0131 da yerinde kullanarak \u015feffaf belediyecilik anlay\u0131\u015f\u0131yla hizmet veriyorlar. Biz sizlerle gurur duyuyoruz. \u0130nan\u0131yoruz ki sizlerin ortaya koydu\u011fu bu ba\u015far\u0131, vatanda\u015flar\u0131m\u0131z\u0131n memnuniyeti bize genelde iktidar yolunu a\u00e7acak. Yerelde ba\u015fard\u0131k, in\u015fallah genelde de ba\u015faraca\u011f\u0131z ve halk\u0131n iktidar\u0131n\u0131 hep beraber kuraca\u011f\u0131z. Ben bu \u00e7al\u0131\u015ftay\u0131n, bu bulu\u015fman\u0131n ba\u015far\u0131l\u0131 ge\u00e7mesini diliyorum. \u0130nan\u0131yorum ki \u00e7ok g\u00fczel konulara de\u011finecek ve buradan \u00e7ok daha donan\u0131ml\u0131 olarak ayr\u0131laca\u011f\u0131z. Mersin B\u00fcy\u00fck\u015fehir Belediye Ba\u015fkan\u0131m\u0131z Vahap Se\u00e7er&#8217;e de ev sahipli\u011finden dolay\u0131 \u00e7ok te\u015fekk\u00fcr ediyoruz.&#8221;<\/p>\n","protected":false},"excerpt":{"rendered":"<p>Mersin B\u00fcy\u00fck\u015fehir Belediye Ba\u015fkan\u0131 Vahap Se\u00e7er&#8217;in ev sahipli\u011finde, Cumhuriyet Halk Partili (CHP) B\u00fcy\u00fck\u015fehir Belediye Ba\u015fkanlar\u0131 Akdeniz&#8217;in incisi Mersin&#8217;de bir araya geldi. Geleneksel hale getirilen B\u00fcy\u00fck\u015fehir Belediye Ba\u015fkanlar\u0131 Bulu\u015fmas\u0131&#8217;n\u0131n 9&#8217;uncusu Mersin&#8217;de &hellip; <a href=\"https:\/\/akdenizolaygazetesi.com\/?p=18670\" class=\"more-link\">Devam\u0131n\u0131 Oku&#8230;<\/a><\/p>\n","protected":false},"author":2,"featured_media":18671,"comment_status":"open","ping_status":"open","sticky":false,"template":"","format":"standard","meta":[],"categories":[8,34,2,3,5,6],"tags":[],"_links":{"self":[{"href":"https:\/\/akdenizolaygazetesi.com\/index.php?rest_route=\/wp\/v2\/posts\/18670"}],"collection":[{"href":"https:\/\/akdenizolaygazetesi.com\/index.php?rest_route=\/wp\/v2\/posts"}],"about":[{"href":"https:\/\/akdenizolaygazetesi.com\/index.php?rest_route=\/wp\/v2\/types\/post"}],"author":[{"embeddable":true,"href":"https:\/\/akdenizolaygazetesi.com\/index.php?rest_route=\/wp\/v2\/users\/2"}],"replies":[{"embeddable":true,"href":"https:\/\/akdenizolaygazetesi.com\/index.php?rest_route=%2Fwp%2Fv2%2Fcomments&post=18670"}],"version-history":[{"count":1,"href":"https:\/\/akdenizolaygazetesi.com\/index.php?rest_route=\/wp\/v2\/posts\/18670\/revisions"}],"predecessor-version":[{"id":18672,"href":"https:\/\/akdenizolaygazetesi.com\/index.php?rest_route=\/wp\/v2\/posts\/18670\/revisions\/18672"}],"wp:featuredmedia":[{"embeddable":true,"href":"https:\/\/akdenizolaygazetesi.com\/index.php?rest_route=\/wp\/v2\/media\/18671"}],"wp:attachment":[{"href":"https:\/\/akdenizolaygazetesi.com\/index.php?rest_route=%2Fwp%2Fv2%2Fmedia&parent=18670"}],"wp:term":[{"taxonomy":"category","embeddable":true,"href":"https:\/\/akdenizolaygazetesi.com\/index.php?rest_route=%2Fwp%2Fv2%2Fcategories&post=18670"},{"taxonomy":"post_tag","embeddable":true,"href":"https:\/\/akdenizolaygazetesi.com\/index.php?rest_route=%2Fwp%2Fv2%2Ftags&post=18670"}],"curies":[{"name":"wp","href":"https:\/\/api.w.org\/{rel}","templated":true}]}}