{"id":18676,"date":"2022-05-15T10:23:43","date_gmt":"2022-05-15T07:23:43","guid":{"rendered":"http:\/\/akdenizolaygazetesi.com\/?p=18676"},"modified":"2022-05-15T10:23:43","modified_gmt":"2022-05-15T07:23:43","slug":"chpli-11-buyuksehir-belediye-baskanindan-ortak-aciklama","status":"publish","type":"post","link":"https:\/\/akdenizolaygazetesi.com\/?p=18676","title":{"rendered":"CHP&#8217;L\u0130 11 B\u00dcY\u00dcK\u015eEH\u0130R BELED\u0130YE BA\u015eKANINDAN ORTAK A\u00c7IKLAMA"},"content":{"rendered":"<p>Cumhuriyet Halk Partili B\u00fcy\u00fck\u015fehir Belediye Ba\u015fkanlar\u0131 Bulu\u015fmas\u0131&#8217;n\u0131n 9&#8217;uncusu, Mersin B\u00fcy\u00fck\u015fehir Belediye Ba\u015fkan\u0131 Vahap Se\u00e7er&#8217;in ev sahipli\u011finde Mersin&#8217;de yap\u0131ld\u0131. CHP Yerel Y\u00f6netimlerden Sorumlu Genel Ba\u015fkan Yard\u0131mc\u0131s\u0131 Seyit Torun&#8217;un da kat\u0131ld\u0131\u011f\u0131 bulu\u015fman\u0131n ard\u0131ndan bas\u0131n a\u00e7\u0131klamas\u0131 yap\u0131larak ortak bir bildiri yay\u0131mland\u0131. A\u00e7\u0131klamay\u0131, ev sahibi olarak Mersin B\u00fcy\u00fck\u015fehir Belediye Ba\u015fkan\u0131 Vahap Se\u00e7er okudu.<\/p>\n<p>CHP&#8217;li 11 B\u00fcy\u00fck\u015fehir Belediye Ba\u015fkan\u0131n\u0131n kamuoyuna yapt\u0131\u011f\u0131 ortak bildiri \u015fu \u015fekilde:<\/p>\n<p>&#8220;B\u00fcy\u00fck\u015fehir Belediye Ba\u015fkanlar\u0131 olarak d\u00fczenli aral\u0131klarla ger\u00e7ekle\u015ftirdi\u011fimiz toplant\u0131lar\u0131m\u0131z i\u00e7in bu kez &#8216;Akdeniz&#8217;in \u0130ncisi&#8217; Mersin&#8217;de bir araya geldik.<\/p>\n<p>Toplant\u0131m\u0131zda belediyecilik odakl\u0131 \u00e7al\u0131\u015fmalar\u0131m\u0131z konusunda i\u015f birli\u011fi kararl\u0131l\u0131\u011f\u0131m\u0131z\u0131 bir kez daha vurgularken; mevcut ekonomik tablo, enerji d\u00f6n\u00fc\u015f\u00fcm\u00fc ve dijital d\u00fcnyadaki geli\u015fmelerde yerel y\u00f6netimlerin rol\u00fc hakk\u0131nda fikir al\u0131\u015fveri\u015finde bulunduk.<\/p>\n<p>Bulu\u015fmada, \u00fclkemizdeki ekonomik zorluklar\u0131n yan\u0131 s\u0131ra siyaset ve hukuk alan\u0131nda ya\u015fanan g\u00fcncel geli\u015fmeleri de de\u011ferlendirdik.<\/p>\n<p>Bu \u00e7er\u00e7evede \u0130stanbul B\u00fcy\u00fck\u015fehir Belediye Ba\u015fkan\u0131m\u0131z Say\u0131n Ekrem \u0130mamo\u011flu hakk\u0131nda ba\u015flat\u0131lan soru\u015fturma, talep edilen siyaset yasa\u011f\u0131 ve y\u00fcr\u00fct\u00fclen davadaki cezaland\u0131rma istemini hukuki a\u00e7\u0131dan endi\u015fe verici buluyoruz.<\/p>\n<p>Ayn\u0131 \u015fekilde CHP \u0130stanbul \u0130l Ba\u015fkan\u0131m\u0131z Say\u0131n Canan Kaftanc\u0131o\u011flu&#8217;na y\u00f6nelik siyaset yasa\u011f\u0131n\u0131 da i\u00e7eren Yarg\u0131tay karar\u0131n\u0131 kabul edilemez g\u00f6r\u00fcyoruz.<\/p>\n<p>T\u00fcm bu a\u00e7\u0131lan soru\u015fturmalar, davalar ve verilen kararlar\u0131n hukuki de\u011fil, y\u0131ld\u0131rma amac\u0131 ta\u015f\u0131yan siyasi kararlar oldu\u011fu son derece a\u00e7\u0131kt\u0131r.<\/p>\n<p>Aradan ge\u00e7en \u00fc\u00e7 y\u0131la ra\u011fmen yerel se\u00e7im sonu\u00e7lar\u0131n\u0131 hala kabullenmedi\u011fi a\u00e7\u0131k olan bu antidemokratik anlay\u0131\u015f\u0131n ve \u00e7ifte standartl\u0131 sistematik uygulamalar\u0131n\u0131n fark\u0131nday\u0131z, bunu kararl\u0131l\u0131kla reddediyoruz.<\/p>\n<p>Hukuk d\u0131\u015f\u0131 kararlar, siyasi sald\u0131r\u0131lar ve lin\u00e7 kampanyalar\u0131 demokrasiye ve adalete olan inanc\u0131m\u0131zdan bizleri asla vazge\u00e7iremeyece\u011fi gibi vatanda\u015f\u0131m\u0131za olan hizmet azmimiz ile birlik ve beraberli\u011fimizi daha da g\u00fc\u00e7lendirmektedir.<\/p>\n<p>Bizler, se\u00e7imlerden itibaren her daim birbirine destek olan 11 B\u00fcy\u00fck\u015fehir Belediye Ba\u015fkanlar\u0131 olarak; demokrasiye, evrensel hukuka ve adalete ayk\u0131r\u0131 olan bu siyasi s\u00fcrecin s\u0131k\u0131 takip\u00e7isi olaca\u011f\u0131m\u0131z\u0131 ve kararl\u0131l\u0131kla m\u00fccadele edece\u011fimizi kamuoyuyla payla\u015f\u0131yoruz.<\/p>\n<p>Bu geli\u015fmelerle birlikte \u00fc\u00e7 y\u0131l\u0131 a\u015fan g\u00f6rev s\u00fcremiz boyunca \u00fclkemiz ekonomisindeki a\u011f\u0131r tablonun vatanda\u015flar\u0131m\u0131za yans\u0131malar\u0131 ve belediyelerimize olan maliyetleri her ge\u00e7en g\u00fcn artmaktad\u0131r.<\/p>\n<p>\u0130mkans\u0131zl\u0131klara ve ekonomik zorluklara ra\u011fmen B\u00fcy\u00fck\u015fehir Belediyelerimiz, sosyal belediyecilikten, yat\u0131r\u0131m ve hizmetlerinden taviz vermeden hem\u015fehrilerimizin yan\u0131nda olmaya devam etmektedir.<\/p>\n<p>Mevcut ekonomik ko\u015fullar nedeniyle yap\u0131lan ve yap\u0131labilecek tarife de\u011fi\u015fikliklerinin sorumlusu yerel y\u00f6netimler de\u011fil, merkezi y\u00f6netimdir.<\/p>\n<p>H\u00fck\u00fcmet yetkililerinin, Belediyelerin kur kaynakl\u0131 zararlar\u0131na ve artan gider kalemlerine kar\u015f\u0131, gelirlerinin de ayn\u0131 \u00f6l\u00e7\u00fcde art\u0131r\u0131laca\u011f\u0131 \u00e7al\u0131\u015fmalar yapmas\u0131 gerekmektedir.<\/p>\n<p>H\u00fck\u00fcmetin, Suriye krizinin ba\u015flad\u0131\u011f\u0131 2011 y\u0131l\u0131ndan bu yana uygulad\u0131\u011f\u0131 politikalar sonucunda s\u0131\u011f\u0131nmac\u0131lar meselesinin geldi\u011fi boyutu endi\u015fe ile izliyoruz.<\/p>\n<p>\u00dclkemizde bulunan s\u0131\u011f\u0131nmac\u0131lar\u0131n \u00e7ok b\u00fcy\u00fck bir k\u0131sm\u0131 11 B\u00fcy\u00fck\u015fehir Belediyemizin s\u0131n\u0131rlar\u0131 i\u00e7erisinde ya\u015famaktad\u0131r.<\/p>\n<p>Ta\u015f\u0131d\u0131\u011f\u0131m\u0131z bu a\u011f\u0131r y\u00fck ile merkezi y\u00f6netim b\u00fct\u00e7esinden ald\u0131\u011f\u0131m\u0131z pay son derece orant\u0131s\u0131zd\u0131r.<\/p>\n<p>Bu sorun, belediyelerimizin yapaca\u011f\u0131 t\u00fcm hizmet ve yat\u0131r\u0131mlar\u0131 olumsuz etkilemekte, kentlerimize yoksulla\u015fma olarak d\u00f6nmekte, yat\u0131r\u0131m ve hizmetlerimizi sekteye u\u011fratmaktad\u0131r.<\/p>\n<p>Bu konu, kentlerimizdeki demografiyi bozacak seviyeye ula\u015fm\u0131\u015ft\u0131r. <\/p>\n<p>S\u0131\u011f\u0131nmac\u0131lar \u00fclkelerine d\u00f6nene kadar t\u00fcm vatanda\u015flar\u0131m\u0131z\u0131n y\u0131llard\u0131r s\u00fcrd\u00fcrd\u00fckleri sa\u011fduyuyu devam ettirmelerini ve en k\u0131sa zamanda \u00fclkelerine d\u00f6nmeleri i\u00e7in konunun as\u0131l muhatab\u0131 olan iktidar\u0131n somut ad\u0131mlar atmas\u0131n\u0131 bekliyoruz.<\/p>\n<p>Kurtulu\u015f kahraman\u0131m\u0131z Mustafa Kemal Atat\u00fcrk&#8217;\u00fcn \u00f6nderli\u011finde;  kad\u0131n\u0131yla, erke\u011fiyle, genciyle, ya\u015fl\u0131s\u0131yla ba\u011f\u0131ms\u0131zl\u0131k m\u00fccadelesinin ba\u015flad\u0131\u011f\u0131 g\u00fcn olan 19 May\u0131s Atat\u00fcrk&#8217;\u00fc Anma Gen\u00e7lik ve Spor Bayram\u0131&#8217;n\u0131 da bug\u00fcnden kutluyoruz.<\/p>\n<p>Bu bilin\u00e7 ve sorumlulukla, 3 y\u0131l\u0131 a\u015fk\u0131n g\u00f6rev d\u00f6nemimizde oldu\u011fu gibi,  hi\u00e7 kimseyi ay\u0131rt etmeden t\u00fcm vatanda\u015flar\u0131m\u0131z\u0131n yan\u0131nda olmaya devam edece\u011fiz.<\/p>\n<p>Kamuoyuna sayg\u0131 ile duyurulur.&#8221;<\/p>\n","protected":false},"excerpt":{"rendered":"<p>Cumhuriyet Halk Partili B\u00fcy\u00fck\u015fehir Belediye Ba\u015fkanlar\u0131 Bulu\u015fmas\u0131&#8217;n\u0131n 9&#8217;uncusu, Mersin B\u00fcy\u00fck\u015fehir Belediye Ba\u015fkan\u0131 Vahap Se\u00e7er&#8217;in ev sahipli\u011finde Mersin&#8217;de yap\u0131ld\u0131. CHP Yerel Y\u00f6netimlerden Sorumlu Genel Ba\u015fkan Yard\u0131mc\u0131s\u0131 Seyit Torun&#8217;un da kat\u0131ld\u0131\u011f\u0131 bulu\u015fman\u0131n &hellip; <a href=\"https:\/\/akdenizolaygazetesi.com\/?p=18676\" class=\"more-link\">Devam\u0131n\u0131 Oku&#8230;<\/a><\/p>\n","protected":false},"author":2,"featured_media":18678,"comment_status":"open","ping_status":"open","sticky":false,"template":"","format":"standard","meta":[],"categories":[2,3,5],"tags":[],"_links":{"self":[{"href":"https:\/\/akdenizolaygazetesi.com\/index.php?rest_route=\/wp\/v2\/posts\/18676"}],"collection":[{"href":"https:\/\/akdenizolaygazetesi.com\/index.php?rest_route=\/wp\/v2\/posts"}],"about":[{"href":"https:\/\/akdenizolaygazetesi.com\/index.php?rest_route=\/wp\/v2\/types\/post"}],"author":[{"embeddable":true,"href":"https:\/\/akdenizolaygazetesi.com\/index.php?rest_route=\/wp\/v2\/users\/2"}],"replies":[{"embeddable":true,"href":"https:\/\/akdenizolaygazetesi.com\/index.php?rest_route=%2Fwp%2Fv2%2Fcomments&post=18676"}],"version-history":[{"count":1,"href":"https:\/\/akdenizolaygazetesi.com\/index.php?rest_route=\/wp\/v2\/posts\/18676\/revisions"}],"predecessor-version":[{"id":18679,"href":"https:\/\/akdenizolaygazetesi.com\/index.php?rest_route=\/wp\/v2\/posts\/18676\/revisions\/18679"}],"wp:featuredmedia":[{"embeddable":true,"href":"https:\/\/akdenizolaygazetesi.com\/index.php?rest_route=\/wp\/v2\/media\/18678"}],"wp:attachment":[{"href":"https:\/\/akdenizolaygazetesi.com\/index.php?rest_route=%2Fwp%2Fv2%2Fmedia&parent=18676"}],"wp:term":[{"taxonomy":"category","embeddable":true,"href":"https:\/\/akdenizolaygazetesi.com\/index.php?rest_route=%2Fwp%2Fv2%2Fcategories&post=18676"},{"taxonomy":"post_tag","embeddable":true,"href":"https:\/\/akdenizolaygazetesi.com\/index.php?rest_route=%2Fwp%2Fv2%2Ftags&post=18676"}],"curies":[{"name":"wp","href":"https:\/\/api.w.org\/{rel}","templated":true}]}}