{"id":18680,"date":"2022-05-15T10:26:08","date_gmt":"2022-05-15T07:26:08","guid":{"rendered":"http:\/\/akdenizolaygazetesi.com\/?p=18680"},"modified":"2022-05-15T10:26:08","modified_gmt":"2022-05-15T07:26:08","slug":"chpli-baskanlarin-esleri-tarsusun-binlerce-yillik-tarihine-taniklik-etti","status":"publish","type":"post","link":"https:\/\/akdenizolaygazetesi.com\/?p=18680","title":{"rendered":"CHP&#8217;L\u0130 BA\u015eKANLARIN E\u015eLER\u0130 TARSUS&#8217;UN B\u0130NLERCE YILLIK TAR\u0130H\u0130NE TANIKLIK ETT\u0130"},"content":{"rendered":"<p>Mersin B\u00fcy\u00fck\u015fehir Belediye Ba\u015fkan\u0131 Vahap Se\u00e7er&#8217;in e\u015fi ve Mersinden Kad\u0131n Kooperatifi Ba\u015fkan\u0131 Meral Se\u00e7er&#8217;in ev sahipli\u011finde Mersin&#8217;de bir araya gelen CHP&#8217;li B\u00fcy\u00fck\u015fehir Belediye Ba\u015fkanlar\u0131n\u0131n e\u015fleri, e\u015fsiz g\u00fczelliklere ve kadim bir ge\u00e7mi\u015fe sahip Tarsus&#8217;u gezdikten sonra Dar\u0131sekisi&#8217;ndeki Y\u00f6r\u00fck K\u00f6y\u00fc&#8217;n\u00fc ziyaret etti.<\/p>\n<p>CHP&#8217;li B\u00fcy\u00fck\u015fehir Belediye Ba\u015fkanlar\u0131n\u0131n e\u015fleri Mersin&#8217;deydi<\/p>\n<p>B\u00fcy\u00fck\u015fehir Belediye Ba\u015fkanlar\u0131 Bulu\u015fmas\u0131 i\u00e7in Mersin&#8217;e gelen CHP&#8217;li Ba\u015fkanlar, g\u00fcn boyu bir dizi toplant\u0131ya kat\u0131ld\u0131. Mersin B\u00fcy\u00fck\u015fehir Belediye Ba\u015fkan\u0131 Vahap Se\u00e7er&#8217;in e\u015fi Meral Se\u00e7er, Adana B\u00fcy\u00fck\u015fehir Belediye Ba\u015fkan\u0131 Zeydan Karalar&#8217;\u0131n e\u015fi Nuray Karalar, Hatay B\u00fcy\u00fck\u015fehir Belediye Ba\u015fkan\u0131 L\u00fctf\u00fc Sava\u015f&#8217;\u0131n e\u015fi Nazan Sava\u015f, Ankara B\u00fcy\u00fck\u015fehir Belediye Ba\u015fkan\u0131 Mansur Yava\u015f&#8217;\u0131n e\u015fi Nursen Yava\u015f, \u0130zmir B\u00fcy\u00fck\u015fehir Belediye Ba\u015fkan\u0131 Tun\u00e7 Soyer&#8217;in e\u015fi Nept\u00fcn Soyer, Mu\u011fla B\u00fcy\u00fck\u015fehir Belediye Ba\u015fkan\u0131 Osman G\u00fcr\u00fcn&#8217;\u00fcn e\u015fi G\u00fcls\u00fcn G\u00fcr\u00fcn ve Tekirda\u011f B\u00fcy\u00fck\u015fehir Belediye Ba\u015fkan\u0131 Kadir Albayrak&#8217;\u0131n e\u015fi G\u00fclseren Albayrak da Mersin&#8217;de bir araya geldi.<\/p>\n<p>K\u00fclt\u00fcr Park&#8217;ta kente \u00f6zg\u00fc lezzetlerle kahvalt\u0131 yapt\u0131lar<\/p>\n<p>Ba\u015fkan e\u015fleri, g\u00fcne B\u00fcy\u00fck\u015fehir Belediyesi Denizk\u0131z\u0131 Turizm A.\u015e.&#8217;nin K\u00fclt\u00fcr Park&#8217;ta i\u015fletti\u011fi Y\u00f6reden Kafe&#8217;de ba\u015flad\u0131. Konuklar, Mersinden Kad\u0131n Kooperatifi&#8217;nin \u00fcr\u00fcnleriyle haz\u0131rlanan y\u00f6resel \u00fcr\u00fcnlerle kahvalt\u0131 yapt\u0131.<\/p>\n<p>Kleopatra Kap\u0131s\u0131&#8217;ndan ge\u00e7ip Sad\u0131k Pa\u015fa Kona\u011f\u0131&#8217;n\u0131 ziyaret ettiler<\/p>\n<p>Tarsus&#8217;ta ilk olarak Antonius ile Kleopatra&#8217;n\u0131n a\u015fk\u0131n\u0131n ba\u015flad\u0131\u011f\u0131 nokta ve Tarsus&#8217;un denize a\u00e7\u0131lan \u015fehir kap\u0131s\u0131 olan Kleopatra Kap\u0131s\u0131&#8217;n\u0131 ziyaret eden Ba\u015fkan e\u015flerini, \u00e7ocuklar ve kad\u0131nlar \u00e7i\u00e7eklerle kar\u015f\u0131lad\u0131. Kleopatra Kap\u0131s\u0131&#8217;ndan ge\u00e7ip Sad\u0131k Pa\u015fa Kona\u011f\u0131&#8217;na devam eden Ba\u015fkan e\u015fleri, kona\u011f\u0131n ve S\u00fcleyman Sad\u0131k Eliye\u015fil&#8217;in hikayesini dinledi. T\u00fcrk tarihinde elektrikle ayd\u0131nlanan ilk ev olma \u00f6zelli\u011fine sahip konakta Ba\u015fkan e\u015flerine Tarsus&#8217;a \u00f6zg\u00fc mamul ikram edildi. Konuklar, konak gezisinin ard\u0131ndan Tarsus Amerikan Koleji&#8217;nin me\u015fhur merdivenlerinde bir an\u0131 foto\u011fraf\u0131 da \u00e7ektirdi.<\/p>\n<p>St. Paul An\u0131t M\u00fczesi&#8217;ni gezip Kent Orkestras\u0131&#8217;n\u0131 dinlediler<\/p>\n<p>Ba\u015fkan e\u015fleri, Tarsus gezisine St. Paul An\u0131t M\u00fczesi&#8217;yle devam etti. B\u00fcy\u00fck\u015fehir Belediyesi&#8217;nde g\u00f6revli Arkeolog Ba\u015far Ak\u00e7a, Hristiyan alemi i\u00e7in \u00f6nemli Hac g\u00fczergah\u0131nda yer alan m\u00fczeyi ve St. Paul&#8217;un hayat\u0131n\u0131 anlatt\u0131. Hz. \u0130sa ve 4 b\u00fcy\u00fck \u0130ncil yazar\u0131n\u0131n freskolar\u0131yla s\u00fcsl\u00fc orta nef ve kilisede yer alan di\u011fer freskolar\u0131 dikkatle inceleyen Ba\u015fkan e\u015fleri, ard\u0131ndan B\u00fcy\u00fck\u015fehir Belediyesi Kent Orkestras\u0131&#8217;n\u0131n performans\u0131n\u0131 dinledi.<\/p>\n<p>Tarsus&#8217;un sokaklar\u0131ndan ve \u00e7ar\u015f\u0131lar\u0131ndan ge\u00e7tiler<\/p>\n<p>Tarsus&#8217;un tarihi sokaklar\u0131n\u0131 ve \u00e7ar\u015f\u0131lar\u0131n\u0131 gezen Ba\u015fkan e\u015fleri, K\u0131rkka\u015f\u0131k Bedesteni&#8217;ne de u\u011frad\u0131. Ramazano\u011fullar\u0131 Beyli\u011fi D\u00f6nemi&#8217;nde in\u015fa edildikten sonra medrese, a\u015fevi ve Cumhuriyet d\u00f6neminde de \u00e7ar\u015f\u0131 olarak kullan\u0131lan K\u0131rkka\u015f\u0131k Bedesteni&#8217;nde Ba\u015fkan e\u015flerine Tarsus&#8217;a \u00f6zg\u00fc kaynar ikram edildi. Kaynar\u0131n tarifini de alan misafirler, Ulu Cami ve Kubat Pa\u015fa Medresesi&#8217;nin \u00f6n\u00fcnden ge\u00e7erek &#8220;bereket peygamberi&#8221; olarak bilinen Danyal Peygamber&#8217;in kabrini ziyaret etti.<\/p>\n<p>Esnaf, vatanda\u015flar ve muhtarlar taraf\u0131ndan ilgiyle kar\u015f\u0131lanan Ba\u015fkan e\u015fleri, yaz k\u0131\u015f suyu bitmeyen yakla\u015f\u0131k 35 metrelik St. Paul Kuyusu&#8217;ndan su \u00e7ektikten sonra Toroslar il\u00e7esinde yer alan Dar\u0131sekisi Mahallesi&#8217;ne ge\u00e7ti.<\/p>\n<p>Dar\u0131sekisi&#8217;nin Y\u00f6r\u00fck K\u00f6y\u00fc Ba\u015fkan e\u015flerini a\u011f\u0131rlad\u0131<\/p>\n<p>Mersin B\u00fcy\u00fck\u015fehir Belediyesi ve Mersinden Kad\u0131n Kooperatifi&#8217;nin \u00d6rnek K\u00f6y Projesi kapsam\u0131nda Y\u00f6r\u00fck k\u00fclt\u00fcr\u00fcn\u00fc ya\u015fatmak amac\u0131yla hayata ge\u00e7irdi\u011fi Y\u00f6r\u00fck K\u00f6y\u00fc&#8217;n\u00fc ziyaret eden Ba\u015fkan e\u015fleri, rengarenk bir ortamla kar\u015f\u0131la\u015ft\u0131. Duvarlardaki desenlere f\u0131r\u00e7alarla dokunu\u015flar yapan misafirler, k\u00f6ydeki Y\u00f6r\u00fck ailelerle de sohbet etti. \u00d6l\u00fcms\u00fcz bar\u0131\u015f, karde\u015flik ve dostluk ad\u0131na Y\u00f6r\u00fck K\u00f6y\u00fc&#8217;ne zeytin fidanlar\u0131 diken Ba\u015fkan e\u015fleri, son olarak Y\u00f6r\u00fck K\u00f6y\u00fc&#8217;ndeki at\u00f6lye, \u00e7ay oca\u011f\u0131, stant, pi\u015firim ve \u00fcretim alanlar\u0131yla Y\u00f6r\u00fck \u00e7ad\u0131rlar\u0131n\u0131 gezdi.<\/p>\n","protected":false},"excerpt":{"rendered":"<p>Mersin B\u00fcy\u00fck\u015fehir Belediye Ba\u015fkan\u0131 Vahap Se\u00e7er&#8217;in e\u015fi ve Mersinden Kad\u0131n Kooperatifi Ba\u015fkan\u0131 Meral Se\u00e7er&#8217;in ev sahipli\u011finde Mersin&#8217;de bir araya gelen CHP&#8217;li B\u00fcy\u00fck\u015fehir Belediye Ba\u015fkanlar\u0131n\u0131n e\u015fleri, e\u015fsiz g\u00fczelliklere ve kadim bir &hellip; <a href=\"https:\/\/akdenizolaygazetesi.com\/?p=18680\" class=\"more-link\">Devam\u0131n\u0131 Oku&#8230;<\/a><\/p>\n","protected":false},"author":2,"featured_media":18681,"comment_status":"open","ping_status":"open","sticky":false,"template":"","format":"standard","meta":[],"categories":[1,2,3],"tags":[],"_links":{"self":[{"href":"https:\/\/akdenizolaygazetesi.com\/index.php?rest_route=\/wp\/v2\/posts\/18680"}],"collection":[{"href":"https:\/\/akdenizolaygazetesi.com\/index.php?rest_route=\/wp\/v2\/posts"}],"about":[{"href":"https:\/\/akdenizolaygazetesi.com\/index.php?rest_route=\/wp\/v2\/types\/post"}],"author":[{"embeddable":true,"href":"https:\/\/akdenizolaygazetesi.com\/index.php?rest_route=\/wp\/v2\/users\/2"}],"replies":[{"embeddable":true,"href":"https:\/\/akdenizolaygazetesi.com\/index.php?rest_route=%2Fwp%2Fv2%2Fcomments&post=18680"}],"version-history":[{"count":1,"href":"https:\/\/akdenizolaygazetesi.com\/index.php?rest_route=\/wp\/v2\/posts\/18680\/revisions"}],"predecessor-version":[{"id":18682,"href":"https:\/\/akdenizolaygazetesi.com\/index.php?rest_route=\/wp\/v2\/posts\/18680\/revisions\/18682"}],"wp:featuredmedia":[{"embeddable":true,"href":"https:\/\/akdenizolaygazetesi.com\/index.php?rest_route=\/wp\/v2\/media\/18681"}],"wp:attachment":[{"href":"https:\/\/akdenizolaygazetesi.com\/index.php?rest_route=%2Fwp%2Fv2%2Fmedia&parent=18680"}],"wp:term":[{"taxonomy":"category","embeddable":true,"href":"https:\/\/akdenizolaygazetesi.com\/index.php?rest_route=%2Fwp%2Fv2%2Fcategories&post=18680"},{"taxonomy":"post_tag","embeddable":true,"href":"https:\/\/akdenizolaygazetesi.com\/index.php?rest_route=%2Fwp%2Fv2%2Ftags&post=18680"}],"curies":[{"name":"wp","href":"https:\/\/api.w.org\/{rel}","templated":true}]}}