{"id":18683,"date":"2022-05-15T10:30:28","date_gmt":"2022-05-15T07:30:28","guid":{"rendered":"http:\/\/akdenizolaygazetesi.com\/?p=18683"},"modified":"2022-05-15T10:30:28","modified_gmt":"2022-05-15T07:30:28","slug":"kumbaradan-kiyafet-cikiyor-ihtiyac-sahiplerine-ulasiyor","status":"publish","type":"post","link":"https:\/\/akdenizolaygazetesi.com\/?p=18683","title":{"rendered":"KUMBARADAN KIYAFET \u00c7IKIYOR, \u0130HT\u0130YA\u00c7 SAH\u0130PLER\u0130NE ULA\u015eIYOR"},"content":{"rendered":"<p>Mersin B\u00fcy\u00fck\u015fehir Belediyesi, kent genelinde bulunan eski tip 300 k\u0131yafet kutusunu yenilerken, yap\u0131m\u0131 tamamlanan 300 yeni &#8216;Kullan\u0131lm\u0131\u015f Tekstil Kumbaras\u0131&#8217;n\u0131 da kentin farkl\u0131 noktalar\u0131na yerle\u015ftiriyor. &#8216;Payla\u015fmak Kuma\u015f\u0131m\u0131zda Var&#8217; slogan\u0131 ile yola \u00e7\u0131kan B\u00fcy\u00fck\u015fehir Belediyesi, tekstil kumbaras\u0131na at\u0131lan k\u0131yafetlerin kullan\u0131labilir olanlar\u0131n\u0131 ihtiya\u00e7 sahibi ailelere ula\u015ft\u0131r\u0131rken, kullan\u0131lamayacak durumda olanlar\u0131n ise geri d\u00f6n\u00fc\u015f\u00fcme g\u00f6nderilmesini sa\u011fl\u0131yor.<\/p>\n<p>300 yeni &#8216;Kullan\u0131lm\u0131\u015f Tekstil Kumbaras\u0131&#8217;<\/p>\n<p>Mevcutta bulunan tekstil kutular\u0131n\u0131 revize eden B\u00fcy\u00fck\u015fehir ekipleri, 300 yeni tekstil kumbaras\u0131n\u0131 da kentin farkl\u0131 b\u00f6lgelerine yerle\u015ftiriyor. Kumbaralar\u0131n i\u00e7ine kullan\u0131lm\u0131\u015f veya kullan\u0131lmam\u0131\u015f giysi ve ayakkab\u0131lar at\u0131labiliyor. Kumbaralardan belirli aral\u0131klar toplanan giysilerden kullan\u0131labilecek durumda olan ve olmayanlar ayr\u0131\u015ft\u0131r\u0131l\u0131yor. Kullan\u0131lamayacak durumda olanlar geri d\u00f6n\u00fc\u015f\u00fcme g\u00f6nderilirken, kullan\u0131labilecek olanlar ise ihtiya\u00e7 sahiplerine ula\u015ft\u0131r\u0131l\u0131yor.<\/p>\n<p>B\u00fcy\u00fck\u015fehir Belediyesi, kapsam\u0131n\u0131 geni\u015fletti\u011fi proje ile y\u0131lda yakla\u015f\u0131k 10 bin aileye kullan\u0131lmam\u0131\u015f, yakla\u015f\u0131k 6 bin aileye de yenilenmesi kolay tekstil \u00fcr\u00fcn\u00fc ula\u015ft\u0131rabilecek. Geri d\u00f6n\u00fc\u015f\u00fcmden elde edilen kazan\u00e7 da yine Sosyal Hizmetler Dairesi b\u00fcnyesinde ihtiya\u00e7 sahibi aileler i\u00e7in farkl\u0131 projelerde kullan\u0131lacak.<\/p>\n<p>&#8220;Yakla\u015f\u0131k 20 g\u00fcn i\u00e7inde tamam\u0131 yerle\u015fmi\u015f olacak&#8221;<\/p>\n<p>Mersin B\u00fcy\u00fck\u015fehir \u0130mar \u0130n\u015faat A.\u015e. Genel M\u00fcd\u00fcr Yard\u0131mc\u0131s\u0131 Emir Can \u00d6zg\u00fcr, faaliyet alanlar\u0131ndan birinin de geri d\u00f6n\u00fc\u015ft\u00fcr\u00fclebilir tekstil \u00fcr\u00fcnleri oldu\u011funu belirterek, projenin detaylar\u0131ndan bahsetti. Kutular\u0131n yerle\u015ftirilmeye ba\u015fland\u0131\u011f\u0131n\u0131 belirten \u00d6zg\u00fcr, &#8220;Yakla\u015f\u0131k 20 g\u00fcn i\u00e7inde tamam\u0131 yerle\u015fmi\u015f olacak. Bu noktada biz Mersinlilerden t\u00fcm tekstil geri d\u00f6n\u00fc\u015f\u00fcmlerini bu kutularda de\u011ferlendirmelerini bekliyoruz&#8221; dedi.<\/p>\n<p>&#8220;Yakla\u015f\u0131k 9-10 bin aileye kullan\u0131lmam\u0131\u015f giysi tedariki sa\u011flayaca\u011f\u0131z&#8221;<\/p>\n<p>\u00d6zg\u00fcr, Kullan\u0131lm\u0131\u015f Tekstil Kumbaras\u0131&#8217;na at\u0131lan k\u0131yafetlerin nas\u0131l de\u011ferlendirildi\u011fi y\u00f6n\u00fcndeki bilgileri de payla\u015farak, &#8220;Burada elde etti\u011fimiz kazan\u0131mla biz \u015fehrimizde 9-10 bin aileye kullan\u0131lmam\u0131\u015f giysi tedariki sa\u011flayaca\u011f\u0131z. Ayn\u0131 zamanda yine buradan \u00e7\u0131kan ve yenilenmesi kolay \u00fcr\u00fcnleri ki; yakla\u015f\u0131k y\u0131lda 5-6 bin par\u00e7a \u00fcr\u00fcnden bahsediyoruz; yine ihtiya\u00e7 sahibi ailelere da\u011f\u0131t\u0131yoruz. Kullan\u0131lmayacak durumda olanlar ise \u00e7e\u015fitli sekt\u00f6rlerde de\u011ferlendirilerek geri d\u00f6n\u00fc\u015f\u00fcme kazand\u0131r\u0131l\u0131yor. Buradan elde edilen gelir belediyeye aktar\u0131l\u0131yor. Sosyal Hizmetler Dairemiz ihtiya\u00e7 sahiplerini belirleyerek farkl\u0131 alanlarda da\u011f\u0131t\u0131yor&#8221; diye konu\u015ftu.<\/p>\n<p>Mevcutta bulunan 300 kutuyu yenilediklerini, 300 tane de yeni kutu yap\u0131ld\u0131\u011f\u0131n\u0131 anlatan \u00d6zg\u00fcr, &#8220;Biliyorsunuz \u015fehrimizde yakla\u015f\u0131k 300 tane eski tip kutulardan vard\u0131. Bunlar \u00e7ok da aktif durumda de\u011fillerdi. Biz bunlar\u0131 yeniliyoruz. 300 tane daha yeni yap\u0131yoruz. \u015eehrimizin 600 noktas\u0131na bu kutular\u0131 yerle\u015ftirece\u011fiz&#8221; dedi.<\/p>\n","protected":false},"excerpt":{"rendered":"<p>Mersin B\u00fcy\u00fck\u015fehir Belediyesi, kent genelinde bulunan eski tip 300 k\u0131yafet kutusunu yenilerken, yap\u0131m\u0131 tamamlanan 300 yeni &#8216;Kullan\u0131lm\u0131\u015f Tekstil Kumbaras\u0131&#8217;n\u0131 da kentin farkl\u0131 noktalar\u0131na yerle\u015ftiriyor. &#8216;Payla\u015fmak Kuma\u015f\u0131m\u0131zda Var&#8217; slogan\u0131 ile yola &hellip; <a href=\"https:\/\/akdenizolaygazetesi.com\/?p=18683\" class=\"more-link\">Devam\u0131n\u0131 Oku&#8230;<\/a><\/p>\n","protected":false},"author":2,"featured_media":18684,"comment_status":"open","ping_status":"open","sticky":false,"template":"","format":"standard","meta":[],"categories":[34,1,2,3,5],"tags":[],"_links":{"self":[{"href":"https:\/\/akdenizolaygazetesi.com\/index.php?rest_route=\/wp\/v2\/posts\/18683"}],"collection":[{"href":"https:\/\/akdenizolaygazetesi.com\/index.php?rest_route=\/wp\/v2\/posts"}],"about":[{"href":"https:\/\/akdenizolaygazetesi.com\/index.php?rest_route=\/wp\/v2\/types\/post"}],"author":[{"embeddable":true,"href":"https:\/\/akdenizolaygazetesi.com\/index.php?rest_route=\/wp\/v2\/users\/2"}],"replies":[{"embeddable":true,"href":"https:\/\/akdenizolaygazetesi.com\/index.php?rest_route=%2Fwp%2Fv2%2Fcomments&post=18683"}],"version-history":[{"count":1,"href":"https:\/\/akdenizolaygazetesi.com\/index.php?rest_route=\/wp\/v2\/posts\/18683\/revisions"}],"predecessor-version":[{"id":18685,"href":"https:\/\/akdenizolaygazetesi.com\/index.php?rest_route=\/wp\/v2\/posts\/18683\/revisions\/18685"}],"wp:featuredmedia":[{"embeddable":true,"href":"https:\/\/akdenizolaygazetesi.com\/index.php?rest_route=\/wp\/v2\/media\/18684"}],"wp:attachment":[{"href":"https:\/\/akdenizolaygazetesi.com\/index.php?rest_route=%2Fwp%2Fv2%2Fmedia&parent=18683"}],"wp:term":[{"taxonomy":"category","embeddable":true,"href":"https:\/\/akdenizolaygazetesi.com\/index.php?rest_route=%2Fwp%2Fv2%2Fcategories&post=18683"},{"taxonomy":"post_tag","embeddable":true,"href":"https:\/\/akdenizolaygazetesi.com\/index.php?rest_route=%2Fwp%2Fv2%2Ftags&post=18683"}],"curies":[{"name":"wp","href":"https:\/\/api.w.org\/{rel}","templated":true}]}}