{"id":1869,"date":"2020-11-04T18:22:25","date_gmt":"2020-11-04T15:22:25","guid":{"rendered":"http:\/\/mersinekonomipolitikagazetesi.com\/?p=1869"},"modified":"2020-11-04T18:22:25","modified_gmt":"2020-11-04T15:22:25","slug":"baskan-tarhan-4-yilini-degerlendirdi","status":"publish","type":"post","link":"https:\/\/akdenizolaygazetesi.com\/?p=1869","title":{"rendered":"Ba\u015fkan Tarhan 4. y\u0131l\u0131n\u0131 de\u011ferlendirdi"},"content":{"rendered":"<p>Mezitli Belediye Ba\u015fkan\u0131 Ne\u015fet Tarhan, demokratik ve halk\u00e7\u0131 y\u00f6netim anlay\u0131\u015f\u0131 ile Mezitli&#8217;ye de\u011fer katt\u0131klar\u0131n\u0131 belirterek, &#8220;4 y\u0131l \u00f6nce g\u00f6reve gelirken sloganlar\u0131m\u0131zdan birisi &#8216;Mezitli\u2019ye de\u011fer kataca\u011f\u0131z&#8217; iddias\u0131yd\u0131. Katt\u0131\u011f\u0131m\u0131z de\u011ferle herkes kazand\u0131&#8221; dedi.<\/p>\n<p><span style=\"font-size:16px;\"><span style=\"font-family: sans-serif; line-height: 20px; text-align: justify; background-color: rgb(242, 244, 245);\">Tarhan, d\u00fczenledi\u011fi toplant\u0131yla g\u00f6revdeki 4 y\u0131l\u0131n\u0131 de\u011ferlendirdi. Mezitli Belediyesi Amfitiyatro\u2019da gazetecilerin kat\u0131l\u0131m\u0131yla ger\u00e7ekle\u015fen toplant\u0131da, s\u00f6z verdiklerinden \u00e7ok daha fazlas\u0131n\u0131 yapm\u0131\u015f olman\u0131n gurunu ya\u015fad\u0131klar\u0131n\u0131 s\u00f6yleyen Tarhan, &#8220;4 y\u0131l \u00f6nce g\u00f6reve gelirken sloganlar\u0131m\u0131zdan birisi &#8216;Mezitli&#8217;ye de\u011fer kakaca\u011f\u0131z&#8217; iddias\u0131yd\u0131. Mezitli\u2019ye katt\u0131\u011f\u0131m\u0131z de\u011ferle herkes kazand\u0131. \u00d6nemli bir ekonomi dergisinin 2017 y\u0131l\u0131nda yapt\u0131\u011f\u0131 ara\u015ft\u0131rmaya g\u00f6re, gayrimenkul sekt\u00f6r\u00fcnde T\u00fcrkiye\u2019de y\u00fczde 5, Mersin\u2019de y\u00fczde 14.3 de\u011fer art\u0131\u015f\u0131 g\u00f6zlemlenirken, Mezitli\u2019de de\u011fer art\u0131\u015f\u0131n\u0131n y\u00fczde 26\u2019ya kadar ula\u015ft\u0131\u011f\u0131 tespit edilmi\u015ftir\u201d diye konu\u015ftu.\u00a0<\/span><br style=\"box-sizing: border-box; font-family: sans-serif; font-size: 14px; line-height: 20px; text-align: justify; background-color: rgb(242, 244, 245);\" \/><br \/>\n<span style=\"font-family: sans-serif; line-height: 20px; text-align: justify; background-color: rgb(242, 244, 245);\">\u0130nsan mutlulu\u011funu hedef alan bir anlay\u0131\u015fla \u00e7al\u0131\u015ft\u0131klar\u0131n\u0131 vurgulayan Tarhan, \u201cBir di\u011fer slogan\u0131m\u0131z da &#8216;Mutlu Kent Mezitli&#8217; idi. Mezitli\u2019de ya\u015fayan insanlar\u0131n daha sa\u011fl\u0131kl\u0131, daha mutlu olabilmesi i\u00e7in \u00e7ok \u00f6nemli \u00e7al\u0131\u015fmalara imza att\u0131k. Ku\u015fkusuz, mutlulu\u011fun \u00fcst \u00e7izgisini hen\u00fcz yakalayamad\u0131k. Ama t\u00fcm \u00e7al\u0131\u015fmalar\u0131m\u0131z insanlar\u0131n mutlulu\u011funu art\u0131rmaya y\u00f6nelik olarak devam edecektir. Art\u0131k herkes, &#8216;Buras\u0131 Mezitli&#8217; diyerek ayr\u0131cal\u0131kl\u0131 olduklar\u0131n\u0131n hazz\u0131n\u0131 ya\u015famaktad\u0131r. 20 bine yakla\u015fan \u00fcyesiyle &#8216;MezitliKart&#8217; sahibi bulunmas\u0131 bile bunun \u00f6l\u00e7\u00fctlerinden sadece birisidir\u201d ifadelerini kulland\u0131.\u00a0<\/span><br style=\"box-sizing: border-box; font-family: sans-serif; font-size: 14px; line-height: 20px; text-align: justify; background-color: rgb(242, 244, 245);\" \/><br \/>\n<span style=\"font-family: sans-serif; line-height: 20px; text-align: justify; background-color: rgb(242, 244, 245);\">&#8220;Mersin ve T\u00fcrkiye&#8217;de ya\u015fanan n\u00fcfus art\u0131\u015f oran\u0131n\u0131n 3 kat\u0131 h\u0131zla geli\u015ftik&#8221;\u00a0<\/span><br style=\"box-sizing: border-box; font-family: sans-serif; font-size: 14px; line-height: 20px; text-align: justify; background-color: rgb(242, 244, 245);\" \/><br \/>\n<span style=\"font-family: sans-serif; line-height: 20px; text-align: justify; background-color: rgb(242, 244, 245);\">Belediye kaynaklar\u0131n\u0131 verimli \u015fekilde kullanan, halk\u0131n\u0131n g\u00fcveninin kazanm\u0131\u015f, ger\u00e7ekle\u015ftirdi\u011fi sosyal ve k\u00fclt\u00fcrel faaliyetlerle Mezitli ad\u0131n\u0131 uluslararas\u0131 alanlarda bile duyurmu\u015f olmaktan b\u00fcy\u00fck onur duydu\u011funu vurgulayan Tarhan, &#8220;2018 y\u0131l\u0131 Ocak ay\u0131 itibariyle Mezitli\u2019in n\u00fcfusu 187 bin 536&#8217;d\u0131r. Bu n\u00fcfusa 2017 Kas\u0131m ay\u0131 verilerine g\u00f6re kay\u0131tl\u0131 54 bin, kay\u0131tl\u0131 olmayanlarla birlikte 65 bin Suriyeli dahil de\u011fildir. 371 kilometrekarelik y\u00fcz\u00f6l\u00e7\u00fcm\u00fc ile Akdeniz il\u00e7esinin 1.5 kat\u0131, Yeni\u015fehir\u2019in ise 2.7 kat\u0131 b\u00fcy\u00fckl\u00fcktedir. Mersin\u2019in 13 il\u00e7esi aras\u0131nda en y\u00fcksek n\u00fcfus art\u0131\u015f oran\u0131na sahip olan Mezitli\u2019dir. Mersin ve T\u00fcrkiye\u2019de ya\u015fanan n\u00fcfus art\u0131\u015f oran\u0131n\u0131n 3 kat\u0131 h\u0131zla geli\u015fmi\u015ftir. Biz bu g\u00f6\u00e7 olgusundan rahats\u0131z de\u011filiz. \u00c7\u00fcnk\u00fc daha iyi bir yerle\u015fim yerini tercih eden, Mersin\u2019in di\u011fer il\u00e7elerinden de Mezitli\u2019ye b\u00fcy\u00fck oranda g\u00f6\u00e7 hareketi ya\u015fanmaktad\u0131r&#8221; \u015feklinde konu\u015ftu.\u00a0<\/span><br style=\"box-sizing: border-box; font-family: sans-serif; font-size: 14px; line-height: 20px; text-align: justify; background-color: rgb(242, 244, 245);\" \/><br \/>\n<span style=\"font-family: sans-serif; line-height: 20px; text-align: justify; background-color: rgb(242, 244, 245);\">&#8220;Belediye kaynaklar\u0131n\u0131 en rasyonel bi\u00e7imde kulland\u0131k&#8221;\u00a0<\/span><br style=\"box-sizing: border-box; font-family: sans-serif; font-size: 14px; line-height: 20px; text-align: justify; background-color: rgb(242, 244, 245);\" \/><br \/>\n<span style=\"font-family: sans-serif; line-height: 20px; text-align: justify; background-color: rgb(242, 244, 245);\">Mezitli Belediyesi b\u00fct\u00e7esinin 2018 y\u0131l\u0131nda 120 milyon olarak ger\u00e7ekle\u015fti\u011fini kaydeden Tarhan, \u015f\u00f6yle devam etti; &#8220;Ta\u015feron i\u015f\u00e7isine en y\u00fcksek \u00fccret veren, iki dini bayramda ayr\u0131ca \u00f6deme yapan belediyelerin ba\u015f\u0131nda gelmekteyiz. Ta\u015feron i\u015f\u00e7ilerimizin t\u00fcm\u00fc, ayr\u0131m yap\u0131lmadan kadroya ge\u00e7irilmi\u015ftir. Bir taraftan ta\u015feron yap\u0131s\u0131n\u0131n belediyemize getirdi\u011fi ilave mali y\u00fck, di\u011fer taraftan yeni imar y\u00f6netmeli\u011finin yeni in\u015faat yap\u0131m\u0131n\u0131 neredeyse s\u0131f\u0131rlamas\u0131 sonucu, imar gelirlerinin azalmas\u0131 2018 y\u0131l\u0131 b\u00fct\u00e7esinde beklenmedik olumsuzluklar yaratm\u0131\u015ft\u0131r. Belediye y\u00f6netiminde yeni demokratik uygulamalar\u0131m\u0131z, somut kat\u0131l\u0131mc\u0131 ve saydam uygulamalar\u0131m\u0131z ile \u00e7\u0131\u011f\u0131r a\u00e7t\u0131k. Sivil toplum kurulu\u015flar\u0131 yan\u0131nda Mezitli Kent Konseyi ile halka d\u00f6n\u00fck ortak projeler y\u00fcr\u00fctt\u00fck. Evlerde yaln\u0131z ya\u015fayan, bakacak kimsesi olmayan ya\u015fl\u0131lar\u0131m\u0131za y\u00f6nelik, &#8216;Evde Bak\u0131m Hizmet Birimi&#8217; kurarak ya\u015fl\u0131l\u0131\u011f\u0131 unutturduk. Kad\u0131n \u00dcretici Pazar\u0131 say\u0131m\u0131z\u0131, Davultepe\u2019de a\u00e7t\u0131\u011f\u0131m\u0131z ve Tece\u2019de bug\u00fcnlerde a\u00e7aca\u011f\u0131m\u0131z pazarla 9\u2019a \u00e7\u0131kard\u0131k. Bu pazarlar\u0131m\u0131zda 500\u2019\u00fcn \u00fczerinde kad\u0131n\u0131m\u0131z sat\u0131\u015f yapmaktad\u0131r.&#8221;\u00a0<\/span><br style=\"box-sizing: border-box; font-family: sans-serif; font-size: 14px; line-height: 20px; text-align: justify; background-color: rgb(242, 244, 245);\" \/><br \/>\n<span style=\"font-family: sans-serif; line-height: 20px; text-align: justify; background-color: rgb(242, 244, 245);\">&#8220;Daha ye\u015fil Mezitli i\u00e7in m\u00fccadele ediyoruz&#8221;\u00a0<\/span><br style=\"box-sizing: border-box; font-family: sans-serif; font-size: 14px; line-height: 20px; text-align: justify; background-color: rgb(242, 244, 245);\" \/><br \/>\n<span style=\"font-family: sans-serif; line-height: 20px; text-align: justify; background-color: rgb(242, 244, 245);\">\u0130l\u00e7edeki &#8216;Hobi Bah\u00e7esi&#8217; say\u0131s\u0131n\u0131n \u00f6n\u00fcm\u00fczdeki g\u00fcnlerde Davultepe ve Akdeniz Mahallesi s\u0131n\u0131r\u0131nda a\u00e7\u0131lacak olanlarla 6&#8217;ya \u00e7\u0131kaca\u011f\u0131n\u0131 anlatan Tarhan, &#8220;Hobi bah\u00e7esinden yararlanmak isteyen binlerce vatanda\u015f\u0131m\u0131z bulunmaktad\u0131r. Mezitli s\u0131n\u0131rlar\u0131 i\u00e7erisinde imar plan\u0131nda ye\u015fil alan olarak g\u00f6r\u00fcnen ve m\u00fclkiyeti belediyede olan alanlar\u0131n y\u00fczde 98\u2019i ye\u015fil alan olarak d\u00fczenlenmi\u015ftir. Yapt\u0131\u011f\u0131m\u0131z park ve \u00e7ocuk oyun alanlar\u0131 d\u0131\u015f\u0131nda sivil toplum kurulu\u015flar\u0131n\u0131n ger\u00e7ekle\u015ftirdi\u011fi jakaranda korulu\u011fu say\u0131s\u0131 36\u2019ya ula\u015ft\u0131. Ayr\u0131ca, zeytinlik ve kay\u0131s\u0131 bah\u00e7esi yapan sivil toplum kurulu\u015flar\u0131 da oldu. \u00c7ocuk ve gen\u00e7lerimizi spora \u00f6zendirmek i\u00e7in Mezitli Belediyesi Gen\u00e7lik ve Spor Kul\u00fcb\u00fc\u2019n\u00fcn kurulu\u015fu ger\u00e7ekle\u015ftirildi. Bisiklet yollar\u0131 yap\u0131m\u0131 devam edecektir. Yapt\u0131\u011f\u0131m\u0131z bu yollardan dolay\u0131 bin 350 adet bisiklet halka \u00fccretsiz olarak da\u011f\u0131t\u0131ld\u0131. Sahilde t\u00fcm s\u0131n\u0131rlar\u0131m\u0131zda y\u00fcr\u00fcy\u00fc\u015f yolu yap\u0131ld\u0131. Pompeiopolis s\u00fctunlar\u0131n\u0131n do\u011fusuna y\u00fcr\u00fcy\u00fc\u015f ve bisiklet yolu yapt\u0131k. Antik liman b\u00f6lgesinde, Sel\u00e7uk \u00dcniversitesi ve UNESCO taraf\u0131ndan deniz alt\u0131 arkeolojik ara\u015ft\u0131rmas\u0131 yap\u0131ld\u0131. S\u00fctunlu yol ve Amfi Tiyatro\u2019da kaz\u0131 \u00e7al\u0131\u015fmalar\u0131 temmuz ay\u0131nda devam edecektir. Bunun yan\u0131nda belediye hizmet binam\u0131z eski Mezitli hali biti\u015fi\u011finde bu ay sonu tamamlanacak. May\u0131s ay\u0131nda belediyemiz yeni binas\u0131na ta\u015f\u0131nacak. Eski hal alan\u0131 y\u0131k\u0131lmaya ba\u015fland\u0131. Bu alan\u0131n alt\u0131 kapal\u0131 otopark olarak planland\u0131. \u00dcst\u00fc ise sanayi sitesinin bir b\u00f6l\u00fcm\u00fc ile birlikte kent meydan\u0131 olarak 2. \u00c7evre Yoluna ba\u011flanacak&#8221; dedi.<\/span><\/span><\/p>\n","protected":false},"excerpt":{"rendered":"<p>Mezitli Belediye Ba\u015fkan\u0131 Ne\u015fet Tarhan, demokratik ve halk\u00e7\u0131 y\u00f6netim anlay\u0131\u015f\u0131 ile Mezitli&#8217;ye de\u011fer katt\u0131klar\u0131n\u0131 belirterek, &#8220;4 y\u0131l \u00f6nce g\u00f6reve gelirken sloganlar\u0131m\u0131zdan birisi &#8216;Mezitli\u2019ye de\u011fer kataca\u011f\u0131z&#8217; iddias\u0131yd\u0131. Katt\u0131\u011f\u0131m\u0131z de\u011ferle herkes kazand\u0131&#8221; &hellip; <a href=\"https:\/\/akdenizolaygazetesi.com\/?p=1869\" class=\"more-link\">Devam\u0131n\u0131 Oku&#8230;<\/a><\/p>\n","protected":false},"author":1,"featured_media":0,"comment_status":"open","ping_status":"open","sticky":false,"template":"","format":"standard","meta":[],"categories":[],"tags":[],"_links":{"self":[{"href":"https:\/\/akdenizolaygazetesi.com\/index.php?rest_route=\/wp\/v2\/posts\/1869"}],"collection":[{"href":"https:\/\/akdenizolaygazetesi.com\/index.php?rest_route=\/wp\/v2\/posts"}],"about":[{"href":"https:\/\/akdenizolaygazetesi.com\/index.php?rest_route=\/wp\/v2\/types\/post"}],"author":[{"embeddable":true,"href":"https:\/\/akdenizolaygazetesi.com\/index.php?rest_route=\/wp\/v2\/users\/1"}],"replies":[{"embeddable":true,"href":"https:\/\/akdenizolaygazetesi.com\/index.php?rest_route=%2Fwp%2Fv2%2Fcomments&post=1869"}],"version-history":[{"count":0,"href":"https:\/\/akdenizolaygazetesi.com\/index.php?rest_route=\/wp\/v2\/posts\/1869\/revisions"}],"wp:attachment":[{"href":"https:\/\/akdenizolaygazetesi.com\/index.php?rest_route=%2Fwp%2Fv2%2Fmedia&parent=1869"}],"wp:term":[{"taxonomy":"category","embeddable":true,"href":"https:\/\/akdenizolaygazetesi.com\/index.php?rest_route=%2Fwp%2Fv2%2Fcategories&post=1869"},{"taxonomy":"post_tag","embeddable":true,"href":"https:\/\/akdenizolaygazetesi.com\/index.php?rest_route=%2Fwp%2Fv2%2Ftags&post=1869"}],"curies":[{"name":"wp","href":"https:\/\/api.w.org\/{rel}","templated":true}]}}