{"id":1870,"date":"2020-11-04T18:22:25","date_gmt":"2020-11-04T15:22:25","guid":{"rendered":"http:\/\/mersinekonomipolitikagazetesi.com\/?p=1870"},"modified":"2020-11-04T18:22:25","modified_gmt":"2020-11-04T15:22:25","slug":"kocamaz-berat-kandilini-kutladi","status":"publish","type":"post","link":"https:\/\/akdenizolaygazetesi.com\/?p=1870","title":{"rendered":"Kocamaz Berat Kandili&#8217;ni kutlad\u0131"},"content":{"rendered":"<p>Mersin B\u00fcy\u00fck\u015fehir Belediye Ba\u015fkan\u0131 Burhanettin Kocamaz, Berat Kandili&#8217;nin Ramazan\u0131n m\u00fcjdecisi oldu\u011funu belirterek, &#8220;Berat; bor\u00e7tan, hastal\u0131ktan, su\u00e7 ve cezadan beraat etme, kurtulma, g\u00fcnahlardan ar\u0131nma, temize \u00e7\u0131kma, il\u00e2h\u00ee af ve rahmete n\u00e2il olmakt\u0131r&#8221; dedi.<\/p>\n<p><span style=\"font-size:16px;\"><span style=\"font-family: sans-serif; line-height: 20px; text-align: justify; background-color: rgb(242, 244, 245);\">Kocamaz, Berat Kandili dolay\u0131s\u0131yla yapt\u0131\u011f\u0131 a\u00e7\u0131klamada, Berat gecesinin tefekk\u00fcr, tezekk\u00fcr ve yenilenme gecesi oldu\u011funu s\u00f6yledi. Berat&#8217;\u0131n, k\u0131r\u0131lan kalpleri onarma, darg\u0131nl\u0131k duvarlar\u0131n\u0131 y\u0131kma, kin, nefret ve intikam duygular\u0131n\u0131 a\u015fma g\u00fcn\u00fc oldu\u011funu vurgulayan Kocamaz, &#8220;G\u00f6n\u00fcllerin merhametle doldu\u011fu, insanlar\u0131n sab\u0131rl\u0131, sevgi ve sayg\u0131n\u0131n h\u00e2kim oldu\u011fu Ramazan ay\u0131n\u0131n habercisi olan Berat Kandilini idrak etmenin manevi iklimini ya\u015f\u0131yoruz. Af ve \u015f\u00fck\u00fcr vesilesi olan kandiller, m\u00fcminler i\u00e7in de manevi bir ar\u0131nman\u0131n yan\u0131nda, hayat muhasebesi yapma f\u0131rsat\u0131 sunan gecelerdir. Bu gece, birey olarak her t\u00fcrl\u00fc olumsuzluklardan ar\u0131nmak i\u00e7in y\u00fcce Mevlam\u0131zdan berat\u0131m\u0131z\u0131 isteyelim. Sorumluluklar\u0131m\u0131z\u0131 yeniden hat\u0131rlayal\u0131m ve bizi biz yapan milli ve manevi de\u011ferlerimizle birlikte on bir ay\u0131n sultan\u0131 Ramazan ay\u0131n\u0131 hep birlikte idrak edelim&#8221; diye konu\u015ftu.\u00a0<\/span><\/span><\/p>\n","protected":false},"excerpt":{"rendered":"<p>Mersin B\u00fcy\u00fck\u015fehir Belediye Ba\u015fkan\u0131 Burhanettin Kocamaz, Berat Kandili&#8217;nin Ramazan\u0131n m\u00fcjdecisi oldu\u011funu belirterek, &#8220;Berat; bor\u00e7tan, hastal\u0131ktan, su\u00e7 ve cezadan beraat etme, kurtulma, g\u00fcnahlardan ar\u0131nma, temize \u00e7\u0131kma, il\u00e2h\u00ee af ve rahmete n\u00e2il &hellip; <a href=\"https:\/\/akdenizolaygazetesi.com\/?p=1870\" class=\"more-link\">Devam\u0131n\u0131 Oku&#8230;<\/a><\/p>\n","protected":false},"author":1,"featured_media":0,"comment_status":"open","ping_status":"open","sticky":false,"template":"","format":"standard","meta":[],"categories":[],"tags":[],"_links":{"self":[{"href":"https:\/\/akdenizolaygazetesi.com\/index.php?rest_route=\/wp\/v2\/posts\/1870"}],"collection":[{"href":"https:\/\/akdenizolaygazetesi.com\/index.php?rest_route=\/wp\/v2\/posts"}],"about":[{"href":"https:\/\/akdenizolaygazetesi.com\/index.php?rest_route=\/wp\/v2\/types\/post"}],"author":[{"embeddable":true,"href":"https:\/\/akdenizolaygazetesi.com\/index.php?rest_route=\/wp\/v2\/users\/1"}],"replies":[{"embeddable":true,"href":"https:\/\/akdenizolaygazetesi.com\/index.php?rest_route=%2Fwp%2Fv2%2Fcomments&post=1870"}],"version-history":[{"count":0,"href":"https:\/\/akdenizolaygazetesi.com\/index.php?rest_route=\/wp\/v2\/posts\/1870\/revisions"}],"wp:attachment":[{"href":"https:\/\/akdenizolaygazetesi.com\/index.php?rest_route=%2Fwp%2Fv2%2Fmedia&parent=1870"}],"wp:term":[{"taxonomy":"category","embeddable":true,"href":"https:\/\/akdenizolaygazetesi.com\/index.php?rest_route=%2Fwp%2Fv2%2Fcategories&post=1870"},{"taxonomy":"post_tag","embeddable":true,"href":"https:\/\/akdenizolaygazetesi.com\/index.php?rest_route=%2Fwp%2Fv2%2Ftags&post=1870"}],"curies":[{"name":"wp","href":"https:\/\/api.w.org\/{rel}","templated":true}]}}