{"id":18708,"date":"2022-05-16T12:53:34","date_gmt":"2022-05-16T09:53:34","guid":{"rendered":"http:\/\/akdenizolaygazetesi.com\/?p=18708"},"modified":"2022-05-16T12:53:34","modified_gmt":"2022-05-16T09:53:34","slug":"baskan-gultaka-sonsuz-tesekkur-ediyoruz","status":"publish","type":"post","link":"https:\/\/akdenizolaygazetesi.com\/?p=18708","title":{"rendered":"&#8220;BA\u015eKAN G\u00dcLTAK&#8217;A SONSUZ TE\u015eEKK\u00dcR ED\u0130YORUZ&#8221;"},"content":{"rendered":"<p>Akdeniz Belediyespor&#8217;un milli boks\u00f6rleri, \u0130stanbul&#8217;da ger\u00e7ekle\u015fen 7. Uluslararas\u0131 Kick Boks D\u00fcnya Kupas\u0131&#8217;na damga vurdu. Akdeniz Belediye Ba\u015fkan\u0131 Mustafa G\u00fcltak, \u015fampiyonada 2 birincilik, 1 ikincilik ve 1 \u00fc\u00e7\u00fcnc\u00fcl\u00fck alarak b\u00fcy\u00fck ba\u015far\u0131ya imza atan sporcular\u0131 tebrik ederek, &#8220;Sporcular\u0131m\u0131zla gurur duyuyorum&#8221; dedi.<br \/>\nT\u00fcrkiye Kick Boks Federasyonu&#8217;nun 2022 faaliyet program\u0131nda yer alan 7. Uluslararas\u0131 Kick Boks D\u00fcnya Kupas\u0131, \u0130stanbul&#8217;da 52 \u00fclkeden 3 bin 100 sporcunun kat\u0131l\u0131m\u0131yla ger\u00e7ekle\u015fti. Akdeniz Belediyespor ad\u0131na T\u00fcrkiye&#8217;yi temsil eden 4 sporcunun tamam\u0131 D\u00fcnya Kupas\u0131&#8217;ndan madalya ile d\u00f6nd\u00fc.<br \/>\nM\u00fcsabakalarda Akdeniz Belediyespor&#8217;un milli sporcular\u0131 G\u00fclizar Kara Full Contack +70 kg&#8217;da b\u00fcy\u00fck kad\u0131nlar finalinde \u00d6zbek rakibini yenerek, Hilal Sonay ise 52 kg Lowking gen\u00e7 kad\u0131nlarda Kosoval\u0131 rakibini eleyerek d\u00fcnya \u015fampiyonu oldu. Ayn\u0131 m\u00fcsabakada Muhammed Ta\u015fk\u0131n 51 kg Lowking gen\u00e7 erkeklerde Kazak rakibini yenerek 2., Hatip Emlek ise \u0130spanyol rakibini yenerek 3. oldu.<br \/>\n&#8220;BA\u015eKAN G\u00dcLTAK&#8217;A SONSUZ TE\u015eEKK\u00dcR ED\u0130YORUZ&#8221;<br \/>\nAntren\u00f6r Nas\u0131r Kandemir, \u015fampiyonaya kat\u0131lan 4 sporcunun tamam\u0131ndan da \u015fampiyonluk beklediklerini ancak madalyas\u0131z d\u00f6nmemelerinin de b\u00fcy\u00fck bir ba\u015far\u0131 oldu\u011funu dile getirdi. Kandemir, &#8220;\u00d6n\u00fcm\u00fczde  B\u00fcy\u00fckler Avrupa ve Gen\u00e7ler D\u00fcnya \u015eampiyonas\u0131 var. Oralarda bu ba\u015far\u0131lar\u0131m\u0131z\u0131n \u00fcst\u00fcne katarak, \u00fclkemizin bayra\u011f\u0131n\u0131 bir kez daha g\u00f6ndere \u00e7ekmek t\u00fcm d\u00fcnyaya \u0130stiklal Mar\u015f\u0131m\u0131z\u0131 dinletmek istiyoruz. Bu zorlu s\u00fcre\u00e7lerde bizlere her t\u00fcrl\u00fc deste\u011fi sa\u011flayan ba\u015fta Belediye Ba\u015fkan\u0131m\u0131z Say\u0131n Mustafa G\u00fcltak&#8217;a ve kul\u00fcp y\u00f6neticilerimize sonsuz te\u015fekk\u00fcr ediyorum&#8221; dedi.<br \/>\n&#8220;ZORLU MA\u00c7LARDI AMA \u00c7OK \u0130NANDIM&#8221;<br \/>\nD\u00fcnya \u015eampiyonu Milli Boks\u00f6r G\u00fclizar Kara ise &#8220;Bu m\u00fcsabakaya \u00e7ok yo\u011fun \u00e7al\u0131\u015farak haz\u0131rland\u0131k. Rakiplerim d\u00fcnya \u015fampiyonas\u0131nda derece sahibi sporculard\u0131. Ma\u00e7lar\u0131 \u00fcst\u00fcnl\u00fckle ald\u0131m. Zorlu ma\u00e7lard\u0131 ama \u00e7ok inand\u0131m. \u00d6n\u00fcm\u00fczde \u0130slam Oyunlar\u0131 ve Avrupa \u015eampiyonas\u0131 var. Buralarda da 1.&#8217;lik k\u00fcrs\u00fcs\u00fcne \u00e7\u0131kmak istiyorum. Say\u0131n Ba\u015fkan\u0131m\u0131z Mustafa G\u00fcltak&#8217;a deste\u011fini esirgemedi\u011fi ve hep yan\u0131m\u0131zda oldu\u011fu i\u00e7in \u00e7ok te\u015fekk\u00fcr ediyorum&#8221; ifadelerini kulland\u0131.<br \/>\n&#8220;D\u00dcNYADA EZBER BOZMAYI ALI\u015eKANLIK HAL\u0130NE GET\u0130RD\u0130K&#8221;<br \/>\nAkdeniz Belediye Ba\u015fkan\u0131 Mustafa G\u00fcltak spora desteklerinin her daim devam edece\u011fine vurgu yaparak, &#8220;Akdeniz Belediyespor tarihinde \u00f6nemli ba\u015far\u0131lar almaya devam ediyoruz. Art\u0131k s\u0131n\u0131rlar\u0131m\u0131z\u0131 da a\u015f\u0131p d\u00fcnyada ezber bozmay\u0131 al\u0131\u015fkanl\u0131k haline getirdik. \u0130stanbul&#8217;da 7.&#8217;si yap\u0131lan Uluslararas\u0131 Kick Boks D\u00fcnya Kupas\u0131&#8217;ndan madalya ile d\u00f6nen ve g\u00f6\u011fs\u00fcm\u00fcz\u00fc kabartan t\u00fcm sporcular\u0131m\u0131za, teknik heyete ve sporcular\u0131m\u0131z\u0131n ailelerine minnettar\u0131z. Akdeniz il\u00e7emiz sporla an\u0131lan bir kent olmaya devam edecek ve bunu sadece \u00fclkemiz de\u011fil t\u00fcm d\u00fcnya g\u00f6recektir&#8221; diye konu\u015ftu.  <\/p>\n","protected":false},"excerpt":{"rendered":"<p>Akdeniz Belediyespor&#8217;un milli boks\u00f6rleri, \u0130stanbul&#8217;da ger\u00e7ekle\u015fen 7. Uluslararas\u0131 Kick Boks D\u00fcnya Kupas\u0131&#8217;na damga vurdu. Akdeniz Belediye Ba\u015fkan\u0131 Mustafa G\u00fcltak, \u015fampiyonada 2 birincilik, 1 ikincilik ve 1 \u00fc\u00e7\u00fcnc\u00fcl\u00fck alarak b\u00fcy\u00fck ba\u015far\u0131ya &hellip; <a href=\"https:\/\/akdenizolaygazetesi.com\/?p=18708\" class=\"more-link\">Devam\u0131n\u0131 Oku&#8230;<\/a><\/p>\n","protected":false},"author":2,"featured_media":18709,"comment_status":"open","ping_status":"open","sticky":false,"template":"","format":"standard","meta":[],"categories":[1,2,3,10],"tags":[],"_links":{"self":[{"href":"https:\/\/akdenizolaygazetesi.com\/index.php?rest_route=\/wp\/v2\/posts\/18708"}],"collection":[{"href":"https:\/\/akdenizolaygazetesi.com\/index.php?rest_route=\/wp\/v2\/posts"}],"about":[{"href":"https:\/\/akdenizolaygazetesi.com\/index.php?rest_route=\/wp\/v2\/types\/post"}],"author":[{"embeddable":true,"href":"https:\/\/akdenizolaygazetesi.com\/index.php?rest_route=\/wp\/v2\/users\/2"}],"replies":[{"embeddable":true,"href":"https:\/\/akdenizolaygazetesi.com\/index.php?rest_route=%2Fwp%2Fv2%2Fcomments&post=18708"}],"version-history":[{"count":1,"href":"https:\/\/akdenizolaygazetesi.com\/index.php?rest_route=\/wp\/v2\/posts\/18708\/revisions"}],"predecessor-version":[{"id":18710,"href":"https:\/\/akdenizolaygazetesi.com\/index.php?rest_route=\/wp\/v2\/posts\/18708\/revisions\/18710"}],"wp:featuredmedia":[{"embeddable":true,"href":"https:\/\/akdenizolaygazetesi.com\/index.php?rest_route=\/wp\/v2\/media\/18709"}],"wp:attachment":[{"href":"https:\/\/akdenizolaygazetesi.com\/index.php?rest_route=%2Fwp%2Fv2%2Fmedia&parent=18708"}],"wp:term":[{"taxonomy":"category","embeddable":true,"href":"https:\/\/akdenizolaygazetesi.com\/index.php?rest_route=%2Fwp%2Fv2%2Fcategories&post=18708"},{"taxonomy":"post_tag","embeddable":true,"href":"https:\/\/akdenizolaygazetesi.com\/index.php?rest_route=%2Fwp%2Fv2%2Ftags&post=18708"}],"curies":[{"name":"wp","href":"https:\/\/api.w.org\/{rel}","templated":true}]}}