{"id":1871,"date":"2020-11-04T18:22:25","date_gmt":"2020-11-04T15:22:25","guid":{"rendered":"http:\/\/mersinekonomipolitikagazetesi.com\/?p=1871"},"modified":"2020-11-04T18:22:25","modified_gmt":"2020-11-04T15:22:25","slug":"kayip-ilaninda-arapca-yazilarla-duyuru","status":"publish","type":"post","link":"https:\/\/akdenizolaygazetesi.com\/?p=1871","title":{"rendered":"KAYIP \u0130LANINDA ARAP\u00c7A YAZILARLA DUYURU..!"},"content":{"rendered":"<p>Mersin\u2019de  kaybolan k\u00f6pek i\u00e7in kay\u0131p ilan\u0131 verilirken \u00fclke vatanda\u015f\u0131 konumuna gelen Suriyeli vatanda\u015flar da unutulmad\u0131.<\/p>\n<blockquote type=\"cite\">\n<div dir=\"ltr\">\n<p><span style=\"font-size:16px;\">Kaybolan k\u00f6pe\u011fin bulunmas\u0131\u00a0ad\u0131na verilen kay\u0131p ilan\u0131nda Arap\u00e7a yaz\u0131lar yer ald\u0131. Kay\u0131p ilan\u0131nda Arap\u00e7a yaz\u0131lar\u0131n\u0131n yer almas\u0131 Suriyelilerin k\u00f6pe\u011fi bulma olas\u0131l\u0131\u011f\u0131 da d\u00fc\u015f\u00fcn\u00fcld\u00fc\u011f\u00fc g\u00f6zlemleniyor.<\/span><\/p>\n<p><span style=\"font-size:16px;\">Bir di\u011fer yandan ilan\u0131n Arap\u00e7a kelimelerle verilmesi, T\u00fcrk\u00e7e kelimelerin yer almamas\u0131 T\u00fcrk vatanda\u015f\u0131n da dikkatini \u00e7ekti. T\u00fcrkiye\u2019de m\u00fclteci durumunda yer alan Suriyeliler, verilen bu ilanla \u00fclkede belirli bir konuma gelindi\u011fini de g\u00f6zden ka\u00e7\u0131rm\u0131yor.<\/span><\/p>\n<p>\u00a0<\/p>\n<p><span style=\"font-size:16px;\">Kay\u0131p ilan\u0131 afi\u015finde yer alan Arap\u00e7a yaz\u0131larda k\u00f6pe\u011fi sahiplerine ula\u015ft\u0131rana 2 bin lira verilece\u011fi belirtiliyor.<\/span><\/p>\n<\/div>\n<\/blockquote>\n","protected":false},"excerpt":{"rendered":"<p>Mersin\u2019de kaybolan k\u00f6pek i\u00e7in kay\u0131p ilan\u0131 verilirken \u00fclke vatanda\u015f\u0131 konumuna gelen Suriyeli vatanda\u015flar da unutulmad\u0131. Kaybolan k\u00f6pe\u011fin bulunmas\u0131\u00a0ad\u0131na verilen kay\u0131p ilan\u0131nda Arap\u00e7a yaz\u0131lar yer ald\u0131. Kay\u0131p ilan\u0131nda Arap\u00e7a yaz\u0131lar\u0131n\u0131n yer &hellip; <a href=\"https:\/\/akdenizolaygazetesi.com\/?p=1871\" class=\"more-link\">Devam\u0131n\u0131 Oku&#8230;<\/a><\/p>\n","protected":false},"author":1,"featured_media":0,"comment_status":"open","ping_status":"open","sticky":false,"template":"","format":"standard","meta":[],"categories":[],"tags":[],"_links":{"self":[{"href":"https:\/\/akdenizolaygazetesi.com\/index.php?rest_route=\/wp\/v2\/posts\/1871"}],"collection":[{"href":"https:\/\/akdenizolaygazetesi.com\/index.php?rest_route=\/wp\/v2\/posts"}],"about":[{"href":"https:\/\/akdenizolaygazetesi.com\/index.php?rest_route=\/wp\/v2\/types\/post"}],"author":[{"embeddable":true,"href":"https:\/\/akdenizolaygazetesi.com\/index.php?rest_route=\/wp\/v2\/users\/1"}],"replies":[{"embeddable":true,"href":"https:\/\/akdenizolaygazetesi.com\/index.php?rest_route=%2Fwp%2Fv2%2Fcomments&post=1871"}],"version-history":[{"count":0,"href":"https:\/\/akdenizolaygazetesi.com\/index.php?rest_route=\/wp\/v2\/posts\/1871\/revisions"}],"wp:attachment":[{"href":"https:\/\/akdenizolaygazetesi.com\/index.php?rest_route=%2Fwp%2Fv2%2Fmedia&parent=1871"}],"wp:term":[{"taxonomy":"category","embeddable":true,"href":"https:\/\/akdenizolaygazetesi.com\/index.php?rest_route=%2Fwp%2Fv2%2Fcategories&post=1871"},{"taxonomy":"post_tag","embeddable":true,"href":"https:\/\/akdenizolaygazetesi.com\/index.php?rest_route=%2Fwp%2Fv2%2Ftags&post=1871"}],"curies":[{"name":"wp","href":"https:\/\/api.w.org\/{rel}","templated":true}]}}