{"id":18711,"date":"2022-05-16T12:55:23","date_gmt":"2022-05-16T09:55:23","guid":{"rendered":"http:\/\/akdenizolaygazetesi.com\/?p=18711"},"modified":"2022-05-16T12:55:23","modified_gmt":"2022-05-16T09:55:23","slug":"baskan-secer-gencler-bizim-her-seyimiz-umudumuz-gelecegimiz-istikbalimiz","status":"publish","type":"post","link":"https:\/\/akdenizolaygazetesi.com\/?p=18711","title":{"rendered":"BA\u015eKAN SE\u00c7ER: &#8220;GEN\u00c7LER B\u0130Z\u0130M HER \u015eEY\u0130M\u0130Z; UMUDUMUZ, GELECE\u011e\u0130M\u0130Z, \u0130ST\u0130KBAL\u0130M\u0130Z&#8221;"},"content":{"rendered":"<p>Mersin B\u00fcy\u00fck\u015fehir Belediyesi&#8217;nin 19 May\u0131s Atat\u00fcrk&#8217;\u00fc Anma, Gen\u00e7lik ve Spor Bayram\u0131 co\u015fkusu Mersin&#8217;de g\u00fcnler \u00f6ncesinden &#8216;Gen\u00e7lik Korteji&#8217; ile ba\u015flad\u0131. Mersin B\u00fcy\u00fck\u015fehir Belediye Ba\u015fkan\u0131 Vahap Se\u00e7er de gen\u00e7lerle birlikte kortejin \u00f6n saflar\u0131nda yer alarak, \u00d6zgecan Aslan Bar\u0131\u015f Meydan\u0131&#8217;na kadar y\u00fcr\u00fcd\u00fc. Ba\u015fkan Se\u00e7er, &#8220;Hi\u00e7 yorulmayaca\u011f\u0131z. Y\u00fcr\u00fcd\u00fc\u011f\u00fcm\u00fcz bu yol do\u011fru yol; Atat\u00fcrk&#8217;\u00fcn yolu. Daha \u00e7ok \u00e7al\u0131\u015faca\u011f\u0131z, ilimin pe\u015finden gidece\u011fiz&#8221; dedi.<br \/>\nYa\u011f\u0131\u015fl\u0131 havaya ra\u011fmen kortejde y\u00fczlerce Mersinli tek y\u00fcrek oldu<br \/>\nB\u00fcy\u00fck\u015fehir Belediyesi Gen\u00e7lik ve Spor Hizmetleri Dairesi&#8217;nin \u00f6nc\u00fcl\u00fc\u011f\u00fcnde d\u00fczenlenen Gen\u00e7lik Korteji&#8217;ne Ba\u015fkan Vahap Se\u00e7er ile birlikte CHP Mersin Milletvekilleri Cengiz G\u00f6k\u00e7el ve Alpay Antmen, CHP Mersin \u0130l Ba\u015fkan\u0131 Adil Aktay, CHP il ve il\u00e7e y\u00f6neticileri, Meclis \u00fcyeleri, B\u00fcy\u00fck\u015fehir Belediyesi b\u00fcrokratlar\u0131 ve daire ba\u015fkanlar\u0131, sporcular, bisikletliler, \u00f6\u011frenciler ve y\u00fczlerce Mersinli kat\u0131ld\u0131. Ba\u015fkan Se\u00e7er, kortejde miniklerle birlikte el ele y\u00fcr\u00fcd\u00fc.<br \/>\nKorteje ya\u011f\u0131\u015fl\u0131 havaya ra\u011fmen her ya\u015ftan Mersinli yo\u011fun kat\u0131l\u0131m sa\u011flad\u0131. B\u00fcy\u00fck\u015fehir Belediye Bandosu&#8217;nun \u00f6nc\u00fcl\u00fc\u011f\u00fcnde Mersin \u0130dman Yurdu Meydan\u0131&#8217;ndan ba\u015flayan y\u00fcr\u00fcy\u00fc\u015fte 90 metrelik bayrak a\u00e7an gen\u00e7ler \u00f6n saflarda yer ald\u0131. Kortej y\u00fcr\u00fcy\u00fc\u015f\u00fc GMK Bulvar\u0131 \u00fczerinden ilerleyerek \u00d6zgecan Aslan Bar\u0131\u015f Meydan\u0131&#8217;nda noktaland\u0131. Balkonlardaki ve cadde \u00fczerindeki vatanda\u015flar korteje co\u015fkulu alk\u0131\u015flar\u0131yla, trafikteki vatanda\u015flar ise ara\u00e7 kornalar\u0131 ile e\u015flik etti.<br \/>\nY\u00fcr\u00fcy\u00fc\u015f s\u0131ras\u0131nda ya\u011fan ya\u011fmur var\u0131\u015f noktas\u0131nda son buldu. \u00d6zgecan Aslan Bar\u0131\u015f Meydan\u0131&#8217;nda korteji reng\u00e2renk bir g\u00f6kku\u015fa\u011f\u0131 ve B\u00fcy\u00fck\u015fehir Belediyesi Halk Danslar\u0131 Toplulu\u011fu&#8217;nun g\u00f6sterisi kar\u015f\u0131lad\u0131.<br \/>\n&#8220;Gen\u00e7ler bizim her \u015feyimiz; umudumuz, gelece\u011fimiz, istikbalimiz&#8221;<br \/>\nKortejde konu\u015fan Ba\u015fkan Se\u00e7er, &#8220;Tarihte \u00e7ok \u00f6nemli yeri olan, \u00e7ok \u00f6nemli bir g\u00fcnd\u00fcr 19 May\u0131s 1919. Ulusal Kurtulu\u015f M\u00fccadelesi&#8217;nin ba\u015flad\u0131\u011f\u0131 g\u00fcn. Atam\u0131z\u0131n sadece Samsun&#8217;a de\u011fil asl\u0131nda yurdun b\u00fct\u00fcn noktalar\u0131na ayak bast\u0131\u011f\u0131 g\u00fcn. Di\u011fer bir \u00f6nemi de Gen\u00e7lik Bayram\u0131, Atat\u00fcrk&#8217;\u00fc Anma Bayram\u0131 olmas\u0131. Gen\u00e7lerimizle bug\u00fcn gen\u00e7lik y\u00fcr\u00fcy\u00fc\u015f\u00fcndeyiz. Gen\u00e7ler bizim her \u015feyimiz; umudumuz, gelece\u011fimiz, istikbalimiz. Onlar\u0131 \u00e7ok seviyoruz. Ben de bug\u00fcn beraber oldum. Bu y\u00fcr\u00fcy\u00fc\u015fle zaten ba\u015flang\u0131c\u0131 yap\u0131yoruz. Bayram boyunca yapaca\u011f\u0131m\u0131z etkinliklerin ilk g\u00fcn\u00fc bug\u00fcn. Ben de onlar\u0131n Ba\u015fkan\u0131 olarak yanlar\u0131nday\u0131m&#8221; ifadelerine yer verdi.<br \/>\n&#8220;Mustafa Kemal Atat\u00fcrk sadece Samsun&#8217;a ayak basmad\u0131, Mersin&#8217;e de ayak bast\u0131&#8221;<br \/>\n\u00d6zgecan Aslan Bar\u0131\u015f Meydan\u0131&#8217;nda da gen\u00e7lere seslenen Ba\u015fkan Se\u00e7er, herkesin bayram\u0131n\u0131 kutlayarak, \u015funlar\u0131 s\u00f6yledi:<br \/>\n&#8220;Mersin bug\u00fcn \u00e7ok g\u00fczel. \u015eanl\u0131 bayra\u011f\u0131m\u0131z orada, Atat\u00fcrk&#8217;\u00fcm\u00fcz de orada. Bizim i\u00e7in bundan daha b\u00fcy\u00fck gurur var m\u0131? B\u00f6yle bir \u015fehirde ya\u015famaktan mutluluk duyuyoruz. Mersin, T\u00fcrkiye&#8217;nin \u00f6zeti. Herkes burada, her renk burada, karde\u015flik, beraberlik, birlik burada. 100 y\u0131l \u00f6nce Mustafa Kemal Atat\u00fcrk bu \u015fiarla, bu d\u00fc\u015f\u00fcncelerle, bu prensiple, bu ilkelerle bizlerin b\u00fcy\u00fck dedelerini bir araya getirdi. Tam bundan 103 y\u0131l \u00f6nce Samsun&#8217;a \u00e7\u0131kt\u0131. Asl\u0131nda sadece Samsun&#8217;a \u00e7\u0131kmad\u0131, sadece Samsun&#8217;a ayak basmad\u0131, Mersin&#8217;e de ayak bast\u0131, Erzurum&#8217;a da Sivas&#8217;a da Hakkari&#8217;ye de Diyarbak\u0131r&#8217;a da Edirne&#8217;ye de \u0130zmir&#8217;e de Antalya&#8217;ya da&#8230; Yurdun d\u00f6rt bir yan\u0131na. Orta Anadolu&#8217;ya, Kuzey&#8217;e, G\u00fcney&#8217;e&#8230; Bize bu \u00fclkeyi arma\u011fan ettiler. Biz de onlar\u0131n miras\u00e7\u0131lar\u0131y\u0131z. Ama bizler mirasyedi olmayaca\u011f\u0131z. Bizler \u00e7al\u0131\u015faca\u011f\u0131z. B\u0131rakt\u0131klar\u0131 miras\u0131 daha da zenginle\u015ftirece\u011fiz. \u0130nad\u0131na birlik ve beraberlik i\u00e7erisinde olaca\u011f\u0131z. Bizleri birbirimize d\u00fc\u015f\u00fcrmek isteyenlere f\u0131rsat vermeyece\u011fiz. Bizler karde\u015fiz. Karde\u015flikten, birlikten, beraberlikten ve insani duygulardan \u00f6te hayatta ne var ki?&#8221;<br \/>\n&#8220;Y\u00fcr\u00fcd\u00fc\u011f\u00fcm\u00fcz bu yol do\u011fru yol; Atat\u00fcrk&#8217;\u00fcn yolu&#8221;<br \/>\nGen\u00e7lere &#8220;Yorulduk mu?&#8221; diye soran Ba\u015fkan Se\u00e7er, gen\u00e7lerden co\u015fkulu bir \u015fekilde &#8220;Hay\u0131r&#8221; yan\u0131t\u0131n\u0131 ald\u0131. Se\u00e7er, bunun \u00fczerine, &#8220;Hi\u00e7 yorulmayaca\u011f\u0131z. Y\u00fcr\u00fcd\u00fc\u011f\u00fcm\u00fcz bu yol do\u011fru yol, Atat\u00fcrk&#8217;\u00fcn yolu. Daha \u00e7ok \u00e7al\u0131\u015faca\u011f\u0131z, ilimin pe\u015finden gidece\u011fiz. &#8216;Hayatta en hakiki m\u00fcr\u015fit ilimdir.&#8217; Gen\u00e7lerimiz daha iyi yeti\u015fecek. En iyi e\u011fitimleri alacak. Onlar buna lay\u0131k. D\u00fcnyada di\u011fer \u00fclkelerle, di\u011fer milletlerle oturarak, yatarak, kavga ederek, karanl\u0131\u011f\u0131n pe\u015finde giderek de\u011fil; ayd\u0131nl\u0131\u011f\u0131 takip ederek y\u00fckselece\u011fiz. D\u00fcnyan\u0131n en sayg\u0131n \u00fclkesi ve milleti olmak i\u00e7in gen\u00e7lerimiz bizden daha iyi \u00e7al\u0131\u015facak. Bizden daha fazla birbirini sevecek, ellerini bizden daha iyi birbirine kenetleyecek. Biz gen\u00e7li\u011fimize inan\u0131yoruz. Onlar bizim umudumuz. Onlar bizim gelece\u011fimiz. Onlar bizim her \u015feyimiz&#8221; diye konu\u015ftu.<br \/>\nBa\u015fkan Se\u00e7er, gen\u00e7leri 19 May\u0131s konserlerine davet etti<br \/>\nKortejde bir arada oldu\u011fu protokol \u00fcyelerini de selamlayarak gen\u00e7lere seslenen Ba\u015fkan Se\u00e7er, &#8220;Biz sizlerin temsilcisiyiz. Sizlerin vekaletini alm\u0131\u015f\u0131z. Sizlerin sorumlulu\u011funu alm\u0131\u015f\u0131z. Sizlerin g\u00fcvenine lay\u0131k olmak i\u00e7in Mersin&#8217;de de gecemizi g\u00fcnd\u00fcz\u00fcm\u00fcze kat\u0131yoruz, \u00e7al\u0131\u015f\u0131yoruz. Bug\u00fcne kadar oldu\u011fu gibi bug\u00fcnden sonra ayn\u0131 \u015fevkle, ayn\u0131 azimle de \u00e7al\u0131\u015fmaya devam edece\u011fiz. Kim ne derse desin, biz Mersinimizi seviyoruz. Anamur da bir, Tarsus da bir, \u00c7aml\u0131yayla da Mut da bir. Mersinimizin her k\u00f6\u015fesinde ya\u015fayan vatanda\u015flar\u0131m\u0131z bizlerin karde\u015fidir. Hangi siyasi g\u00f6r\u00fc\u015ften olursa olsun&#8221; ifadelerini kulland\u0131. Ba\u015fkan Se\u00e7er, 18-19 May\u0131s tarihlerinde \u00d6zgecan Aslan Bar\u0131\u015f Meydan\u0131&#8217;nda ger\u00e7ekle\u015ftirilecek olan Sefo, G\u00fcne\u015f ve Sagopa Kajmer konserlerine gen\u00e7leri davet etti. Son olarak gen\u00e7lere &#8220;\u00dclkemizi daha y\u00fckseklere y\u00fckseltmek i\u00e7in hep beraber \u00e7al\u0131\u015fmaya var m\u0131y\u0131z?&#8221; diye soran Se\u00e7er&#8217;e gen\u00e7lerden hep bir a\u011f\u0131zdan &#8220;Var\u0131z&#8221; cevab\u0131 geldi. Gen\u00e7lik Korteji co\u015fkusu Grup Duvar konseri ile devam etti.<br \/>\nGen\u00e7ler, kortej y\u00fcr\u00fcy\u00fc\u015flerinde ya\u015fad\u0131klar\u0131 heyecan\u0131 anlatt\u0131<br \/>\nKortej y\u00fcr\u00fcy\u00fc\u015f\u00fcne her ya\u015ftan Mersinli&#8217;nin yan\u0131 s\u0131ra \u00f6zellikle gen\u00e7ler yo\u011fun ilgi g\u00f6sterdi. Yi\u011fit Aren \u00d6zdemir, &#8220;19 May\u0131s bizim i\u00e7in \u00e7ok \u00f6nemli bir g\u00fcn. Bu y\u00fczden biz de co\u015fkuyla kutluyoruz. Kutlamalar\u0131m\u0131z birka\u00e7 g\u00fcn s\u00fcrecek. \u015eu an y\u00fcr\u00fcy\u00fc\u015f\u00fc 19 May\u0131s&#8217;a yak\u0131\u015f\u0131r bir \u015fekilde yapt\u0131\u011f\u0131m\u0131z\u0131 d\u00fc\u015f\u00fcn\u00fcyorum. Sa\u011f olsun belediyemiz de bize \u00e7ok destek oluyor. Hava muhalefeti etkili ama bizim i\u00e7in \u00f6nemli de\u011fil. \u00d6nemli olan burada bu co\u015fkuyu yans\u0131tabilmemiz&#8221; dedi.<br \/>\nGen\u00e7lerden Sedef Aksoy, &#8220;Herkesin Mustafa Kemal Atat\u00fcrk i\u00e7in toplanmas\u0131 ger\u00e7ekten gurur verici bir duygu&#8221; derken, Ece G\u00fcl Ka\u015f ise ya\u015fad\u0131\u011f\u0131 heyecan\u0131 &#8220;Ortam \u00e7ok g\u00fczel. Vatan\u0131ma a\u015f\u0131k bir insan\u0131m. Bayraklar\u0131 b\u00f6yle g\u00f6r\u00fcnce \u00e7ok mutlu oldum. Sporcu oldu\u011fum i\u00e7in de bamba\u015fka bir zevk veriyor. Atat\u00fcrk bu g\u00fcn\u00fc gen\u00e7lere b\u0131rakt\u0131. Gen\u00e7lerin \u00e7o\u011fu da burada zaten. Ya\u011fmur ya\u011fmas\u0131na ra\u011fmen herkes gelmi\u015f&#8221; c\u00fcmleleriyle anlatt\u0131.<br \/>\nGen\u00e7lerden Zahit Alhay, &#8220;&#8216;Anlat\u0131lmaz, ya\u015fan\u0131r&#8217; derler ya \u00f6yle bir his benim i\u00e7in&#8221; diyerek ya\u015fad\u0131\u011f\u0131 mutlulu\u011fu ifade ederken, Yaren Erg\u00fcl de &#8220;19 May\u0131s&#8217;\u0131 an\u0131yoruz, y\u00fcr\u00fcy\u00fc\u015f yap\u0131yoruz. \u00c7ok iyi bir duygu.  E\u011flenceli, g\u00fczel. Biz de gen\u00e7 olarak bu co\u015fkuya kat\u0131ld\u0131k&#8221; diye konu\u015ftu. Sporcu gen\u00e7lerden Sidre \u00c7elik ise &#8220;\u015eu an haklar\u0131m\u0131z olarak neye sahipsek Atat\u00fcrk&#8217;e bor\u00e7luyuz&#8221; dedi.<\/p>\n","protected":false},"excerpt":{"rendered":"<p>Mersin B\u00fcy\u00fck\u015fehir Belediyesi&#8217;nin 19 May\u0131s Atat\u00fcrk&#8217;\u00fc Anma, Gen\u00e7lik ve Spor Bayram\u0131 co\u015fkusu Mersin&#8217;de g\u00fcnler \u00f6ncesinden &#8216;Gen\u00e7lik Korteji&#8217; ile ba\u015flad\u0131. Mersin B\u00fcy\u00fck\u015fehir Belediye Ba\u015fkan\u0131 Vahap Se\u00e7er de gen\u00e7lerle birlikte kortejin \u00f6n &hellip; <a href=\"https:\/\/akdenizolaygazetesi.com\/?p=18711\" class=\"more-link\">Devam\u0131n\u0131 Oku&#8230;<\/a><\/p>\n","protected":false},"author":2,"featured_media":18712,"comment_status":"open","ping_status":"open","sticky":false,"template":"","format":"standard","meta":[],"categories":[1,2,3,5],"tags":[],"_links":{"self":[{"href":"https:\/\/akdenizolaygazetesi.com\/index.php?rest_route=\/wp\/v2\/posts\/18711"}],"collection":[{"href":"https:\/\/akdenizolaygazetesi.com\/index.php?rest_route=\/wp\/v2\/posts"}],"about":[{"href":"https:\/\/akdenizolaygazetesi.com\/index.php?rest_route=\/wp\/v2\/types\/post"}],"author":[{"embeddable":true,"href":"https:\/\/akdenizolaygazetesi.com\/index.php?rest_route=\/wp\/v2\/users\/2"}],"replies":[{"embeddable":true,"href":"https:\/\/akdenizolaygazetesi.com\/index.php?rest_route=%2Fwp%2Fv2%2Fcomments&post=18711"}],"version-history":[{"count":1,"href":"https:\/\/akdenizolaygazetesi.com\/index.php?rest_route=\/wp\/v2\/posts\/18711\/revisions"}],"predecessor-version":[{"id":18713,"href":"https:\/\/akdenizolaygazetesi.com\/index.php?rest_route=\/wp\/v2\/posts\/18711\/revisions\/18713"}],"wp:featuredmedia":[{"embeddable":true,"href":"https:\/\/akdenizolaygazetesi.com\/index.php?rest_route=\/wp\/v2\/media\/18712"}],"wp:attachment":[{"href":"https:\/\/akdenizolaygazetesi.com\/index.php?rest_route=%2Fwp%2Fv2%2Fmedia&parent=18711"}],"wp:term":[{"taxonomy":"category","embeddable":true,"href":"https:\/\/akdenizolaygazetesi.com\/index.php?rest_route=%2Fwp%2Fv2%2Fcategories&post=18711"},{"taxonomy":"post_tag","embeddable":true,"href":"https:\/\/akdenizolaygazetesi.com\/index.php?rest_route=%2Fwp%2Fv2%2Ftags&post=18711"}],"curies":[{"name":"wp","href":"https:\/\/api.w.org\/{rel}","templated":true}]}}