{"id":18714,"date":"2022-05-16T12:57:13","date_gmt":"2022-05-16T09:57:13","guid":{"rendered":"http:\/\/akdenizolaygazetesi.com\/?p=18714"},"modified":"2022-05-16T12:57:13","modified_gmt":"2022-05-16T09:57:13","slug":"uzmanlar-yerel-ureticilere-sunum-yapacak","status":"publish","type":"post","link":"https:\/\/akdenizolaygazetesi.com\/?p=18714","title":{"rendered":"Uzmanlar, yerel \u00fcreticilere sunum yapacak"},"content":{"rendered":"<p>Akdeniz Belediyesi; il\u00e7e s\u0131n\u0131rlar\u0131nda \u00fcretim yapan \u00e7ift\u00e7ilere sa\u011flad\u0131\u011f\u0131 \u00fccretsiz g\u00fcbre deste\u011finden sonra, g\u00fcbrenin zaman\u0131nda, verimli ve etkin kullan\u0131m y\u00f6ntemlerinin anlat\u0131laca\u011f\u0131 bilin\u00e7lendirme seminerleri ba\u015flat\u0131yor.<br \/>\nAkdeniz\u2019de, tar\u0131msal \u00fcretime ve kalk\u0131nmaya destek vermek amac\u0131yla il\u00e7e s\u0131n\u0131rlar\u0131 i\u00e7erisinde \u00fcretim faaliyetini s\u00fcrd\u00fcren yerel \u00e7ift\u00e7ilere \u00fccretsiz g\u00fcbre deste\u011fi verilmesini kararla\u015ft\u0131ran Akdeniz Belediyesi, bu kez de g\u00fcbre deste\u011fi sa\u011flanacak \u00fcreticilere, verimli ve etkin g\u00fcbre kullan\u0131m y\u00f6ntemleri ve bilin\u00e7li g\u00fcbre kullan\u0131m\u0131n\u0131n \u00fcretimi nas\u0131l artt\u0131rd\u0131\u011f\u0131n\u0131n uzmanlarca anlat\u0131laca\u011f\u0131 bilin\u00e7lendirme semineri d\u00fczenliyor.<br \/>\nUzmanlar, yerel \u00fcreticilere sunum yapacak<br \/>\nAkdeniz Belediyesi Tar\u0131msal Hizmetler M\u00fcd\u00fcrl\u00fc\u011f\u00fc\u2019n\u00fcn d\u00fczenledi\u011fi ve Alata Bah\u00e7e K\u00fclt\u00fcrleri Ara\u015ft\u0131rma Enstit\u00fcs\u00fc M\u00fcd\u00fcrl\u00fc\u011f\u00fc\u2019nden Ziraat M\u00fchendisleri Rasim Arslan ile Ali Y\u0131lmaz\u2019\u0131n kat\u0131larak \u00fcreticilere, \u2018bilin\u00e7li, verimli ve etkin g\u00fcbreleme y\u00f6ntemleri e\u011fitimi\u2019 verece\u011fi seminerler dizisinin ilki, 17 May\u0131s 2022 Sal\u0131 G\u00fcn\u00fc (yar\u0131n) Esenli Mahalle Muhtarl\u0131\u011f\u0131nda, 13:00-17:00 saatleri aras\u0131nda d\u00fczenlenecek.<br \/>\nSeminer dizisinin ikincisi Adanal\u0131o\u011flu Mahallesi\u2019nde<br \/>\nAkdenizli \u00fcreticilere y\u00f6nelik seminerlerin ikincisi de yine il\u00e7eye ba\u011fl\u0131 olan ve yo\u011fun tar\u0131msal \u00fcretimin ger\u00e7ekle\u015fti\u011fi Adanal\u0131o\u011fu Mahallesi\u2019nde, 18 May\u0131s 2022 \u00c7ar\u015famba g\u00fcn\u00fc organize edilecek. Mahalleli bir\u00e7ok \u00fcreticinin kat\u0131l\u0131m\u0131n\u0131n beklendi\u011fi seminere, t\u00fcm y\u00f6re \u00e7ift\u00e7ileri de davetli\u2026<br \/>\nAkdenizli \u00fcreticiye sa\u011flanan g\u00fcbre deste\u011fi hakk\u0131nda\u2026<br \/>\nAkdeniz Belediye Meclisi\u2019nin, ge\u00e7en Mart ay\u0131nda d\u00fczenledi\u011fi toplant\u0131da, \u00fcst s\u0131n\u0131r\u0131 toplamda 500 bin TL olmak \u00fczere Akdenizli \u00e7ift\u00e7ilere g\u00fcbre yard\u0131m\u0131 yap\u0131lmas\u0131, Meclis \u00fcyelerinin oybirli\u011fi sonucu karara ba\u011flanm\u0131\u015ft\u0131. Karar\u0131 de\u011ferlendiren Ba\u015fkan G\u00fcltak; \u201cK\u0131rsal mahalle stat\u00fcs\u00fcnde olmas\u0131, \u00c7KS belgesi bulunmas\u0131, tar\u0131m d\u0131\u015f\u0131 geliri olmamas\u0131 gibi belli kriterler \u00fczerinden \u00e7ift\u00e7ilerimiz belediyemize ba\u015fvuruda bulunabilir. Seralar hari\u00e7, \u00fcst s\u0131n\u0131r\u0131 5 d\u00f6n\u00fcm ve alt\u0131 arazi sahiplerine verilmek \u00fczere belediyemizce \u00fcst s\u0131n\u0131r\u0131 toplamda 500 bin TL olmak \u00fczere Meclisimizde g\u00fcbre yard\u0131m\u0131 yap\u0131lmas\u0131n\u0131n kabul\u00fcne karar verildi. \u00c7ift\u00e7ilerimiz ile ilgili al\u0131nan bu \u00f6nemli karar nedeniyle t\u00fcm meclis \u00fcyelerimize ayr\u0131 ayr\u0131 te\u015fekk\u00fcr ediyorum\u201d ifadelerini kullanm\u0131\u015ft\u0131.<\/p>\n","protected":false},"excerpt":{"rendered":"<p>Akdeniz Belediyesi; il\u00e7e s\u0131n\u0131rlar\u0131nda \u00fcretim yapan \u00e7ift\u00e7ilere sa\u011flad\u0131\u011f\u0131 \u00fccretsiz g\u00fcbre deste\u011finden sonra, g\u00fcbrenin zaman\u0131nda, verimli ve etkin kullan\u0131m y\u00f6ntemlerinin anlat\u0131laca\u011f\u0131 bilin\u00e7lendirme seminerleri ba\u015flat\u0131yor. Akdeniz\u2019de, tar\u0131msal \u00fcretime ve kalk\u0131nmaya destek vermek &hellip; <a href=\"https:\/\/akdenizolaygazetesi.com\/?p=18714\" class=\"more-link\">Devam\u0131n\u0131 Oku&#8230;<\/a><\/p>\n","protected":false},"author":2,"featured_media":18715,"comment_status":"open","ping_status":"open","sticky":false,"template":"","format":"standard","meta":[],"categories":[2,3,5],"tags":[],"_links":{"self":[{"href":"https:\/\/akdenizolaygazetesi.com\/index.php?rest_route=\/wp\/v2\/posts\/18714"}],"collection":[{"href":"https:\/\/akdenizolaygazetesi.com\/index.php?rest_route=\/wp\/v2\/posts"}],"about":[{"href":"https:\/\/akdenizolaygazetesi.com\/index.php?rest_route=\/wp\/v2\/types\/post"}],"author":[{"embeddable":true,"href":"https:\/\/akdenizolaygazetesi.com\/index.php?rest_route=\/wp\/v2\/users\/2"}],"replies":[{"embeddable":true,"href":"https:\/\/akdenizolaygazetesi.com\/index.php?rest_route=%2Fwp%2Fv2%2Fcomments&post=18714"}],"version-history":[{"count":1,"href":"https:\/\/akdenizolaygazetesi.com\/index.php?rest_route=\/wp\/v2\/posts\/18714\/revisions"}],"predecessor-version":[{"id":18716,"href":"https:\/\/akdenizolaygazetesi.com\/index.php?rest_route=\/wp\/v2\/posts\/18714\/revisions\/18716"}],"wp:featuredmedia":[{"embeddable":true,"href":"https:\/\/akdenizolaygazetesi.com\/index.php?rest_route=\/wp\/v2\/media\/18715"}],"wp:attachment":[{"href":"https:\/\/akdenizolaygazetesi.com\/index.php?rest_route=%2Fwp%2Fv2%2Fmedia&parent=18714"}],"wp:term":[{"taxonomy":"category","embeddable":true,"href":"https:\/\/akdenizolaygazetesi.com\/index.php?rest_route=%2Fwp%2Fv2%2Fcategories&post=18714"},{"taxonomy":"post_tag","embeddable":true,"href":"https:\/\/akdenizolaygazetesi.com\/index.php?rest_route=%2Fwp%2Fv2%2Ftags&post=18714"}],"curies":[{"name":"wp","href":"https:\/\/api.w.org\/{rel}","templated":true}]}}