{"id":1872,"date":"2020-11-04T18:22:25","date_gmt":"2020-11-04T15:22:25","guid":{"rendered":"http:\/\/mersinekonomipolitikagazetesi.com\/?p=1872"},"modified":"2020-11-04T18:22:25","modified_gmt":"2020-11-04T15:22:25","slug":"meude-ogrencilere-motivasyon-senligi","status":"publish","type":"post","link":"https:\/\/akdenizolaygazetesi.com\/?p=1872","title":{"rendered":"ME\u00dc&#8217;DE \u00d6\u011eRENC\u0130LERE MOT\u0130VASYON \u015eENL\u0130\u011e\u0130"},"content":{"rendered":"<p>Mersin \u00dcniversitesi\u2019nde bir e\u011fitim ve \u00f6\u011fretim d\u00f6nemi sonunda \u00f6\u011frencilere motivasyon ama\u00e7l\u0131 24. K\u00fclt\u00fcr ve Spor \u015eenli\u011fi etkinli\u011fi ger\u00e7ekle\u015ftirdi.<\/p>\n<blockquote type=\"cite\">\n<div dir=\"ltr\">\n<div>\n<p><span style=\"font-size:16px;\">ME\u00dc \u00f6\u011frencilerin motivasyonuna y\u00f6nelik \u00a0K\u00fclt\u00fcr ve Spor \u015eenli\u011fi yaparak etkinli\u011fin \u00a024\u2019\u00fcnc\u00fcs\u00fcne imza att\u0131.<\/span><\/p>\n<p><span style=\"font-size:16px;\">Yap\u0131lan etkinlik programda \u00f6\u011frenciler taraf\u0131ndan organize edilen dans g\u00f6sterileri, konferanslar, sergiler, at\u00f6lyeler, yar\u0131\u015fmalar, konserler ve tiyatro oyunlar\u0131 yer ald\u0131.<\/span><\/p>\n<p>\u00a0<\/p>\n<p><span style=\"font-size:16px;\">\u2018\u00d6\u011frenci Topluluklar\u0131 Tan\u0131t\u0131m Stantlar\u0131\u2019<\/span><\/p>\n<p>\u00a0<\/p>\n<p><span style=\"font-size:16px;\">\u00d6\u011frenciler \u2018\u00d6\u011frenci Topluluklar\u0131 Tan\u0131t\u0131m Stantlar\u0131\u2019 kurarak, \u015fenlik boyunca \u00fcniversite \u00f6\u011frencileri Atat\u00fcrk\u00e7\u00fc D\u00fc\u015f\u00fcnce Toplulu\u011fu, Tiyatro Toplulu\u011fu ile Do\u011fa ve K\u00fclt\u00fcr Varl\u0131klar\u0131n\u0131 Koruma Toplulu\u011fu \u00c7iftlikk\u00f6y Kamp\u00fcs\u00fc\u2019nde tan\u0131t\u0131m yap\u0131ld\u0131.<\/span><\/p>\n<p>\u00a0<\/p>\n<p><span style=\"font-size:16px;\">\u201cF\u0131r\u00e7adan S\u00fcz\u00fclen Bahar\u201d Sulu Boya Resim Sergisi<\/span><\/p>\n<p>\u00a0<\/p>\n<p><span style=\"font-size:16px;\">Bas\u0131n ve Halkla \u0130li\u015fkiler \u015eube M\u00fcd\u00fcr\u00fc \u00d6\u011fr. G\u00f6r. Hac\u0131 Mehmet Acar taraf\u0131ndan, 24-27 Nisan tarihleri aras\u0131nda \u201cF\u0131r\u00e7adan S\u00fcz\u00fclen Bahar\u201d isimli suluboya resim sergisi d\u00fczenlendi. \u015eenlikte Prof. Dr. U\u011fur Oral K\u00fclt\u00fcr Merkezi Sergi Salonunda yap\u0131lan sergide ka\u011f\u0131t \u00fczerine suluboya tekni\u011fi ile yap\u0131lm\u0131\u015f 12 eser be\u011feniye sunuldu.<\/span><\/p>\n<p>\u00a0<\/p>\n<p><span style=\"font-size:16px;\">\u2018T\u00fcrk Sanat Konseri\u2019<\/span><\/p>\n<p>\u00a0<\/p>\n<p><span style=\"font-size:16px;\">Prof. Dr. U\u011fur Oral K\u00fclt\u00fcr Merkezi A Salonu\u2019nda ger\u00e7ekle\u015fen konserde T\u00fcrk Sanat M\u00fczi\u011fi Toplulu\u011fu, Kanun Sanat\u00e7\u0131s\u0131 Ahmet Baran da konser vererek \u015fenli\u011fi renk katt\u0131. Konser bir\u00e7ok ki\u015fiye hizmet vererek b\u00fcy\u00fck be\u011feni ald\u0131. Konserin ard\u0131ndan Rekt\u00f6r Yard\u0131mc\u0131s\u0131 Prof. Dr. Ali Kaya Kanun Sanat\u00e7\u0131s\u0131 Ahmet Baran\u2019a te\u015fekk\u00fcr ederek \u00e7i\u00e7ek takdim etti.<\/span><\/p>\n<p>\u00a0<\/p>\n<p><span style=\"font-size:16px;\">\u20183. Afrika Tan\u0131t\u0131m G\u00fcnleri\u2019<\/span><\/p>\n<p>\u00a0<\/p>\n<p><span style=\"font-size:16px;\">25 Nisan tarihinde 3. Afrika Tan\u0131t\u0131m G\u00fcnleri ve Resim Sergisi d\u00fczenlendi. D\u00fczenlenen etkinlikte geleneksel dans g\u00f6sterileri, \u015fiir ve \u015fark\u0131 dinletisi, geleneksel k\u0131yafetler ile defile g\u00f6sterimi yap\u0131larak stand-up g\u00f6sterisi de izleyenleri kendine hayran b\u0131rakt\u0131.<\/span><\/p>\n<p>\u00a0<\/p>\n<p><span style=\"font-size:16px;\">\u2018Cimnastik Toplulu\u011fundan Dans G\u00f6sterisi\u2019<\/span><\/p>\n<p>\u00a0<\/p>\n<p><span style=\"font-size:16px;\">Dans ve Cimnastik Toplulu\u011fu ise 26 Nisan\u2019da \u00c7iftlikk\u00f6y Kamp\u00fcs\u00fc Cumhuriyet Alan\u0131\u2019nda g\u00f6sterisi yap\u0131ld\u0131. Toplulukta bir\u00e7ok dans sahnede yer ald\u0131. G\u00f6steri devam ederken hip hop grubunun yapt\u0131\u011f\u0131 \u015fov b\u00fcy\u00fck be\u011feni ald\u0131. Ard\u0131ndan modern dans ekibi sahneye \u00e7\u0131kt\u0131. Dans g\u00f6sterisinde Tango ve Salsa\u00a0 dans gruplar\u0131 yapt\u0131klar\u0131 g\u00f6steriyle b\u00fcy\u00fck alk\u0131\u015f ald\u0131.\u00a0<\/span><\/p>\n<p>\u00a0<\/p>\n<p><span style=\"font-size:16px;\">\u00a0\u2018Ad\u0131m Ad\u0131m Anadolu\u2019<\/span><\/p>\n<p>\u00a0<\/p>\n<p>\u00a0<\/p>\n<p><span style=\"font-size:16px;\">T\u00fcrk Halk M\u00fczi\u011fi Toplulu\u011fu da Hasan Basri \u00dcst\u00fcn y\u00f6netiminde \u2018Ad\u0131m Ad\u0131m Anadolu\u2019 isimli bir konser verdi. Ger\u00e7ekle\u015fen konsere akademik ve idari personelin yan\u0131 s\u0131ra \u00e7ok say\u0131da \u00f6\u011frenci yer ald\u0131. Yapt\u0131klar\u0131 performans ile b\u00fcy\u00fck be\u011feni toplad\u0131.<\/span><\/p>\n<p>\u00a0<\/p>\n<p><span style=\"font-size:16px;\">\u2018Carrar Ana\u2019n\u0131n Silahlar\u0131\u2019 Tiyatro Oyunu<\/span><\/p>\n<p>\u00a0<\/p>\n<p><span style=\"font-size:16px;\">26 Nisan Per\u015fembe g\u00fcn\u00fc tiyatro toplu\u011fu taraf\u0131ndan \u201cCarrar Ana\u2019n\u0131n Silahlar\u0131\u201d haz\u0131rland\u0131. Prof. Dr. U\u011fur Oral K\u00fclt\u00fcr merkezi A Salonu\u2019nda sahnelenen tiyatro g\u00f6sterisi \u00e7ok ki\u015fi taraf\u0131ndan izlendi.<\/span><\/p>\n<p>\u00a0<\/p>\n<p><span style=\"font-size:16px;\">\u00a0\u2018Burak Sever Konseri\u2019<\/span><\/p>\n<p>\u00a0<\/p>\n<p>\u00a0<\/p>\n<p><span style=\"font-size:16px;\">\u015eenlik ayn\u0131 zamanda\u00a0 Burak Sever\u2019in verdi\u011fi konserle renklendi. 27 Nisanda ger\u00e7ekle\u015fen konsere Rekt\u00f6r Yard\u0131mc\u0131s\u0131 Prof. Dr. Ali Kaya, akademik ve idari personel ile \u00f6\u011frenciler yer ald\u0131.<\/span><\/p>\n<p>\u00a0<\/p>\n<p><span style=\"font-size:16px;\">Rekt\u00f6r Yard\u0131mc\u0131s\u0131 Prof. Dr. Ali Kaya konserin bitimiyle sanat\u00e7\u0131 Burak Sever\u2019e \u00e7i\u00e7ek ve plaket verdi.<\/span><\/p>\n<\/div>\n<\/div>\n<\/blockquote>\n","protected":false},"excerpt":{"rendered":"<p>Mersin \u00dcniversitesi\u2019nde bir e\u011fitim ve \u00f6\u011fretim d\u00f6nemi sonunda \u00f6\u011frencilere motivasyon ama\u00e7l\u0131 24. K\u00fclt\u00fcr ve Spor \u015eenli\u011fi etkinli\u011fi ger\u00e7ekle\u015ftirdi. ME\u00dc \u00f6\u011frencilerin motivasyonuna y\u00f6nelik \u00a0K\u00fclt\u00fcr ve Spor \u015eenli\u011fi yaparak etkinli\u011fin \u00a024\u2019\u00fcnc\u00fcs\u00fcne imza &hellip; <a href=\"https:\/\/akdenizolaygazetesi.com\/?p=1872\" class=\"more-link\">Devam\u0131n\u0131 Oku&#8230;<\/a><\/p>\n","protected":false},"author":1,"featured_media":0,"comment_status":"open","ping_status":"open","sticky":false,"template":"","format":"standard","meta":[],"categories":[],"tags":[],"_links":{"self":[{"href":"https:\/\/akdenizolaygazetesi.com\/index.php?rest_route=\/wp\/v2\/posts\/1872"}],"collection":[{"href":"https:\/\/akdenizolaygazetesi.com\/index.php?rest_route=\/wp\/v2\/posts"}],"about":[{"href":"https:\/\/akdenizolaygazetesi.com\/index.php?rest_route=\/wp\/v2\/types\/post"}],"author":[{"embeddable":true,"href":"https:\/\/akdenizolaygazetesi.com\/index.php?rest_route=\/wp\/v2\/users\/1"}],"replies":[{"embeddable":true,"href":"https:\/\/akdenizolaygazetesi.com\/index.php?rest_route=%2Fwp%2Fv2%2Fcomments&post=1872"}],"version-history":[{"count":0,"href":"https:\/\/akdenizolaygazetesi.com\/index.php?rest_route=\/wp\/v2\/posts\/1872\/revisions"}],"wp:attachment":[{"href":"https:\/\/akdenizolaygazetesi.com\/index.php?rest_route=%2Fwp%2Fv2%2Fmedia&parent=1872"}],"wp:term":[{"taxonomy":"category","embeddable":true,"href":"https:\/\/akdenizolaygazetesi.com\/index.php?rest_route=%2Fwp%2Fv2%2Fcategories&post=1872"},{"taxonomy":"post_tag","embeddable":true,"href":"https:\/\/akdenizolaygazetesi.com\/index.php?rest_route=%2Fwp%2Fv2%2Ftags&post=1872"}],"curies":[{"name":"wp","href":"https:\/\/api.w.org\/{rel}","templated":true}]}}