{"id":18722,"date":"2022-05-17T12:43:26","date_gmt":"2022-05-17T09:43:26","guid":{"rendered":"http:\/\/akdenizolaygazetesi.com\/?p=18722"},"modified":"2022-05-17T12:43:26","modified_gmt":"2022-05-17T09:43:26","slug":"proje-koordinatoru-secgin-ulkemizle-gurur-duyuyoruz","status":"publish","type":"post","link":"https:\/\/akdenizolaygazetesi.com\/?p=18722","title":{"rendered":"PROJE KOORD\u0130NAT\u00d6R\u00dc SE\u00c7G\u0130N; &#8220;\u00dcLKEM\u0130ZLE GURUR DUYUYORUZ&#8221;"},"content":{"rendered":"<p>Mersin&#8217;de &#8220;S\u0131f\u0131r At\u0131k&#8221; bilincini kazand\u0131rmak i\u00e7in yapt\u0131\u011f\u0131 \u00e7al\u0131\u015fmalarla \u00f6rnek olan Toroslar Belediyesi, gen\u00e7lerin gelece\u011fine \u0131\u015f\u0131k tutacak projelerine de devam ediyor.<\/p>\n<p>Toroslar Belediyesi&#8217;nin, Mersin \u0130l Milli E\u011fitim M\u00fcd\u00fcrl\u00fc\u011f\u00fc Kariyer Geli\u015ftirme ve Uygulama Merkezi (KARGEM) i\u015f birli\u011fi ile d\u00fczenlendi\u011fi &#8220;Ye\u015fil Meslekler S\u00fcrd\u00fcr\u00fclebilir Gelecek Fuar\u0131&#8217;n\u0131n&#8221; a\u00e7\u0131l\u0131\u015f\u0131 Toros \u00dcniversitesi&#8217;nde ger\u00e7ekle\u015fti.<\/p>\n<p>Projenin hay\u0131rl\u0131 olmas\u0131n\u0131 dileyen Toroslar Belediye Ba\u015fkan\u0131 Ats\u0131z Af\u015f\u0131n Y\u0131lmaz; &#8220;D\u00fcnyan\u0131n mevcut halini korumak ve daha da iyile\u015ftirmek m\u00fcmk\u00fcn. E\u011fer b\u00f6yle bir sistemin par\u00e7as\u0131ysan\u0131z, ye\u015fil meslek yap\u0131yorsunuz demektir&#8221; dedi.<\/p>\n<p>Avrupa Mesleki Beceriler Haftas\u0131 kapsam\u0131nda hayata ge\u00e7en Ye\u015fil Meslekler S\u00fcrd\u00fcr\u00fclebilir Gelecek Fuar\u0131, Toros \u00dcniversitesi Bah\u00e7elievler Kamp\u00fcs\u00fc&#8217;nde 2 g\u00fcn s\u00fcrecek.<\/p>\n<p>S\u00fcrd\u00fcr\u00fclebilirlik ve gelece\u011fin meslekleri \u00fczerine e\u011fitimlerin ve s\u00f6yle\u015filerin yan\u0131 s\u0131ra meslek liseleri \u00f6\u011frencilerinin stantlar\u0131n\u0131n bulundu\u011fu fuarda; 4&#8217;\u00fcnc\u00fc S\u0131f\u0131r At\u0131k Belgesini alan Toroslar Belediyesi de  &#8220;S\u0131f\u0131r At\u0131k&#8221; \u00e7al\u0131\u015fmalar\u0131 ile at\u0131l camlar\u0131n de\u011ferlendirildi\u011fi TORTEK Cam F\u00fczyon At\u00f6lyesinin stand\u0131yla yerini ald\u0131.<\/p>\n<p>Fuar\u0131n a\u00e7\u0131l\u0131\u015f\u0131; Toros \u00dcniversitesi Rekt\u00f6r\u00fc Prof. Dr. \u00d6mer Ar\u0131\u00f6z, Toroslar Belediye Ba\u015fkan\u0131 Ats\u0131z Af\u015f\u0131n Y\u0131lmaz, Milli E\u011fitim Bakanl\u0131\u011f\u0131 Mesleki ve Teknik E\u011fitim Genel M\u00fcd\u00fcrl\u00fc\u011f\u00fc Proje Koordinat\u00f6r\u00fc Halil Emre Se\u00e7gin, Mersin \u0130l Milli E\u011fitim M\u00fcd\u00fcr Vekili Kamil \u00c7elebiy\u0131lmaz, akademisyenler, \u00f6\u011fretmenler, \u00fcniversite ve meslek lisesi \u00f6\u011frencilerinin kat\u0131l\u0131m\u0131yla ger\u00e7ekle\u015fti.<\/p>\n<p>Program\u0131n a\u00e7\u0131l\u0131\u015f\u0131nda konu\u015fan Mersin \u0130l Milli E\u011fitim M\u00fcd\u00fcrl\u00fc\u011f\u00fc Kariyer Geli\u015ftirme ve Uygulama Merkezi Proje Koordinat\u00f6r\u00fc Aynur Evecen Gezici; &#8220;Burada gelece\u011fin i\u015f insanlar\u0131 oturuyor. Sizler de gelecekte \u00e7evrenize etki yarat\u0131n ve b\u00fcy\u00fck i\u015fler yap\u0131n diye bu fuar\u0131 \u00e7ok \u00f6nemsiyoruz&#8221; dedi.<\/p>\n<p>Proje Koordinat\u00f6r\u00fc Bet\u00fcl Turhan da s\u00fcrd\u00fcr\u00fclebilir bir de\u011fi\u015fim ve etki yaratman\u0131n \u00f6nemine de\u011finerek; &#8220;Gen\u00e7lerin hayat\u0131nda gelecek planlar\u0131 yaparken hem kendileri, hem d\u00fcnya i\u00e7in nas\u0131l faydal\u0131 olabileceklerinin fark\u0131ndal\u0131\u011f\u0131n\u0131 burada olu\u015fturmak istiyoruz&#8221; ifadelerini kulland\u0131.<\/p>\n<p>PROJE KOORD\u0130NAT\u00d6R\u00dc SE\u00c7G\u0130N; &#8220;\u00dcLKEM\u0130ZLE GURUR DUYUYORUZ&#8221;<\/p>\n<p>Daha sonra s\u00f6z alan Milli E\u011fitim Bakanl\u0131\u011f\u0131 Mesleki ve Teknik E\u011fitim Genel M\u00fcd\u00fcrl\u00fc\u011f\u00fc Proje Koordinat\u00f6r\u00fc Halil Emre Se\u00e7gin ise; &#8220;Avrupa Mesleki Beceriler Haftas\u0131, mesleki e\u011fitimin t\u00fcm payda\u015flar\u0131n\u0131n bir araya geldi\u011fi bir \u00e7at\u0131 ve etkinlikler b\u00fct\u00fcn\u00fcd\u00fcr. Avrupa&#8217;da d\u00fczenlenen bu etkinlikte \u00fclkemiz de \u00f6nemli bir rol oynuyor. Bununla gurur duyuyoruz&#8221; \u015feklinde konu\u015ftu.<\/p>\n<p>\u00c7ELEB\u0130YILMAZ; &#8220;AMACIMIZ, DAHA YA\u015eANILAB\u0130L\u0130R B\u0130R GELECEK&#8221;<\/p>\n<p>\u0130l Milli E\u011fitim M\u00fcd\u00fcr Vekili Kamil \u00c7elebiy\u0131lmaz da Avrupa Mesleki Beceriler Haftas\u0131 kapsam\u0131nda T\u00fcrkiye&#8217;de &#8220;Ye\u015fil Meslekler ve S\u00fcrd\u00fcr\u00fclebilir Gelece\u011fin&#8221; tema olarak belirlendi\u011fini kaydederek; &#8220;Ya\u015fan\u0131labilir bir d\u00fcnya, g\u00fczel bir gelecek, d\u00fcnyaya, T\u00fcrkiye&#8217;ye sahip \u00e7\u0131kabilmek, bu \u00f6zverili \u00e7al\u0131\u015fmalar\u0131 ve meslekleri hakk\u0131yla yapabilmek i\u00e7in mesleki becerileri de en iyi \u015fekilde geli\u015ftirebilmemiz gerekiyor.  Bizlere bu f\u0131rsat\u0131 sunan Toros \u00dcniversitemize ve her zaman katk\u0131da bulunan Toroslar Belediye Ba\u015fkan\u0131m\u0131z Ats\u0131z Af\u015f\u0131n Y\u0131lmaz&#8217;a te\u015fekk\u00fcr ederiz&#8221; diye konu\u015ftu.<\/p>\n<p>BA\u015eKAN YILMAZ; &#8220;BU D\u00dcNYA HEP\u0130M\u0130Z\u0130N&#8221;<\/p>\n<p>Toroslar Belediye Ba\u015fkan\u0131 Ats\u0131z Af\u015f\u0131n Y\u0131lmaz, gen\u00e7lerin enerjisinin kendilerine her zaman g\u00fc\u00e7 katt\u0131\u011f\u0131na dikkat \u00e7ekerek; &#8220;Ye\u015fil Meslekler ve S\u00fcrd\u00fcr\u00fclebilir Gelecek; aktif, sosyal ve topluma faydal\u0131 bir insan olmay\u0131 gerektirir&#8221; dedi.<\/p>\n<p>Salondaki gen\u00e7lere seslenen Ba\u015fkan Y\u0131lmaz; &#8220;G\u00f6ky\u00fcz\u00fcnde, toprakta, suda binlerce y\u0131ld\u0131r ortadan kaybolmayan maddeler var. \u00c7evremiz, t\u00fcketim \u00fcr\u00fcnleriyle h\u0131zl\u0131 kirleniyor. Siz de s\u00fcrd\u00fcr\u00fclebilir bir sistemle d\u00fcnyam\u0131z\u0131n daha temiz ve g\u00fczel bir yer olmas\u0131 i\u00e7in emek sarf ediyorsan\u0131z \u00e7\u00f6z\u00fcm\u00fcn bir par\u00e7as\u0131s\u0131n\u0131z.  \u00c7evreyi kirletmeden, s\u0131f\u0131r at\u0131kla, kulland\u0131\u011f\u0131m\u0131z maddelerin ve \u00fcr\u00fcnlerin tamam\u0131n\u0131 geri d\u00f6n\u00fc\u015f\u00fcme kazand\u0131rarak d\u00fcnyam\u0131z\u0131n mevcut halini korur ve daha da iyile\u015ftirebiliriz. Fark\u0131ndaysan\u0131z, s\u00fcrd\u00fcr\u00fclebirlik \u00e7ok \u00f6nemli. Bunu ger\u00e7ekle\u015ftirmeye devam edersek fonksiyonel olabiliriz. Ben de hukuk okumu\u015f ve y\u0131llard\u0131r \u00f6zel sekt\u00f6rde \u00e7al\u0131\u015fm\u0131\u015f bir a\u011fabeyiniz olarak s\u00fcrd\u00fcr\u00fclebirli\u011fi kullan\u0131yorum&#8221; ifadelerini kulland\u0131.<\/p>\n<p>Ye\u015fil Meslekler ve S\u00fcrd\u00fcr\u00fclebilir Gelecek Projesinin her a\u00e7\u0131dan fayda sa\u011flayaca\u011f\u0131n\u0131 vurgulayan Ba\u015fkan Y\u0131lmaz; &#8221; G\u00f6ky\u00fcz\u00fc, toprak, denizler, g\u00f6ller,  sular sadece bizim de\u011fil.  D\u00fcnyada ya\u015fayan b\u00fct\u00fcn canl\u0131lar\u0131n. \u0130\u015fin \u00f6z\u00fcnde sayg\u0131 var. Birbirimize, t\u00fcm canl\u0131lara ve varl\u0131klara sayg\u0131. Bizler de sizleri sadece bizim \u00e7ocuklar\u0131m\u0131z oldu\u011funuz ve gelece\u011fimiz oldu\u011funuz i\u00e7in seviyoruz. Bu nedenle bu projenin  amac\u0131na ula\u015faca\u011f\u0131ndan hi\u00e7 \u015f\u00fcphemiz yok. Eminim siz gen\u00e7lerimiz, d\u00fcnyay\u0131 daha g\u00fczel bir yer haline getireceksiniz. Buras\u0131 yeni bir g\u00fczelli\u011fin ba\u015flang\u0131c\u0131 olsun ve hep devam etsin&#8221; \u015feklinde konu\u015ftu.<\/p>\n<p>REKT\u00d6R ARI\u00d6Z; &#8220;GEN\u00c7LER\u0130M\u0130Z\u0130N HER ZAMAN YANINDAYIZ&#8221;<\/p>\n<p>Toros \u00dcniversitesi Rekt\u00f6r\u00fc Prof. Dr. \u00d6mer Ar\u0131\u00f6z de Toroslar Belediye Ba\u015fkan\u0131 Ats\u0131z Af\u015f\u0131n Y\u0131lmaz&#8217;a gen\u00e7lerin gelece\u011fine y\u00f6nelik sundu\u011fu de\u011ferli \u00e7al\u0131\u015fmalar\u0131ndan dolay\u0131 te\u015fekk\u00fcr ederek; &#8220;Sizleri \u00fcniversitemizde a\u011f\u0131rlamaktan b\u00fcy\u00fck mutluluk duyduk. Gen\u00e7lerimizin her konuda yan\u0131n\u0131zday\u0131z&#8221; dedi.<\/p>\n<p>Konu\u015fmalar\u0131n ard\u0131ndan Mersin \u0130l Milli E\u011fitim M\u00fcd\u00fcr Vekili Kamil \u00c7elebiy\u0131lmaz, Toros \u00dcniversitesi Rekt\u00f6r\u00fc Prof. Dr. \u00d6mer Ar\u0131\u00f6z ile Toroslar Belediye Ba\u015fkan\u0131 Ats\u0131z Af\u015f\u0131n Y\u0131lmaz&#8217;a projeye sundu\u011fu katk\u0131lar\u0131ndan dolay\u0131 te\u015fekk\u00fcr plaketi takdim etti.<\/p>\n<p>Daha sonra Ba\u015fkan Y\u0131lmaz, Rekt\u00f6r Ar\u0131\u00f6z ile birlikte Toros \u00dcniversitesi&#8217;nin kamp\u00fcs\u00fcnde bulunan stantlar\u0131 gezerek, \u00f6\u011frencilerin \u00e7al\u0131\u015fmalar\u0131n\u0131 inceledi.<\/p>\n","protected":false},"excerpt":{"rendered":"<p>Mersin&#8217;de &#8220;S\u0131f\u0131r At\u0131k&#8221; bilincini kazand\u0131rmak i\u00e7in yapt\u0131\u011f\u0131 \u00e7al\u0131\u015fmalarla \u00f6rnek olan Toroslar Belediyesi, gen\u00e7lerin gelece\u011fine \u0131\u015f\u0131k tutacak projelerine de devam ediyor. Toroslar Belediyesi&#8217;nin, Mersin \u0130l Milli E\u011fitim M\u00fcd\u00fcrl\u00fc\u011f\u00fc Kariyer Geli\u015ftirme ve &hellip; <a href=\"https:\/\/akdenizolaygazetesi.com\/?p=18722\" class=\"more-link\">Devam\u0131n\u0131 Oku&#8230;<\/a><\/p>\n","protected":false},"author":2,"featured_media":18723,"comment_status":"open","ping_status":"open","sticky":false,"template":"","format":"standard","meta":[],"categories":[2,3,11],"tags":[],"_links":{"self":[{"href":"https:\/\/akdenizolaygazetesi.com\/index.php?rest_route=\/wp\/v2\/posts\/18722"}],"collection":[{"href":"https:\/\/akdenizolaygazetesi.com\/index.php?rest_route=\/wp\/v2\/posts"}],"about":[{"href":"https:\/\/akdenizolaygazetesi.com\/index.php?rest_route=\/wp\/v2\/types\/post"}],"author":[{"embeddable":true,"href":"https:\/\/akdenizolaygazetesi.com\/index.php?rest_route=\/wp\/v2\/users\/2"}],"replies":[{"embeddable":true,"href":"https:\/\/akdenizolaygazetesi.com\/index.php?rest_route=%2Fwp%2Fv2%2Fcomments&post=18722"}],"version-history":[{"count":1,"href":"https:\/\/akdenizolaygazetesi.com\/index.php?rest_route=\/wp\/v2\/posts\/18722\/revisions"}],"predecessor-version":[{"id":18724,"href":"https:\/\/akdenizolaygazetesi.com\/index.php?rest_route=\/wp\/v2\/posts\/18722\/revisions\/18724"}],"wp:featuredmedia":[{"embeddable":true,"href":"https:\/\/akdenizolaygazetesi.com\/index.php?rest_route=\/wp\/v2\/media\/18723"}],"wp:attachment":[{"href":"https:\/\/akdenizolaygazetesi.com\/index.php?rest_route=%2Fwp%2Fv2%2Fmedia&parent=18722"}],"wp:term":[{"taxonomy":"category","embeddable":true,"href":"https:\/\/akdenizolaygazetesi.com\/index.php?rest_route=%2Fwp%2Fv2%2Fcategories&post=18722"},{"taxonomy":"post_tag","embeddable":true,"href":"https:\/\/akdenizolaygazetesi.com\/index.php?rest_route=%2Fwp%2Fv2%2Ftags&post=18722"}],"curies":[{"name":"wp","href":"https:\/\/api.w.org\/{rel}","templated":true}]}}