{"id":18725,"date":"2022-05-17T12:44:52","date_gmt":"2022-05-17T09:44:52","guid":{"rendered":"http:\/\/akdenizolaygazetesi.com\/?p=18725"},"modified":"2022-05-17T12:44:52","modified_gmt":"2022-05-17T09:44:52","slug":"gundogdu-mahallesinin-kadinlari-evimiz-atolye-kursunu-tamamladi-sertifikalarini-aldi","status":"publish","type":"post","link":"https:\/\/akdenizolaygazetesi.com\/?p=18725","title":{"rendered":"G\u00dcNDO\u011eDU MAHALLES\u0130&#8217;N\u0130N KADINLARI, &#8216;EV\u0130M\u0130Z AT\u00d6LYE&#8217; KURSUNU TAMAMLADI, SERT\u0130F\u0130KALARINI ALDI"},"content":{"rendered":"<p>Mersin B\u00fcy\u00fck\u015fehir Belediyesi&#8217;nin kad\u0131nlar\u0131n evdeki gizli i\u015f g\u00fcc\u00fcn\u00fc a\u00e7\u0131\u011fa \u00e7\u0131karmak, ekonomik olarak onlara katk\u0131 sunmak ve sosyalle\u015fmelerine destek sa\u011flamak amac\u0131yla Mersinden Kad\u0131n Kooperatifi&#8217;yle hayata ge\u00e7irdi\u011fi Evimiz At\u00f6lye Projesi, her ge\u00e7en g\u00fcn b\u00fcy\u00fcyerek daha \u00e7ok kad\u0131na ula\u015f\u0131yor. Proje kapsam\u0131nda e\u011fitimlerini tamamlayan G\u00fcndo\u011fdu Mahallesi&#8217;ndeki kad\u0131nlara sertifikalar\u0131n\u0131 B\u00fcy\u00fck\u015fehir Belediye Ba\u015fkan\u0131 Vahap Se\u00e7er ve Mersinden Kad\u0131n Kooperatifi Ba\u015fkan\u0131 Meral Se\u00e7er verdi. Kad\u0131nlara her zaman destek olacaklar\u0131n\u0131 s\u00f6yleyen Ba\u015fkan Se\u00e7er, &#8220;Mersin B\u00fcy\u00fck\u015fehir Belediyesi vatanda\u015f\u0131n evidir. Belediye Ba\u015fkan\u0131 vatanda\u015f\u0131n karde\u015fidir&#8221; dedi.<br \/>\nBa\u015fkan Se\u00e7er, tezah\u00fcrat ve alk\u0131\u015flarla kar\u015f\u0131land\u0131<br \/>\nEtkinlikte, Mersinden Kad\u0131n Kooperatifi Ba\u015fkan\u0131 Meral Se\u00e7er, B\u00fcy\u00fck\u015fehir Belediyesi Genel Sekreter Vekili Olcay Tok, Kad\u0131n ve Aile Hizmetleri Dairesi Ba\u015fkan\u0131 \u015eerife Haso\u011flu Dokucu, Evimiz At\u00f6lye Projesi&#8217;nde g\u00f6n\u00fcll\u00fc hizmet veren Melike Dursun, G\u00fcndo\u011fdu Mahalle Muhtar\u0131 Abdurrahim Ulusal ve projede e\u011fitimini tamamlayan kad\u0131nlar yer ald\u0131. Etkinli\u011fin giri\u015finde Ba\u015fkan Se\u00e7er&#8217;i kad\u0131nlar &#8216;En b\u00fcy\u00fck Ba\u015fkan bizim Ba\u015fkan&#8217; sloganlar\u0131 ile kar\u015f\u0131lad\u0131. Ba\u015fkan Se\u00e7er, etkinli\u011fin sonunda kad\u0131nlarla toplu foto\u011fraf \u00e7ektirdi.<br \/>\n &#8220;Sizlerin paras\u0131n\u0131 sizlerin hizmetine d\u00f6n\u00fc\u015ft\u00fcrmek bizim g\u00f6revimiz&#8221;<br \/>\nBir\u00e7ok b\u00f6lgeden g\u00f6\u00e7 alan Mersin&#8217;in insanlar\u0131n bir arada huzur i\u00e7erisinde ya\u015fad\u0131\u011f\u0131 bir kent oldu\u011funu vurgulayan Ba\u015fkan Se\u00e7er, Mersin&#8217;de ya\u015fayan herkesin Mersinli oldu\u011funu s\u00f6yledi. &#8220;Konu\u015fmal\u0131y\u0131z, birbirimizi tan\u0131mal\u0131y\u0131z, birbirimizin dertlerini bilmeliyiz. Birbirimizle i\u00e7 i\u00e7e olmal\u0131y\u0131z. Birbirimizi \u00e7ok sevmeliyiz&#8221; diyen Ba\u015fkan Se\u00e7er, iktidarlar\u0131n ve belediye ba\u015fkanlar\u0131n\u0131n g\u00f6revinin vatanda\u015flara ya\u015fad\u0131klar\u0131 yeri sevdirmek, mutlu olmalar\u0131n\u0131 sa\u011flamak ve onlara g\u00fczel bir \u00e7evre sunmak oldu\u011funu s\u00f6yledi.<br \/>\n&#8220;Mersin&#8217;de herkesin mutlu olabilmesi i\u00e7in gecemizi g\u00fcnd\u00fcz\u00fcm\u00fcze katma g\u00f6revimiz var&#8221; diyen Ba\u015fkan Se\u00e7er, T\u00fcrkiye&#8217;nin zengin kaynaklara sahip bir \u00fclke oldu\u011funu hat\u0131rlatt\u0131. Se\u00e7er, &#8220;Y\u00f6neticiler \u00e7alm\u0131yorsa, t\u00fcy\u00fc bitmemi\u015f yetimin hakk\u0131na tenezz\u00fcl etmiyorsa inan\u0131n bana T\u00fcrkiye \u00e7ok zengin. Ben Belediye Ba\u015fkan\u0131 olarak s\u00f6yl\u00fcyorum. \u00c7al\u0131\u015f\u0131p kazanmak, hak\u00e7a b\u00f6l\u00fc\u015fmek, herkese e\u015fit hizmet, adaletli olmak, sizlerin paras\u0131n\u0131 sizlerin hizmetine d\u00f6n\u00fc\u015ft\u00fcrmek bizim g\u00f6revimiz. Gelecek g\u00fcnler eminim bug\u00fcnlerden \u00e7ok daha g\u00fczel olacak&#8221; ifadelerini kulland\u0131. Ba\u015fkan Se\u00e7er, Belediye Ba\u015fkan\u0131 olarak her zaman sorumlulu\u011funun fark\u0131nda oldu\u011funu ve her yere ba\u015f\u0131 dik gitti\u011fini ifade etti.<br \/>\n&#8220;Mersin B\u00fcy\u00fck\u015fehir Belediyesi vatanda\u015f\u0131n evidir&#8221;<br \/>\nEvimiz At\u00f6lye Projesi&#8217;nin g\u00f6n\u00fcll\u00fcl\u00fck esas\u0131na dayal\u0131 oldu\u011funu s\u00f6yleyen Ba\u015fkan Se\u00e7er, projenin amac\u0131n\u0131 &#8220;Kad\u0131nlar evlerine ekonomik katk\u0131 sunsun, i\u015fi \u00f6\u011frensin, evde \u00fcretim yaps\u0131n, onlar\u0131 paraya d\u00f6n\u00fc\u015ft\u00fcrs\u00fcn, \u00e7olu\u011funun \u00e7ocu\u011funun r\u0131zk\u0131na katk\u0131s\u0131 olsun&#8221; c\u00fcmleleriyle anlatt\u0131. Se\u00e7er, projeden de projeyi y\u00fcr\u00fcten ekipten de memnun oldu\u011funu s\u00f6zlerine ekleyerek, &#8220;T\u00fcrkiye&#8217;de kad\u0131nlar\u0131m\u0131z sorun ya\u015fay\u0131p bunu d\u0131\u015fa aktaramayan insanlard\u0131r. Bir\u00e7ok hanede sorun oldu\u011funu biliyoruz. Kad\u0131n i\u00e7ine at\u0131yor bunu. Ekonomik sorunu var, aile sorunu var, hukuki problemleri var, a\u015fam\u0131yor. Sa\u011fl\u0131k problemleri var a\u015fam\u0131yor&#8221; dedi. G\u00f6reve gelir gelmez kurduklar\u0131 Kad\u0131n ve Aile Hizmetleri Dairesi&#8217;nin her a\u015famada kad\u0131nlar\u0131n yan\u0131nda oldu\u011funu ifade eden Ba\u015fkan Se\u00e7er, etkinli\u011fe kat\u0131lan kad\u0131nlara \u015f\u00f6yle seslendi:<br \/>\n&#8220;Arkada\u015flar\u0131m\u0131z sizlere yard\u0131mc\u0131 olma amac\u0131n\u0131 ta\u015f\u0131yorlar. Onlarla b\u00fct\u00fcn sorunlar\u0131n\u0131z\u0131 payla\u015f\u0131n, sizin sorunlar\u0131n\u0131za \u00e7\u00f6z\u00fcm bulmak i\u00e7in b\u00fct\u00fcn g\u00fcc\u00fcm\u00fcz\u00fc kullan\u0131r\u0131z. Yeter ki bizim \u00e7are olaca\u011f\u0131m\u0131z konular olsun. Hastal\u0131k, hukuki problemler, aile sorunlar\u0131, \u00e7ocuklar\u0131n\u0131zla ilgili problemler vard\u0131r. Hepsini payla\u015fabilirsiniz. Mersin B\u00fcy\u00fck\u015fehir Belediyesi vatanda\u015f\u0131n evidir. Belediye Ba\u015fkan\u0131 vatanda\u015f\u0131n karde\u015fidir. \u00d6z karde\u015fidir, o derece yak\u0131nd\u0131r. Mersin B\u00fcy\u00fck\u015fehir Belediyesi&#8217;nde sizlere hizmet verenler belediyenin g\u00f6revlileridir ve bu hizmeti vermek zorundad\u0131r ve sizin karde\u015finizdir. Hepinizi \u00e7ok seviyorum. Hepiniz benim karde\u015fimsiniz. Ben t\u00fcm vatanda\u015flar\u0131m\u0131 seviyorum. Allah&#8217;\u0131n yaratt\u0131\u011f\u0131 her canl\u0131 varl\u0131\u011f\u0131 seviyorum. Bizimle rahat olun, kendinizi Mersin&#8217;de rahat hissedin. Sizin kentine sahip \u00e7\u0131kan, kentinin derdiyle dertlenen, mutlulu\u011fuyla mutlu olan bir Belediye Ba\u015fkan\u0131n\u0131z var.&#8221;<br \/>\nG\u00fcndo\u011fdu Mahalle Muhtar\u0131 Abdurrahim Ulusal da d\u00fczenlenen etkinlikten dolay\u0131 Ba\u015fkan Se\u00e7er&#8217;e ve eme\u011fi ge\u00e7enlere te\u015fekk\u00fcr etti. Evimiz At\u00f6lye Projesi&#8217;nin G\u00fcndo\u011fdu Mahallesi&#8217;nde insanlar\u0131n kayna\u015fmas\u0131n\u0131 sa\u011flad\u0131\u011f\u0131n\u0131 ifade eden Ulusal, &#8220;Bu etkinlikleri d\u00fczenledikleri i\u00e7in sa\u011f olsunlar. \u0130nsanlar\u0131m\u0131z\u0131 bir araya getirdik, kayna\u015ft\u0131rd\u0131k. B\u00f6yle bir etkinlik her zaman ihtiya\u00e7 duyulan bir etkinliktir. Bu etkinliklerin devam\u0131n\u0131 diliyorum&#8221; dedi.<\/p>\n","protected":false},"excerpt":{"rendered":"<p>Mersin B\u00fcy\u00fck\u015fehir Belediyesi&#8217;nin kad\u0131nlar\u0131n evdeki gizli i\u015f g\u00fcc\u00fcn\u00fc a\u00e7\u0131\u011fa \u00e7\u0131karmak, ekonomik olarak onlara katk\u0131 sunmak ve sosyalle\u015fmelerine destek sa\u011flamak amac\u0131yla Mersinden Kad\u0131n Kooperatifi&#8217;yle hayata ge\u00e7irdi\u011fi Evimiz At\u00f6lye Projesi, her ge\u00e7en &hellip; <a href=\"https:\/\/akdenizolaygazetesi.com\/?p=18725\" class=\"more-link\">Devam\u0131n\u0131 Oku&#8230;<\/a><\/p>\n","protected":false},"author":2,"featured_media":18726,"comment_status":"open","ping_status":"open","sticky":false,"template":"","format":"standard","meta":[],"categories":[1,2,3,5],"tags":[],"_links":{"self":[{"href":"https:\/\/akdenizolaygazetesi.com\/index.php?rest_route=\/wp\/v2\/posts\/18725"}],"collection":[{"href":"https:\/\/akdenizolaygazetesi.com\/index.php?rest_route=\/wp\/v2\/posts"}],"about":[{"href":"https:\/\/akdenizolaygazetesi.com\/index.php?rest_route=\/wp\/v2\/types\/post"}],"author":[{"embeddable":true,"href":"https:\/\/akdenizolaygazetesi.com\/index.php?rest_route=\/wp\/v2\/users\/2"}],"replies":[{"embeddable":true,"href":"https:\/\/akdenizolaygazetesi.com\/index.php?rest_route=%2Fwp%2Fv2%2Fcomments&post=18725"}],"version-history":[{"count":1,"href":"https:\/\/akdenizolaygazetesi.com\/index.php?rest_route=\/wp\/v2\/posts\/18725\/revisions"}],"predecessor-version":[{"id":18727,"href":"https:\/\/akdenizolaygazetesi.com\/index.php?rest_route=\/wp\/v2\/posts\/18725\/revisions\/18727"}],"wp:featuredmedia":[{"embeddable":true,"href":"https:\/\/akdenizolaygazetesi.com\/index.php?rest_route=\/wp\/v2\/media\/18726"}],"wp:attachment":[{"href":"https:\/\/akdenizolaygazetesi.com\/index.php?rest_route=%2Fwp%2Fv2%2Fmedia&parent=18725"}],"wp:term":[{"taxonomy":"category","embeddable":true,"href":"https:\/\/akdenizolaygazetesi.com\/index.php?rest_route=%2Fwp%2Fv2%2Fcategories&post=18725"},{"taxonomy":"post_tag","embeddable":true,"href":"https:\/\/akdenizolaygazetesi.com\/index.php?rest_route=%2Fwp%2Fv2%2Ftags&post=18725"}],"curies":[{"name":"wp","href":"https:\/\/api.w.org\/{rel}","templated":true}]}}