{"id":1873,"date":"2020-11-04T18:22:25","date_gmt":"2020-11-04T15:22:25","guid":{"rendered":"http:\/\/mersinekonomipolitikagazetesi.com\/?p=1873"},"modified":"2020-11-04T18:22:25","modified_gmt":"2020-11-04T15:22:25","slug":"domates-yasagi-nihayet-kalkiyor","status":"publish","type":"post","link":"https:\/\/akdenizolaygazetesi.com\/?p=1873","title":{"rendered":"DOMATES YASA\u011eI N\u0130HAYET KALKIYOR"},"content":{"rendered":"<p>Rusya ile T\u00fcrkiye aras\u0131nda domates ithalat\u0131 kap\u0131lar\u0131n\u0131n a\u00e7\u0131lacak olmas\u0131 Mersin\u2019deki domates \u00fcreticilerin y\u00fcz\u00fcn\u00fc g\u00fcld\u00fcrd\u00fc. Mersin Erdemli Ziraat Odas\u0131 Ba\u015fkan\u0131 Rasim \u015eahin: \u201cKarar Erdemli \u00e7ift\u00e7ilerimizi \u00e7ok sevindirdi\u201d dedi.<\/p>\n<blockquote type=\"cite\">\n<div dir=\"ltr\">\n<p><span style=\"font-size:16px;\">Rusya ile T\u00fcrkiye aras\u0131nda ya\u015fanan u\u00e7ak krizinden sonra, Rusya T\u00fcrkiye ile olan domates ithalat\u0131n\u0131 ve di\u011fer tar\u0131m \u00fcr\u00fcnleri ithalat\u0131na kap\u0131lar\u0131n\u0131 kapatm\u0131\u015ft\u0131.<\/span><\/p>\n<p><span style=\"font-size:16px;\">Rusya, 1 May\u0131s\u2019tan sonra domates ithalat\u0131na kapat\u0131lan kap\u0131lar\u0131n\u0131 a\u00e7aca\u011f\u0131n\u0131 duyurdu.<\/span><\/p>\n<p><span style=\"font-size:16px;\">Al\u0131nan bu karar Rusya ile ithalat\u0131n yap\u0131lmas\u0131 y\u00f6n\u00fcnde Mersin\u2019de domates \u00fcreticilerinin y\u00fcz\u00fcn\u00fc g\u00fcld\u00fcrd\u00fc.<\/span><\/p>\n<p><span style=\"font-size:16px;\">Rusya\u2019dan gelen a\u00e7\u0131klamaya g\u00f6re, T\u00fcrkiye\u2019den domates ithalat\u0131 \u00f6n\u00fcndeki t\u00fcm engellerin kalkaca\u011f\u0131 belirtildi.<\/span><\/p>\n<p>\u00a0<\/p>\n<p><span style=\"font-size:16px;\">Ya\u015fanan geli\u015fmeler Mersinli domates \u00fcreticilerini memnun ederken, domates fiyatlar\u0131nda da dalgalanmalar olaca\u011f\u0131 belirtildi.<\/span><\/p>\n<p><span style=\"font-size:16px;\">Mersin Erdemli Ziraat Odas\u0131 Ba\u015fkan\u0131 Rasim \u015eahin, domates ithalat\u0131na y\u00f6nelik a\u00e7\u0131klamalarda bulunarak\u00a0 domates \u00fcreticilerin y\u00fcz\u00fcn\u00fc g\u00fcld\u00fcren bir ithalat oldu\u011funu belirtti.<\/span><\/p>\n<p><span style=\"font-size:16px;\">S\u00f6zlerine devam eden \u015eahin, iki y\u0131ld\u0131r domates \u00fczerindeki k\u0131s\u0131tlaman\u0131n kald\u0131r\u0131lmas\u0131n\u0131 beklediklerini ifade ederek, \u201cK\u0131s\u0131tlanmalar\u0131n kalkacak olmas\u0131 \u00f6zellikle Mersin domates \u00fcreticilerini mutlu etti\u201d dedi.<\/span><\/p>\n<p>\u00a0<\/p>\n<p><span style=\"font-size:16px;\">RAS\u0130M \u015eAH\u0130N: &#8220;T\u00dcM \u0130HRACAT\u00c7ILARIMIZI ERDEML\u0130M\u0130ZE BEKL\u0130YORUZ\u201d<\/span><\/p>\n<p>\u00a0<\/p>\n<p><span style=\"font-size:16px;\">Karar\u0131n Mersin Erdemli \u00e7ift\u00e7ilerini sevindirdi\u011fini aktaran \u015eahin: \u201cRusya domates ithalat\u0131n\u0131 s\u0131n\u0131rl\u0131 say\u0131da firmaya vermi\u015fti. D\u0131\u015fi\u015fleri ve Ekonomi bakanl\u0131klar\u0131n\u0131n, Rus yetkililerle yapt\u0131\u011f\u0131 g\u00f6r\u00fc\u015fme sonras\u0131 t\u00fcm firmalara ihracat yolu a\u00e7\u0131ld\u0131. Rusya&#8217;n\u0131n ald\u0131\u011f\u0131 bu karar Erdemlili \u00e7ift\u00e7ilerimizi \u00e7ok sevindirdi. \u00c7ift\u00e7ilerimizin \u00fcretti\u011fi domatesleri ihracat\u00e7\u0131lar\u0131m\u0131z alarak daha fazla \u00fcr\u00fcn ihracat\u0131 yapar ve \u00fcreticilerimiz de daha iyi kazan\u00e7 elde ederler. Karar\u0131n ard\u0131ndan Erdemli Sebze ve Meyve Hali&#8217;nde \u00f6zellikle domatese y\u00f6nelik bir hareketlilik ba\u015flad\u0131. T\u00fcm ihracat\u00e7\u0131lar\u0131m\u0131z\u0131 Erdemlimize bekliyoruz.&#8221; ifadelerini kulland\u0131.<\/span><\/p>\n<div>\n<div aria-label=\"Geni\u015fletilen i\u00e7eri\u011fi gizleyin\" data-tooltip=\"Geni\u015fletilen i\u00e7eri\u011fi gizleyin\" id=\":1rb\" role=\"button\" style=\"clear:both;\" tabindex=\"0\"><span style=\"font-size:16px;\"><img src=\"https:\/\/ssl.gstatic.com\/ui\/v1\/icons\/mail\/images\/cleardot.gif\" style=\"height:8px;width:20px;\" \/><\/span><\/div>\n<\/div>\n<div>\n<p>\u00a0<\/p>\n<p><span style=\"font-size:16px;\">HAKKI BAHAR: \u201cB\u0130Z\u0130M RUSYA \u0130LE \u0130LG\u0130L\u0130 YAPACAK \u00c7OK \u0130\u015e\u0130M\u0130Z VAR\u201d<\/span><\/p>\n<p>\u00a0<\/p>\n<p><span style=\"font-size:16px;\">Domates ithalat k\u0131s\u0131tlaman\u0131n kald\u0131r\u0131lmas\u0131na Bat\u0131 Akdeniz \u0130hracat\u00e7\u0131lar\u0131 Birli\u011fi (BA\u0130B) Ba\u015fkan\u0131 Hakk\u0131 Bahar ise \u015fu ifadelere yer verdi: \u201cKotan\u0131n kald\u0131r\u0131lmas\u0131n\u0131n ard\u0131ndan 350 bin tonluk art\u0131\u015f bekliyoruz. \u00c7ok b\u00fcy\u00fck bir tecr\u00fcbe edindik. Sekt\u00f6r ve pazar \u00e7e\u015fitlili\u011fine gitmeliyiz. Sadece Rusya\u2019ya ba\u011f\u0131ml\u0131 kalamay\u0131z. Son kalan p\u00fcr\u00fczlerde halledildi. \u0130n\u015fallah bir daha standart d\u0131\u015f\u0131 bir liste uygulamas\u0131yla kar\u015f\u0131 kar\u015f\u0131ya kalmay\u0131z. Bizim Rusya ile ilgili yapacak \u00e7ok i\u015fimiz var. Biz ayn\u0131 jeopolitik d\u00fczlemde ya\u015fayan milletleriz. U\u00e7ak krizinin t\u00fcm emareleri iki millet \u00fczerinden de kalkm\u0131\u015f oldu\u201d dedi.<\/span><\/p>\n<p>\u00a0<\/p>\n<p><span style=\"font-size:16px;\">HAKKI BAHAR: \u201cSEZONU \u0130Y\u0130 B\u0130T\u0130RD\u0130K, DEVAMI DA G\u00dcZEL OLACAKTIR\u201d<\/span><\/p>\n<p>\u00a0<\/p>\n<p><span style=\"font-size:16px;\">S\u00f6zlerine devam eden Hakk\u0131 Bahar: \u201cU\u00e7ak krizinden \u00f6nceki minimum hedeflere gelme hedefimiz var. Rusya ile domates ihracat\u0131m\u0131z a\u011f\u0131rl\u0131kl\u0131 olarak kas\u0131m ve nisan aylar\u0131 aras\u0131nda ger\u00e7ekle\u015fir. Bug\u00fcn sezonun sonunda gelindi. Kas\u0131m ay\u0131na \u00e7ok iyi haz\u0131rlanaca\u011f\u0131z. Sezonu iyi bitirdik, devam\u0131 da g\u00fczel olacakt\u0131r\u201d ifadelerini kuland\u0131.<\/span><\/p>\n<\/div>\n<\/div>\n<\/blockquote>\n","protected":false},"excerpt":{"rendered":"<p>Rusya ile T\u00fcrkiye aras\u0131nda domates ithalat\u0131 kap\u0131lar\u0131n\u0131n a\u00e7\u0131lacak olmas\u0131 Mersin\u2019deki domates \u00fcreticilerin y\u00fcz\u00fcn\u00fc g\u00fcld\u00fcrd\u00fc. Mersin Erdemli Ziraat Odas\u0131 Ba\u015fkan\u0131 Rasim \u015eahin: \u201cKarar Erdemli \u00e7ift\u00e7ilerimizi \u00e7ok sevindirdi\u201d dedi. Rusya ile T\u00fcrkiye &hellip; <a href=\"https:\/\/akdenizolaygazetesi.com\/?p=1873\" class=\"more-link\">Devam\u0131n\u0131 Oku&#8230;<\/a><\/p>\n","protected":false},"author":1,"featured_media":0,"comment_status":"open","ping_status":"open","sticky":false,"template":"","format":"standard","meta":[],"categories":[],"tags":[],"_links":{"self":[{"href":"https:\/\/akdenizolaygazetesi.com\/index.php?rest_route=\/wp\/v2\/posts\/1873"}],"collection":[{"href":"https:\/\/akdenizolaygazetesi.com\/index.php?rest_route=\/wp\/v2\/posts"}],"about":[{"href":"https:\/\/akdenizolaygazetesi.com\/index.php?rest_route=\/wp\/v2\/types\/post"}],"author":[{"embeddable":true,"href":"https:\/\/akdenizolaygazetesi.com\/index.php?rest_route=\/wp\/v2\/users\/1"}],"replies":[{"embeddable":true,"href":"https:\/\/akdenizolaygazetesi.com\/index.php?rest_route=%2Fwp%2Fv2%2Fcomments&post=1873"}],"version-history":[{"count":0,"href":"https:\/\/akdenizolaygazetesi.com\/index.php?rest_route=\/wp\/v2\/posts\/1873\/revisions"}],"wp:attachment":[{"href":"https:\/\/akdenizolaygazetesi.com\/index.php?rest_route=%2Fwp%2Fv2%2Fmedia&parent=1873"}],"wp:term":[{"taxonomy":"category","embeddable":true,"href":"https:\/\/akdenizolaygazetesi.com\/index.php?rest_route=%2Fwp%2Fv2%2Fcategories&post=1873"},{"taxonomy":"post_tag","embeddable":true,"href":"https:\/\/akdenizolaygazetesi.com\/index.php?rest_route=%2Fwp%2Fv2%2Ftags&post=1873"}],"curies":[{"name":"wp","href":"https:\/\/api.w.org\/{rel}","templated":true}]}}