{"id":18734,"date":"2022-05-17T12:52:37","date_gmt":"2022-05-17T09:52:37","guid":{"rendered":"http:\/\/akdenizolaygazetesi.com\/?p=18734"},"modified":"2022-05-17T12:52:37","modified_gmt":"2022-05-17T09:52:37","slug":"buyuksehirin-onculugunde-entegre-cocuk-politika-belgesi-calismalarinda-mersin-pilot-bolge-olacak","status":"publish","type":"post","link":"https:\/\/akdenizolaygazetesi.com\/?p=18734","title":{"rendered":"B\u00dcY\u00dcK\u015eEH\u0130R&#8217;\u0130N \u00d6NC\u00dcL\u00dc\u011e\u00dcNDE &#8216;ENTEGRE \u00c7OCUK POL\u0130T\u0130KA BELGES\u0130&#8217; \u00c7ALI\u015eMALARINDA MERS\u0130N P\u0130LOT B\u00d6LGE OLACAK"},"content":{"rendered":"<p>Mersin B\u00fcy\u00fck\u015fehir Belediyesi, &#8216;Entegre \u00c7ocuk Politika Belgesi&#8217; i\u00e7in \u00e7al\u0131\u015fmalara ba\u015flad\u0131. Entegre \u00c7ocuk Politika Belgesi, Mersin B\u00fcy\u00fck\u015fehir Belediyesi, UNICEF ve T\u00fcrkiye Belediyeler Birli\u011fi&#8217;nin i\u015f birli\u011finde olu\u015fturulacak. Bu \u00e7al\u0131\u015fma sayesinde Mersin pilot b\u00f6lge olacak. Bu kapsamda ilk toplant\u0131 ger\u00e7ekle\u015ftirildi.<br \/>\nB\u00fcy\u00fck\u015fehir, \u00e7ocuklara y\u00f6nelik hizmetlerini belgelendirecek<br \/>\n\u00c7al\u0131\u015fma alanlar\u0131ndan birisi her kamu kurumunda \u00e7ocuk politikas\u0131 olu\u015fturulmas\u0131 ve t\u00fcm T\u00fcrkiye&#8217;de yayg\u0131nla\u015ft\u0131r\u0131lmas\u0131 olan UNICEF ile i\u015f birli\u011fi yapan Mersin B\u00fcy\u00fck\u015fehir Belediyesi, \u00e7ocuklara y\u00f6nelik yapt\u0131\u011f\u0131 hizmetleri bir politika haline getirecek ve \u00e7ocuk odakl\u0131 b\u00fct\u00e7e olu\u015fturacak.<br \/>\nB\u00fcy\u00fck\u015fehir Belediyesi&#8217;nin farkl\u0131 daire ba\u015fkanl\u0131klar\u0131ndan ve UNICEF&#8217;ten temsilcilerin kat\u0131ld\u0131\u011f\u0131 ilk toplant\u0131da B\u00fcy\u00fck\u015fehir Belediyesi&#8217;nin \u00e7ocuklara y\u00f6nelik hizmetleri, Mersin genelinde \u00e7ocuk verileri, \u00e7ocukla ilgili sorun alanlar\u0131 ve neler yap\u0131labilece\u011fi konu\u015fuldu. \u00c7ocuklara y\u00f6nelik hizmetlerin politikala\u015ft\u0131r\u0131lmas\u0131 ve \u00e7ocuk dostu b\u00fct\u00e7elemenin yap\u0131labilmesi i\u00e7in de yol haritas\u0131n\u0131n konu\u015fuldu\u011fu toplant\u0131da, \u00e7ocuk dostu \u015fehirler, \u00e7ocuk eylem ve faaliyet planlamas\u0131-metodoloji-iyi \u00f6rnekler, Mersin B\u00fcy\u00fck\u015fehir Belediyesi taslak \u00e7ocuk eylem ve faaliyet plan\u0131n\u0131n haz\u0131rlanmas\u0131, taslak entegre \u00e7ocuk politika belgesinin haz\u0131rlanmas\u0131 konular\u0131 konu\u015fuldu.<br \/>\nToplant\u0131da yap\u0131lan at\u00f6lye \u00e7al\u0131\u015fmas\u0131nda 4 gruba ayr\u0131lan kat\u0131l\u0131mc\u0131lar, \u00e7ocuk koruma, \u00e7ocuk kat\u0131l\u0131m\u0131, \u00e7ocuk geli\u015fimi, sosyal i\u00e7erme, e\u011fitim ve sa\u011fl\u0131k konular\u0131 \u00fczerine \u00e7al\u0131\u015fma yapt\u0131. Kat\u0131l\u0131mc\u0131lar, 6 konu ba\u015fl\u0131\u011f\u0131 \u00fczerinde d\u00fc\u015f\u00fcncelerini, sorunlar\u0131n temelini, \u00e7\u00f6z\u00fcm \u00f6nerileri ve bu konularda payda\u015flar\u0131n kimler olabilece\u011fi \u00fczerine konu\u015ftu.<br \/>\n&#8220;Mersin B\u00fcy\u00fck\u015fehir Belediyesi \u00e7ocuk odakl\u0131 b\u00fct\u00e7e \u00e7al\u0131\u015fman\u0131n \u00f6nemli bir par\u00e7as\u0131&#8221;<br \/>\nToplant\u0131da Kad\u0131n ve Aile Hizmetleri Dairesi Aile ve \u00c7ocuk \u015eube M\u00fcd\u00fcr\u00fc Hasbi Salman hizmetlerin tan\u0131t\u0131ld\u0131\u011f\u0131 bir sunum ger\u00e7ekle\u015ftirdi. Kad\u0131n ve Aile Hizmetleri Dairesi Ba\u015fkan\u0131 \u015eerife Haso\u011flu Dokucu, Mersin B\u00fcy\u00fck\u015fehir Belediyesi olarak \u00e7ocuklara y\u00f6nelik hizmetleri, \u00e7ocuk haklar\u0131n\u0131n korunmas\u0131 ve e\u011fitim \u00e7al\u0131\u015fmalar\u0131na dair yap\u0131lanlar\u0131 anlatt\u0131.<br \/>\nUNICEF Sosyal Politika Sorumlusu G\u00f6rkem G\u00fcner, ger\u00e7ekle\u015ftirdi\u011fi sunumda \u00e7ocuk dostu \u015fehir kavram\u0131n\u0131 anlatt\u0131. G\u00fcner, &#8220;Biz UNICEF olarak 2018 y\u0131l\u0131ndan itibaren \u00e7ocuk odakl\u0131 b\u00fct\u00e7e \u00fczerine \u00e7al\u0131\u015f\u0131yoruz. Mersin B\u00fcy\u00fck\u015fehir Belediyesi de bu \u00e7al\u0131\u015fman\u0131n \u00f6nemli bir par\u00e7as\u0131 ve bizden desteklerini eksik etmediler. Bu yolda her t\u00fcrl\u00fc katk\u0131y\u0131 sa\u011flad\u0131lar. Biz zaten Mersin B\u00fcy\u00fck\u015fehir Belediyesi ile \u00e7al\u0131\u015f\u0131yoruz&#8221; dedi.<br \/>\nG\u00f6n\u00fcll\u00fc belediyeler i\u00e7in bir \u00e7ocuk politika belgesi olmas\u0131 gerekti\u011fi d\u00fc\u015f\u00fcncesinden yola \u00e7\u0131kt\u0131klar\u0131n\u0131 s\u00f6yleyen G\u00fcner, &#8220;Bu politika belgesi bize belediyenin asl\u0131nda \u00e7ocukla ilgili temel prensipler uygulad\u0131\u011f\u0131n\u0131, misyonunu, vizyonunu; ayn\u0131 zamanda da \u00e7ocukla ilgili eylemlerini g\u00f6sterecek. Kendi stratejisine de yans\u0131tabilece\u011fi bir politika belgesinden bahsediyoruz&#8221; diye konu\u015ftu.<br \/>\n&#8220;Amac\u0131m\u0131z ger\u00e7ek\u00e7i, uygulanabilir ve s\u00fcrekli hale gelebilecek bir format olu\u015fturmak&#8221;<br \/>\nUNICEF&#8217;te \u00c7ocuk Dostu B\u00fct\u00e7eleme ve \u00c7ocuk Dostu \u015eehir alan\u0131nda \u00e7al\u0131\u015fmalar y\u00fcr\u00fcten Ali Ercan \u00d6zg\u00fcr ise &#8220;Farkl\u0131 \u015fehirlerde pilot uygulamalar yap\u0131yoruz. Bu tip ara\u015ft\u0131rmalar zaman i\u00e7erisine yay\u0131lan ve de\u011fi\u015fimlerini g\u00f6rebildi\u011finiz \u00e7al\u0131\u015fmalar oluyor. Burada sevindirici olan geli\u015fme \u015fu; 10 y\u0131ldan beri elimizde ger\u00e7ekten veri olan tek \u015fehir Mersin. O a\u00e7\u0131dan da Mersin&#8217;e te\u015fekk\u00fcr ediyoruz. \u00c7\u00fcnk\u00fc bu tip \u00e7al\u0131\u015fmalarda s\u00fcreklilik \u00e7ok \u00f6nemli. Sizler belediyenin i\u00e7indesiniz ve bu i\u015flerin uygulamas\u0131 ve en zor k\u0131sm\u0131n\u0131 yapan insanlars\u0131n\u0131z. Asl\u0131nda uygulamay\u0131 bilen sizsiniz. Bizim yapt\u0131\u011f\u0131m\u0131z \u00e7al\u0131\u015fmalar yar\u0131 teorik, yar\u0131 rehber, yar\u0131 metot \u00fcretme \u00fczerine ama bunlar uygulamadan, sahadan beslenmedi\u011fi zaman hi\u00e7bir zaman ger\u00e7e\u011fi yans\u0131tam\u0131yor. Derdimiz sizlerin kat\u0131l\u0131m\u0131yla bunu olabildi\u011fince ger\u00e7ek\u00e7i, uygulanabilir ve s\u00fcrekli hale gelebilecek bir format olu\u015fturmak&#8221; ifadelerini kulland\u0131.<br \/>\nToplant\u0131n\u0131n ikinci g\u00fcn\u00fcne ise sivil toplum kurulu\u015flar\u0131, oda ve dernek temsilcileri kat\u0131ld\u0131. Birinci g\u00fcn ger\u00e7ekle\u015ftirilen konu ba\u015fl\u0131klar\u0131 \u00fczerinden birlikte yap\u0131labilecek \u00e7al\u0131\u015fmalar \u00fczerinde duruldu.<\/p>\n","protected":false},"excerpt":{"rendered":"<p>Mersin B\u00fcy\u00fck\u015fehir Belediyesi, &#8216;Entegre \u00c7ocuk Politika Belgesi&#8217; i\u00e7in \u00e7al\u0131\u015fmalara ba\u015flad\u0131. Entegre \u00c7ocuk Politika Belgesi, Mersin B\u00fcy\u00fck\u015fehir Belediyesi, UNICEF ve T\u00fcrkiye Belediyeler Birli\u011fi&#8217;nin i\u015f birli\u011finde olu\u015fturulacak. Bu \u00e7al\u0131\u015fma sayesinde Mersin pilot &hellip; <a href=\"https:\/\/akdenizolaygazetesi.com\/?p=18734\" class=\"more-link\">Devam\u0131n\u0131 Oku&#8230;<\/a><\/p>\n","protected":false},"author":2,"featured_media":18735,"comment_status":"open","ping_status":"open","sticky":false,"template":"","format":"standard","meta":[],"categories":[1,2,3],"tags":[],"_links":{"self":[{"href":"https:\/\/akdenizolaygazetesi.com\/index.php?rest_route=\/wp\/v2\/posts\/18734"}],"collection":[{"href":"https:\/\/akdenizolaygazetesi.com\/index.php?rest_route=\/wp\/v2\/posts"}],"about":[{"href":"https:\/\/akdenizolaygazetesi.com\/index.php?rest_route=\/wp\/v2\/types\/post"}],"author":[{"embeddable":true,"href":"https:\/\/akdenizolaygazetesi.com\/index.php?rest_route=\/wp\/v2\/users\/2"}],"replies":[{"embeddable":true,"href":"https:\/\/akdenizolaygazetesi.com\/index.php?rest_route=%2Fwp%2Fv2%2Fcomments&post=18734"}],"version-history":[{"count":1,"href":"https:\/\/akdenizolaygazetesi.com\/index.php?rest_route=\/wp\/v2\/posts\/18734\/revisions"}],"predecessor-version":[{"id":18736,"href":"https:\/\/akdenizolaygazetesi.com\/index.php?rest_route=\/wp\/v2\/posts\/18734\/revisions\/18736"}],"wp:featuredmedia":[{"embeddable":true,"href":"https:\/\/akdenizolaygazetesi.com\/index.php?rest_route=\/wp\/v2\/media\/18735"}],"wp:attachment":[{"href":"https:\/\/akdenizolaygazetesi.com\/index.php?rest_route=%2Fwp%2Fv2%2Fmedia&parent=18734"}],"wp:term":[{"taxonomy":"category","embeddable":true,"href":"https:\/\/akdenizolaygazetesi.com\/index.php?rest_route=%2Fwp%2Fv2%2Fcategories&post=18734"},{"taxonomy":"post_tag","embeddable":true,"href":"https:\/\/akdenizolaygazetesi.com\/index.php?rest_route=%2Fwp%2Fv2%2Ftags&post=18734"}],"curies":[{"name":"wp","href":"https:\/\/api.w.org\/{rel}","templated":true}]}}