{"id":18737,"date":"2022-05-17T12:53:59","date_gmt":"2022-05-17T09:53:59","guid":{"rendered":"http:\/\/akdenizolaygazetesi.com\/?p=18737"},"modified":"2022-05-17T12:53:59","modified_gmt":"2022-05-17T09:53:59","slug":"egitim-merkezi-olmayan-ilce-kalmayacak","status":"publish","type":"post","link":"https:\/\/akdenizolaygazetesi.com\/?p=18737","title":{"rendered":"E\u011e\u0130T\u0130M MERKEZ\u0130 OLMAYAN \u0130L\u00c7E KALMAYACAK"},"content":{"rendered":"<p>AK Parti Mersin Milletvekili ve TBMM Anayasa Komisyonu Katip \u00dcyesi Av. Zeynep G\u00fcl Y\u0131lmaz, Mersin&#8217;e yap\u0131lan gen\u00e7lik yat\u0131r\u0131mlar\u0131na devam ettiklerini belirterek, &#8220;Proje a\u015famas\u0131nda olan Yeni\u015fehir, Akdeniz, Toroslar ve Tarsus gen\u00e7lik merkezlerimiz ile yat\u0131r\u0131m program\u0131na al\u0131nan Anamur, G\u00fclnar, Erdemli ve Silifke gen\u00e7lik merkezlerinin \u00f6denekleri geldi. Bozyaz\u0131 ve Ayd\u0131nc\u0131k il\u00e7elerimiz i\u00e7in de g\u00f6r\u00fc\u015fmelerimiz s\u00fcr\u00fcyor. B\u00f6ylelikle t\u00fcm il\u00e7elerimiz, gen\u00e7lik merkezlerine kavu\u015fmu\u015f olacak. Gen\u00e7lerimize hay\u0131rl\u0131 olsun&#8221; dedi.<br \/>\n Bir a\u00e7\u0131klama yapan Milletvekili Zeynep G\u00fcl Y\u0131lmaz, Mersin ve il\u00e7elerine yat\u0131r\u0131m yap\u0131lmas\u0131 i\u00e7in ilgili bakanlar ile g\u00f6r\u00fc\u015fmeler ger\u00e7ekle\u015ftirerek isti\u015farelerde bulundu\u011funu, vatanda\u015flar\u0131n talep ve ihtiya\u00e7lar\u0131n\u0131 iletti\u011fini s\u00f6yledi. &#8220;Gen\u00e7lik gelece\u011fin tohumudur.&#8221; \u015fiar\u0131yla hareket ettiklerini belirten Y\u0131lmaz, AK Parti h\u00fck\u00fcmetleri olarak son 20 y\u0131lda gen\u00e7lerine sahip \u00e7\u0131kan, de\u011fer veren ve onlar i\u00e7in yat\u0131r\u0131m yapan bir politika izlediklerinin alt\u0131n\u0131 \u00e7izdi.<br \/>\n            E\u011e\u0130T\u0130M MERKEZ\u0130 OLMAYAN \u0130L\u00c7E KALMAYACAK<br \/>\nE\u011fitim altyap\u0131s\u0131n\u0131 g\u00fc\u00e7lendirmekten burslara, bar\u0131nmadan teknoloji ve spora, istihdamdan destek ve te\u015fvik paketlerine kadar gen\u00e7ler i\u00e7in pek \u00e7ok ad\u0131m att\u0131klar\u0131n\u0131 vurgulayan Milletvekili Zeynep G\u00fcl Y\u0131lmaz, &#8220;Giri\u015fimlerimiz sonucu Mersin&#8217;imize, gen\u00e7lerimize y\u00f6nelik bir\u00e7ok yat\u0131r\u0131m yapt\u0131k. Son olarak ihale a\u015famas\u0131nda olan Toroslar Spor Salonu ile proje a\u015famas\u0131nda bulunan Yeni\u015fehir, Akdeniz, Toroslar ve Tarsus gen\u00e7lik merkezleri ve yat\u0131r\u0131m program\u0131na al\u0131nan Tarsus 1000 Ki\u015filik \u00d6\u011frenci Yurdu, Anamur, G\u00fclnar, Erdemli ve Silifke gen\u00e7lik merkezleri ile Silifke Spor Salonunun yap\u0131m\u0131 i\u00e7in \u00f6denekler geldi. Bu yat\u0131r\u0131mlar en k\u0131sa s\u00fcrede tamamlanarak gen\u00e7lerimizin hizmetine sunulacak. Bozyaz\u0131 ve Ayd\u0131nc\u0131k il\u00e7elerimize yap\u0131lacak gen\u00e7lik merkezlerimiz i\u00e7in de g\u00f6r\u00fc\u015fmelerimiz s\u00fcr\u00fcyor, in\u015fallah bunlar\u0131 da tamamlayaca\u011f\u0131z. B\u00f6ylelikle t\u00fcm il\u00e7elerimiz Gen\u00e7lik Merkezine kavu\u015fmu\u015f olacak. \u0130limize, hem\u015fehrilerimize ve gen\u00e7lerimize hay\u0131rl\u0131 u\u011furlu olsun.&#8221; diye konu\u015ftu.<br \/>\nYAPIMI DEVAM EDEN PROJELER<br \/>\nGen\u00e7lerin \u00e7abalar\u0131 ve \u00e7al\u0131\u015fmalar\u0131yla daha b\u00fcy\u00fck ba\u015far\u0131lara imza atacaklar\u0131n\u0131 kaydeden Y\u0131lmaz, Mersin&#8217;e 20 y\u0131lda kazand\u0131rd\u0131klar\u0131 gen\u00e7lik yat\u0131r\u0131mlar\u0131n\u0131n yan\u0131 s\u0131ra hali haz\u0131rda yap\u0131m\u0131 devam eden bir\u00e7ok proje oldu\u011funu an\u0131msatt\u0131. Gen\u00e7lerin, ayd\u0131nl\u0131k yar\u0131nlar\u0131n teminat\u0131 oldu\u011funu belirten Milletvekili Y\u0131lmaz, \u015f\u00f6yle devam etti:<br \/>\n&#8220;Mersin&#8217;imize gen\u00e7lik yat\u0131r\u0131mlar\u0131m\u0131z devam ediyor. Ocak ay\u0131nda yap\u0131m\u0131na ba\u015flanan Mersin 1000+1500 ki\u015filik \u00f6\u011frenci yurdu ile Mersin Engelsiz Gen\u00e7lik Merkezi, Ta\u015fucu K\u0131z \u00d6\u011frenci Yurdu G\u00fc\u00e7lendirme ve Modernizasyonu, Erdemli At\u0131\u015f Poligonu Bak\u0131m, Onar\u0131m ve Modernizasyonu, Silifke Akkum Gen\u00e7lik Kamp\u0131 modernizasyonu ve Mut Gen\u00e7lik Merkezi \u00e7evre d\u00fczenlemesi s\u00fcr\u00fcyor. Hayata ge\u00e7irdi\u011fimiz t\u00fcm bu yat\u0131r\u0131mlar\u0131m\u0131zla gen\u00e7lerimiz, b\u00fcy\u00fcyen ve g\u00fc\u00e7lenen bir \u00fclkenin vatanda\u015flar\u0131 olarak gelece\u011fe, kendilerini en g\u00fczel \u015fekilde haz\u0131rlama imkan\u0131 buluyor. Daha donan\u0131ml\u0131, \u00f6zg\u00fcven ve ahlak sahibi bireyler olarak spordan sanata, bilimden teknolojiye kadar her alanda ba\u015far\u0131 grafi\u011fini y\u00fckseltiyor. Bu imkan\u0131 sa\u011flayan ba\u015fta Cumhurba\u015fkan\u0131m\u0131z Say\u0131n Recep Tayyip Erdo\u011fan olmak \u00fczere, Gen\u00e7lik ve Spor Bakan\u0131m\u0131z Sn. Mehmet Muharrem Kasapo\u011flu ve t\u00fcm ilgililere Mersin&#8217;li gen\u00e7lerimiz ve hem\u015fehrilerimiz ad\u0131na te\u015fekk\u00fcrlerimi sunuyorum.&#8221;<\/p>\n","protected":false},"excerpt":{"rendered":"<p>AK Parti Mersin Milletvekili ve TBMM Anayasa Komisyonu Katip \u00dcyesi Av. Zeynep G\u00fcl Y\u0131lmaz, Mersin&#8217;e yap\u0131lan gen\u00e7lik yat\u0131r\u0131mlar\u0131na devam ettiklerini belirterek, &#8220;Proje a\u015famas\u0131nda olan Yeni\u015fehir, Akdeniz, Toroslar ve Tarsus gen\u00e7lik &hellip; <a href=\"https:\/\/akdenizolaygazetesi.com\/?p=18737\" class=\"more-link\">Devam\u0131n\u0131 Oku&#8230;<\/a><\/p>\n","protected":false},"author":2,"featured_media":18738,"comment_status":"open","ping_status":"open","sticky":false,"template":"","format":"standard","meta":[],"categories":[2,3,5],"tags":[],"_links":{"self":[{"href":"https:\/\/akdenizolaygazetesi.com\/index.php?rest_route=\/wp\/v2\/posts\/18737"}],"collection":[{"href":"https:\/\/akdenizolaygazetesi.com\/index.php?rest_route=\/wp\/v2\/posts"}],"about":[{"href":"https:\/\/akdenizolaygazetesi.com\/index.php?rest_route=\/wp\/v2\/types\/post"}],"author":[{"embeddable":true,"href":"https:\/\/akdenizolaygazetesi.com\/index.php?rest_route=\/wp\/v2\/users\/2"}],"replies":[{"embeddable":true,"href":"https:\/\/akdenizolaygazetesi.com\/index.php?rest_route=%2Fwp%2Fv2%2Fcomments&post=18737"}],"version-history":[{"count":1,"href":"https:\/\/akdenizolaygazetesi.com\/index.php?rest_route=\/wp\/v2\/posts\/18737\/revisions"}],"predecessor-version":[{"id":18739,"href":"https:\/\/akdenizolaygazetesi.com\/index.php?rest_route=\/wp\/v2\/posts\/18737\/revisions\/18739"}],"wp:featuredmedia":[{"embeddable":true,"href":"https:\/\/akdenizolaygazetesi.com\/index.php?rest_route=\/wp\/v2\/media\/18738"}],"wp:attachment":[{"href":"https:\/\/akdenizolaygazetesi.com\/index.php?rest_route=%2Fwp%2Fv2%2Fmedia&parent=18737"}],"wp:term":[{"taxonomy":"category","embeddable":true,"href":"https:\/\/akdenizolaygazetesi.com\/index.php?rest_route=%2Fwp%2Fv2%2Fcategories&post=18737"},{"taxonomy":"post_tag","embeddable":true,"href":"https:\/\/akdenizolaygazetesi.com\/index.php?rest_route=%2Fwp%2Fv2%2Ftags&post=18737"}],"curies":[{"name":"wp","href":"https:\/\/api.w.org\/{rel}","templated":true}]}}