{"id":1874,"date":"2020-11-04T18:22:25","date_gmt":"2020-11-04T15:22:25","guid":{"rendered":"http:\/\/mersinekonomipolitikagazetesi.com\/?p=1874"},"modified":"2020-11-04T18:22:25","modified_gmt":"2020-11-04T15:22:25","slug":"saadet-partisi-secim-startini-verdi","status":"publish","type":"post","link":"https:\/\/akdenizolaygazetesi.com\/?p=1874","title":{"rendered":"SAADET PART\u0130S\u0130 SE\u00c7\u0130M STARTINI VERD\u0130"},"content":{"rendered":"<p>Mersin\u2019de Saadet Partisi ayl\u0131k il divan toplant\u0131s\u0131n\u0131 Tarsus\u2019ta ger\u00e7ekle\u015ftirdi.<\/p>\n<blockquote type=\"cite\">\n<div dir=\"ltr\">\n<p><span style=\"font-size:16px;\">Tarsus\u2019ta ger\u00e7ekle\u015fen toplant\u0131ya Saadet Partili kad\u0131n kollar\u0131 b\u00fcy\u00fck bir kat\u0131l\u0131m g\u00f6sterdi. Kad\u0131n kollar\u0131n\u0131n kat\u0131ld\u0131\u011f\u0131 toplant\u0131da se\u00e7im start\u0131 verildi.\u00a0<\/span><\/p>\n<p><span style=\"font-size:16px;\">Toplant\u0131da; 1 may\u0131sta a\u00e7\u0131klanacak olan cumhurba\u015fkan\u0131 aday\u0131n\u0131 desteklemek i\u00e7in \u00e7ok \u00e7al\u0131\u015fmak gerekti\u011fi ve y\u00fcz bin imza i\u00e7in gayret g\u00f6sterilmesi vurguland\u0131.<\/span><\/p>\n<p><span style=\"font-size:16px;\">\u00a0Ger\u00e7ekle\u015fen ayl\u0131k il toplant\u0131s\u0131nda insanlara g\u00fclery\u00fczle, ho\u015fg\u00f6r\u00fc ile ba\u011f\u0131r\u0131p \u00e7a\u011f\u0131rmadan yakla\u015f\u0131lmas\u0131n\u0131n \u00f6nemi \u00fczerinde duruldu.<\/span><\/p>\n<p>\u00a0<\/p>\n<div>\n<p><span style=\"font-size:16px;\">24 Haziran se\u00e7imlerinin \u00fclke ve t\u00fcm \u0130slam alemine hay\u0131rl\u0131 olmas\u0131 y\u00f6n\u00fcnde temennide bulunarak toplant\u0131 sona erdi.<\/span><\/p>\n<\/div>\n<\/div>\n<\/blockquote>\n","protected":false},"excerpt":{"rendered":"<p>Mersin\u2019de Saadet Partisi ayl\u0131k il divan toplant\u0131s\u0131n\u0131 Tarsus\u2019ta ger\u00e7ekle\u015ftirdi. Tarsus\u2019ta ger\u00e7ekle\u015fen toplant\u0131ya Saadet Partili kad\u0131n kollar\u0131 b\u00fcy\u00fck bir kat\u0131l\u0131m g\u00f6sterdi. Kad\u0131n kollar\u0131n\u0131n kat\u0131ld\u0131\u011f\u0131 toplant\u0131da se\u00e7im start\u0131 verildi.\u00a0 Toplant\u0131da; 1 may\u0131sta &hellip; <a href=\"https:\/\/akdenizolaygazetesi.com\/?p=1874\" class=\"more-link\">Devam\u0131n\u0131 Oku&#8230;<\/a><\/p>\n","protected":false},"author":1,"featured_media":0,"comment_status":"open","ping_status":"open","sticky":false,"template":"","format":"standard","meta":[],"categories":[],"tags":[],"_links":{"self":[{"href":"https:\/\/akdenizolaygazetesi.com\/index.php?rest_route=\/wp\/v2\/posts\/1874"}],"collection":[{"href":"https:\/\/akdenizolaygazetesi.com\/index.php?rest_route=\/wp\/v2\/posts"}],"about":[{"href":"https:\/\/akdenizolaygazetesi.com\/index.php?rest_route=\/wp\/v2\/types\/post"}],"author":[{"embeddable":true,"href":"https:\/\/akdenizolaygazetesi.com\/index.php?rest_route=\/wp\/v2\/users\/1"}],"replies":[{"embeddable":true,"href":"https:\/\/akdenizolaygazetesi.com\/index.php?rest_route=%2Fwp%2Fv2%2Fcomments&post=1874"}],"version-history":[{"count":0,"href":"https:\/\/akdenizolaygazetesi.com\/index.php?rest_route=\/wp\/v2\/posts\/1874\/revisions"}],"wp:attachment":[{"href":"https:\/\/akdenizolaygazetesi.com\/index.php?rest_route=%2Fwp%2Fv2%2Fmedia&parent=1874"}],"wp:term":[{"taxonomy":"category","embeddable":true,"href":"https:\/\/akdenizolaygazetesi.com\/index.php?rest_route=%2Fwp%2Fv2%2Fcategories&post=1874"},{"taxonomy":"post_tag","embeddable":true,"href":"https:\/\/akdenizolaygazetesi.com\/index.php?rest_route=%2Fwp%2Fv2%2Ftags&post=1874"}],"curies":[{"name":"wp","href":"https:\/\/api.w.org\/{rel}","templated":true}]}}