{"id":18743,"date":"2022-05-17T12:58:18","date_gmt":"2022-05-17T09:58:18","guid":{"rendered":"http:\/\/akdenizolaygazetesi.com\/?p=18743"},"modified":"2022-05-17T12:58:18","modified_gmt":"2022-05-17T09:58:18","slug":"secer-sporun-gelismesi-adina-her-turlu-katkiyi-yapma-cabasi-icerisindeyiz","status":"publish","type":"post","link":"https:\/\/akdenizolaygazetesi.com\/?p=18743","title":{"rendered":"SE\u00c7ER: &#8220;SPORUN GEL\u0130\u015eMES\u0130 ADINA HER T\u00dcRL\u00dc KATKIYI YAPMA \u00c7ABASI \u0130\u00c7ER\u0130S\u0130NDEY\u0130Z&#8221;"},"content":{"rendered":"<p>Mersin B\u00fcy\u00fck\u015fehir Belediyesi Gen\u00e7lik ve Spor Hizmetleri Dairesi, 19 May\u0131s Atat\u00fcrk&#8217;\u00fc Anma, Gen\u00e7lik ve Spor Bayram\u0131 dolay\u0131s\u0131yla ba\u015flatt\u0131\u011f\u0131 kutlama etkinlikleri kapsam\u0131nda spor camias\u0131yla bulu\u015fma yeme\u011fi d\u00fczenledi. Spor camias\u0131yla yemekte bir araya gelen Mersin B\u00fcy\u00fck\u015fehir Belediye Ba\u015fkan\u0131 Vahap Se\u00e7er, spora verdikleri \u00f6nemi anlat\u0131rken, &#8220;\u00dclkemizde sporun geli\u015fmesi ad\u0131na her t\u00fcrl\u00fc katk\u0131y\u0131 yapma \u00e7abas\u0131 i\u00e7erisindeyiz&#8221; dedi.<br \/>\nYeme\u011fe, Ba\u015fkan Se\u00e7er&#8217;in yan\u0131 s\u0131ra AK Parti Mersin Milletvekili Hac\u0131 \u00d6zkan, Gen\u00e7lik ve Spor \u0130l M\u00fcd\u00fcr\u00fc \u00d6kke\u015f Demir, T\u00fcrkiye Satran\u00e7 Federasyonu Genel Ba\u015fkan\u0131 G\u00fclk\u0131z T\u00fclay, Mersin Amat\u00f6r Spor Kul\u00fcpleri Federasyonu Ba\u015fkan\u0131 Mithat Erta\u015f, Mersin B\u00fcy\u00fck\u015fehir Belediyesi Gen\u00e7lik ve Spor Kul\u00fcb\u00fc Ba\u015fkan\u0131 \u00d6zg\u00fcr Timur, \u0130\u00e7el \u0130dman Yurdu Ba\u015fkan\u0131 Metin Salt\u0131k, B\u00fcy\u00fck\u015fehir Belediyesi b\u00fcrokratlar\u0131, daire ba\u015fkanlar\u0131, Meclis \u00fcyeleri, siyasi parti temsilcileri ile spor camias\u0131ndan \u00e7ok say\u0131da ki\u015fi kat\u0131ld\u0131.<br \/>\n&#8220;Spora harcanan her emek helal olsun&#8221;<br \/>\nBa\u015fkan Se\u00e7er, ama\u00e7lar\u0131n\u0131n bir arada olmak oldu\u011funu belirterek, &#8220;Burada spor camiam\u0131z\u0131n \u00e7ok de\u011ferli emektarlar\u0131 var. Herkes kendi imk\u00e2nlar\u0131 d\u00e2hilinde \u00f6nemli, g\u00fczel i\u015fler yap\u0131yor. Spora harcanan her emek helal olsun. Spor demek; bar\u0131\u015f, karde\u015flik, ho\u015fg\u00f6r\u00fc, ekip \u00e7al\u0131\u015fmas\u0131, yard\u0131mla\u015fma, rengi, kimli\u011fi, siyasi g\u00f6r\u00fc\u015f\u00fc ne olursa olsun ortak bir ama\u00e7 ve ba\u015far\u0131 i\u00e7in bir arada olan insanlar toplulu\u011fu demek. Toplum ad\u0131na \u00f6nemli \u00f6zellikleri i\u00e7inde bar\u0131nd\u0131ran bu alanda emek edenlere te\u015fekk\u00fcrlerimi iletmek istiyorum&#8221; dedi. Kendisinin de sporcu bir ge\u00e7mi\u015fi oldu\u011funu, ya\u015fam\u0131nda spora b\u00fcy\u00fck \u00f6nem verdi\u011fini ifade eden Se\u00e7er, &#8220;\u00dclkemizde sporun geli\u015fmesi ad\u0131na her t\u00fcrl\u00fc katk\u0131y\u0131 yapma \u00e7abas\u0131 i\u00e7erisindeyiz&#8221; diye konu\u015ftu.<br \/>\n&#8220;Mersin sadece T\u00fcrkiye&#8217;de de\u011fil, d\u00fcnyada sportif faaliyetlerle an\u0131ls\u0131n, tan\u0131ns\u0131n isterim&#8221;<br \/>\nG\u00f6reve geldikten k\u0131sa bir s\u00fcre sonra ya\u015fanan pandeminin sportif faaliyetlere de sekte vurdu\u011funu an\u0131msatan Ba\u015fkan Se\u00e7er, &#8220;Bu belki bir araya geli\u015flerimizi, Mersin&#8217;de sporun, amat\u00f6r kul\u00fcplerimizin i\u00e7inde bulundu\u011fu durumlar\u0131 konu\u015fmak, tart\u0131\u015fmak ve bu sorunlara \u00e7\u00f6z\u00fcm bulmak konusunda bizi biraz geri tuttu. Ama art\u0131k hayat normalle\u015fiyor. Hi\u00e7bir \u015feyin amas\u0131, fakat\u0131, lakini, gerek\u00e7esi kalmad\u0131. Ben spor camias\u0131yla \u00e7ok daha yak\u0131n olmak isterim. Mersin&#8217;de spor camias\u0131n\u0131 \u00e7ok daha iyi tan\u0131mak isterim. \u00c7ok daha iyi katk\u0131 yapmak isterim. Mersin sadece T\u00fcrkiye&#8217;de de\u011fil, d\u00fcnyada sportif faaliyetlerle an\u0131ls\u0131n, tan\u0131ns\u0131n isterim. Bu anlay\u0131\u015f\u0131mdan yola \u00e7\u0131karak bundan sonraki ili\u015fkileri daha iyi d\u00fczenleyece\u011fimizi d\u00fc\u015f\u00fcn\u00fcyorum&#8221; dedi.<br \/>\n&#8220;Ulusal ve uluslararas\u0131 bir\u00e7ok alanda etkinliklerimiz artarak devam edecek&#8221;<br \/>\nBelediye ba\u015fkanl\u0131\u011f\u0131 makam\u0131n\u0131n siyaset yapma alan\u0131 olmad\u0131\u011f\u0131n\u0131 vurgulayan ve &#8220;Spor camias\u0131ndaki herkes benim karde\u015fimdir&#8221; diyen Ba\u015fkan Se\u00e7er, B\u00fcy\u00fck\u015fehir Belediyesi olarak spora desteklerini sonuna kadar s\u00fcrd\u00fcreceklerini belirtti. Se\u00e7er, &#8220;Bundan sonraki s\u00fcre\u00e7te Mersin B\u00fcy\u00fck\u015fehir Belediyesi olarak etkin alanlarda, do\u011fru projelerde etkinliklerimizi art\u0131raca\u011f\u0131z. Uluslararas\u0131 Maratonu bu y\u0131l pandemi dolay\u0131s\u0131yla ger\u00e7ekle\u015ftiremedik. Gelecek y\u0131l bunu ger\u00e7ekle\u015ftirece\u011fiz. Ge\u00e7ti\u011fimiz y\u0131l Eyl\u00fcl ay\u0131nda Tarsus Yar\u0131 Maratonu&#8217;nu ger\u00e7ekle\u015ftirdik. Yine bu y\u0131l\u0131n Eyl\u00fcl ay\u0131nda ger\u00e7ekle\u015ftirece\u011fiz. Bunun gibi ulusal ve uluslararas\u0131 bir\u00e7ok alanda etkinliklerimiz artarak devam edecek&#8221; diye konu\u015ftu.<br \/>\nHac\u0131 \u00d6zkan: &#8220;Spor camias\u0131ndaki birlik, beraberlik ve karde\u015fli\u011fin apayr\u0131 bir \u00f6nemi var&#8221;<br \/>\nAK Parti Mersin Milletvekili Hac\u0131 \u00d6zkan, 1996 y\u0131l\u0131nda \u00c7ay Spor Kul\u00fcb\u00fcn\u00fc kurduklar\u0131n\u0131 ve 25 sene boyunca spor camias\u0131na emek verdi\u011fini s\u00f6yledi. \u00d6zkan, &#8220;Halen spor camias\u0131na elimizden geldi\u011fi kadar emek veriyoruz, katk\u0131 sunuyoruz. Hakikaten spor camias\u0131ndaki birlik, beraberlik ve karde\u015fli\u011fin apayr\u0131 bir \u00f6nemi var. G\u00f6r\u00fcyorum ki bu birlik ve beraberlik, karde\u015flik halen devam ediyor. 19 May\u0131s Gen\u00e7lik ve Spor Bayram\u0131&#8217;ndan dolay\u0131 B\u00fcy\u00fck\u015fehir Belediye Ba\u015fkan\u0131m\u0131z bizleri bir araya getirdi. Ba\u015fta B\u00fcy\u00fck\u015fehir Belediye Ba\u015fkan\u0131m\u0131z olmak \u00fczere eme\u011fi ge\u00e7en t\u00fcm arkada\u015flara te\u015fekk\u00fcr ediyoruz&#8221; dedi.<\/p>\n","protected":false},"excerpt":{"rendered":"<p>Mersin B\u00fcy\u00fck\u015fehir Belediyesi Gen\u00e7lik ve Spor Hizmetleri Dairesi, 19 May\u0131s Atat\u00fcrk&#8217;\u00fc Anma, Gen\u00e7lik ve Spor Bayram\u0131 dolay\u0131s\u0131yla ba\u015flatt\u0131\u011f\u0131 kutlama etkinlikleri kapsam\u0131nda spor camias\u0131yla bulu\u015fma yeme\u011fi d\u00fczenledi. Spor camias\u0131yla yemekte bir &hellip; <a href=\"https:\/\/akdenizolaygazetesi.com\/?p=18743\" class=\"more-link\">Devam\u0131n\u0131 Oku&#8230;<\/a><\/p>\n","protected":false},"author":2,"featured_media":18744,"comment_status":"open","ping_status":"open","sticky":false,"template":"","format":"standard","meta":[],"categories":[2,3,5,10],"tags":[],"_links":{"self":[{"href":"https:\/\/akdenizolaygazetesi.com\/index.php?rest_route=\/wp\/v2\/posts\/18743"}],"collection":[{"href":"https:\/\/akdenizolaygazetesi.com\/index.php?rest_route=\/wp\/v2\/posts"}],"about":[{"href":"https:\/\/akdenizolaygazetesi.com\/index.php?rest_route=\/wp\/v2\/types\/post"}],"author":[{"embeddable":true,"href":"https:\/\/akdenizolaygazetesi.com\/index.php?rest_route=\/wp\/v2\/users\/2"}],"replies":[{"embeddable":true,"href":"https:\/\/akdenizolaygazetesi.com\/index.php?rest_route=%2Fwp%2Fv2%2Fcomments&post=18743"}],"version-history":[{"count":1,"href":"https:\/\/akdenizolaygazetesi.com\/index.php?rest_route=\/wp\/v2\/posts\/18743\/revisions"}],"predecessor-version":[{"id":18745,"href":"https:\/\/akdenizolaygazetesi.com\/index.php?rest_route=\/wp\/v2\/posts\/18743\/revisions\/18745"}],"wp:featuredmedia":[{"embeddable":true,"href":"https:\/\/akdenizolaygazetesi.com\/index.php?rest_route=\/wp\/v2\/media\/18744"}],"wp:attachment":[{"href":"https:\/\/akdenizolaygazetesi.com\/index.php?rest_route=%2Fwp%2Fv2%2Fmedia&parent=18743"}],"wp:term":[{"taxonomy":"category","embeddable":true,"href":"https:\/\/akdenizolaygazetesi.com\/index.php?rest_route=%2Fwp%2Fv2%2Fcategories&post=18743"},{"taxonomy":"post_tag","embeddable":true,"href":"https:\/\/akdenizolaygazetesi.com\/index.php?rest_route=%2Fwp%2Fv2%2Ftags&post=18743"}],"curies":[{"name":"wp","href":"https:\/\/api.w.org\/{rel}","templated":true}]}}