{"id":1875,"date":"2020-11-04T18:22:25","date_gmt":"2020-11-04T15:22:25","guid":{"rendered":"http:\/\/mersinekonomipolitikagazetesi.com\/?p=1875"},"modified":"2020-11-04T18:22:25","modified_gmt":"2020-11-04T15:22:25","slug":"esnaf-yerelde-chpye-sicak-bakmiyor","status":"publish","type":"post","link":"https:\/\/akdenizolaygazetesi.com\/?p=1875","title":{"rendered":"ESNAF YERELDE CHP\u2019YE SICAK BAKMIYOR!"},"content":{"rendered":"<p>CHP\u2019li y\u00f6neticiler Mersin yerelde yo\u011fun bir \u00e7al\u0131\u015fma g\u00f6sterdiklerini belirtirken, Mersin esnaf\u0131 ise ayn\u0131 g\u00f6r\u00fc\u015fte olmad\u0131\u011f\u0131n\u0131 dile getirdi.<\/p>\n<blockquote type=\"cite\">\n<div dir=\"ltr\">\n<p><span style=\"font-size:16px;\">\u00d6nceki y\u0131llarda Mersin B\u00fcy\u00fck\u015fehir Belediyesi\u2019nin CHP\u2019nin b\u00fcnyesinde oldu\u011funu belirten esnaf, Mersin esnaf\u0131 i\u00e7in hi\u00e7bir \u015fey yapmad\u0131klar\u0131n\u0131n alt\u0131n\u0131 \u00e7izdi.<\/span><\/p>\n<p><span style=\"font-size:16px;\">Mersin B\u00fcy\u00fck\u015fehir Belediyesi\u2019nin MHP\u2019nin b\u00fcnyesinde \u00e7al\u0131\u015fmas\u0131yla \u00e7ok \u00f6nemli ba\u015far\u0131lara imza att\u0131klar\u0131 belirtildi.<\/span><\/p>\n<p><span style=\"font-size:16px;\">Bu ba\u015far\u0131lar\u0131n devam etmesi halinde bir sonraki se\u00e7imde de esnaf\u0131 arkas\u0131na alaca\u011f\u0131 kaydedildi.<\/span><\/p>\n<p>\u00a0<\/p>\n<p><span style=\"font-size:16px;\">\u201cPEK\u0130 CHP NE YAPTI?\u201d<\/span><\/p>\n<p>\u00a0<\/p>\n<p><span style=\"font-size:16px;\">CHP\u2019li y\u00f6neticilerin yerelde \u00f6nceki d\u00f6nemlerde Mersin i\u00e7in hi\u00e7bir faaliyet g\u00f6stermedi\u011fini aktaran esnaf: \u201c\u015eimdiki d\u00f6nemde MHP Mersin\u2019e \u00e7ok iyi i\u015fler \u00e7\u0131kard\u0131. E\u011fer bir sonraki d\u00f6nem i\u00e7in yine MHP \u00e7\u0131karsa Mersin\u2019de daha \u00e7ok planlar\u0131 oldu\u011fu belirtildi. Mersin hayat\u0131nda hi\u00e7 batt\u0131-\u00e7\u0131kt\u0131 g\u00f6rmemi\u015fti. MHP sayesinde bunlar hepsi oldu. Sahil \u00e7al\u0131\u015fmalar\u0131 inan\u0131lmaz derece de yap\u0131ld\u0131 ve devam ediyor. Mersin\u2019de en kuytu k\u00f6\u015felere, il\u00e7elerdeki k\u00f6ylere kadar\u00a0 vatanda\u015fa hizmet gitti. Peki CHP ne yapt\u0131? \u00d6nceki y\u0131llarda Mersin i\u00e7in hi\u00e7bir \u015fey yapmad\u0131lar. Bu d\u00f6nemde yerelde ba\u015fa gelseler bile ne yapacaklar!\u201d ifadelerini kulland\u0131.<\/span><\/p>\n<p>\u00a0<\/p>\n<p><span style=\"font-size:16px;\">\u201cH\u0130\u00c7B\u0130R FAAL\u0130YET\u0130N\u0130 G\u00d6RMED\u0130K D\u0130YEB\u0130L\u0130R\u0130Z\u201d<\/span><\/p>\n<p>\u00a0<\/p>\n<p><span style=\"font-size:16px;\">Yerel se\u00e7im ile ilgili s\u00f6zlerini dile getiren ba\u015fka bir esnaf ise \u015funlar\u0131 kaydetti: \u201cSe\u00e7imleri kim kazan\u0131r. Se\u00e7imleri kazanacak olanlar bu \u00fclke ve iller i\u00e7in yapt\u0131klar\u0131 faaliyettir. Ama bu \u00e7al\u0131\u015fmalar\u0131n\u0131 vatanda\u015fa y\u00f6nelik yapmad\u0131lar m\u0131 vatanda\u015f\u0131 arkas\u0131na alamazlar. \u00d6rnek g\u00f6sterelim; AKP hangi ilde belediye ba\u015fkanl\u0131\u011f\u0131n\u0131 y\u00fcr\u00fct\u00fcyorsa o ilde \u00e7al\u0131\u015fmalar\u0131n\u0131 s\u0131n\u0131rs\u0131z bir \u015fekilde y\u00fcr\u00fct\u00fcyor. Yani Mersin \u015fuan MHP\u2019nin elinde yine \u00e7ok \u015feyler \u00e7\u0131kar\u0131yorlar. Mersin bu d\u00f6nemde adam ak\u0131ll\u0131 bir \u015fehir haline geldi. Trafik sorunu ortadan kalk\u0131yor. Vatanda\u015fa \u00f6nemli hizmetler verildi. \u00c7o\u011fu esnafa sorsak \u00e7o\u011fu iyi \u00e7al\u0131\u015fmalar yapt\u0131klar\u0131n\u0131 s\u00f6yler. CHP\u2019 ye gelirsek yeni d\u00f6nem i\u00e7in Mersin i\u00e7in bir \u015fey yapacaklar\u0131n\u0131 d\u00fc\u015f\u00fcnm\u00fcyorum. Daha \u00f6nce de b\u00fcy\u00fck\u015fehir belediyesi ellerindeydi ne yapt\u0131lar. Hi\u00e7bir faaliyetini g\u00f6rmedik diyebiliriz. Halk, kolay f\u0131rsatlar sunan partileri sever.\u201d<\/span><img src=\"https:\/\/ssl.gstatic.com\/ui\/v1\/icons\/mail\/images\/cleardot.gif\" style=\"font-size: 16px; font-family: sans-serif, Arial, Verdana, 'Trebuchet MS'; line-height: 1.6em; height: 8px; width: 20px;\" \/><\/p>\n<div>\n<p>\u00a0<\/p>\n<p><span style=\"font-size:16px;\">\u201cONLARDA B\u0130ZLER\u0130 MAHCUP ETMES\u0130NLER\u201d<\/span><\/p>\n<p>\u00a0<\/p>\n<p><span style=\"font-size:16px;\">Sokakta simit satan esnafa, \u201cHangi Parti\u2019yi yerelde istemiyorsunuz?\u201d \u015feklinde sorulan soruya, esnaf cevab\u0131n\u0131 \u015f\u00f6yle aktard\u0131: \u201cCHP\u2019yi istemiyoruz. \u00d6nceki d\u00f6nemlerde destek verdik. Desteklerimizi bo\u015fa \u00e7\u0131kard\u0131lar. Bize \u00f6nem verenlere halk\u0131na, \u00fclkene \u00f6nem verenlerin taraftar\u0131y\u0131z. Biz onlar\u0131 oraya \u00e7\u0131kar\u0131yorsak, onlarda bizleri mahcup etmesinler. Bizde isterdik CHP olsun. Ama belediyeyi ellerinde bulundurduklar\u0131nda g\u00f6rd\u00fck. Hi\u00e7bir faydas\u0131n\u0131 g\u00f6remedik.\u201d<\/span><\/p>\n<\/div>\n<\/div>\n<\/blockquote>\n","protected":false},"excerpt":{"rendered":"<p>CHP\u2019li y\u00f6neticiler Mersin yerelde yo\u011fun bir \u00e7al\u0131\u015fma g\u00f6sterdiklerini belirtirken, Mersin esnaf\u0131 ise ayn\u0131 g\u00f6r\u00fc\u015fte olmad\u0131\u011f\u0131n\u0131 dile getirdi. \u00d6nceki y\u0131llarda Mersin B\u00fcy\u00fck\u015fehir Belediyesi\u2019nin CHP\u2019nin b\u00fcnyesinde oldu\u011funu belirten esnaf, Mersin esnaf\u0131 i\u00e7in &hellip; <a href=\"https:\/\/akdenizolaygazetesi.com\/?p=1875\" class=\"more-link\">Devam\u0131n\u0131 Oku&#8230;<\/a><\/p>\n","protected":false},"author":1,"featured_media":0,"comment_status":"open","ping_status":"open","sticky":false,"template":"","format":"standard","meta":[],"categories":[],"tags":[],"_links":{"self":[{"href":"https:\/\/akdenizolaygazetesi.com\/index.php?rest_route=\/wp\/v2\/posts\/1875"}],"collection":[{"href":"https:\/\/akdenizolaygazetesi.com\/index.php?rest_route=\/wp\/v2\/posts"}],"about":[{"href":"https:\/\/akdenizolaygazetesi.com\/index.php?rest_route=\/wp\/v2\/types\/post"}],"author":[{"embeddable":true,"href":"https:\/\/akdenizolaygazetesi.com\/index.php?rest_route=\/wp\/v2\/users\/1"}],"replies":[{"embeddable":true,"href":"https:\/\/akdenizolaygazetesi.com\/index.php?rest_route=%2Fwp%2Fv2%2Fcomments&post=1875"}],"version-history":[{"count":0,"href":"https:\/\/akdenizolaygazetesi.com\/index.php?rest_route=\/wp\/v2\/posts\/1875\/revisions"}],"wp:attachment":[{"href":"https:\/\/akdenizolaygazetesi.com\/index.php?rest_route=%2Fwp%2Fv2%2Fmedia&parent=1875"}],"wp:term":[{"taxonomy":"category","embeddable":true,"href":"https:\/\/akdenizolaygazetesi.com\/index.php?rest_route=%2Fwp%2Fv2%2Fcategories&post=1875"},{"taxonomy":"post_tag","embeddable":true,"href":"https:\/\/akdenizolaygazetesi.com\/index.php?rest_route=%2Fwp%2Fv2%2Ftags&post=1875"}],"curies":[{"name":"wp","href":"https:\/\/api.w.org\/{rel}","templated":true}]}}