{"id":18753,"date":"2022-05-17T16:24:38","date_gmt":"2022-05-17T13:24:38","guid":{"rendered":"http:\/\/akdenizolaygazetesi.com\/?p=18753"},"modified":"2022-05-17T16:24:38","modified_gmt":"2022-05-17T13:24:38","slug":"gencler-baskan-yilmaza-turk-bayragi-teslim-etti","status":"publish","type":"post","link":"https:\/\/akdenizolaygazetesi.com\/?p=18753","title":{"rendered":"Gen\u00e7ler, Ba\u015fkan Y\u0131lmaz&#8217;a T\u00fcrk Bayra\u011f\u0131 Teslim Etti"},"content":{"rendered":"<p>Toroslar Belediye Ba\u015fkan\u0131 Ats\u0131z Af\u015f\u0131n Y\u0131lmaz, 19 May\u0131s Atat\u00fcrk&#8217;\u00fc Anma, Gen\u00e7lik ve Spor Bayram\u0131 ve Gen\u00e7lik Haftas\u0131 kapsam\u0131nda \u0130\u00e7el Anadolu Lisesi \u00f6\u011frencilerini Kuvayimilliye Karargah\u0131&#8217;nda a\u011f\u0131rlad\u0131.<\/p>\n<p>T\u00fcrkiye&#8217;nin ve Mersin&#8217;in gelece\u011fi olan gen\u00e7lerle sohbet ederek, Buluklu Mahallesi&#8217;nde kente kazand\u0131rd\u0131klar\u0131 kararg\u00e2h\u0131 tan\u0131tan Ba\u015fkan Y\u0131lmaz; &#8220;Gen\u00e7lerimize g\u00fcveniyoruz. Atalar\u0131m\u0131zdan ald\u0131\u011f\u0131m\u0131z bayra\u011f\u0131 hep beraber daha da ileriye ta\u015f\u0131maya devam edece\u011fiz&#8221; dedi.<\/p>\n<p>Milli m\u00fccadelenin destans\u0131 hik\u00e2yesinin; foto\u011fraflar,  belgeler ve etnografik eserlerle ya\u015fat\u0131ld\u0131\u011f\u0131 kararg\u00e2hta gen\u00e7ler de hem Ba\u015fkan Y\u0131lmaz ile s\u00f6yle\u015fi yapt\u0131 hem de atalar\u0131n\u0131 and\u0131.<\/p>\n<p>Gen\u00e7ler, Ba\u015fkan Y\u0131lmaz&#8217;a T\u00fcrk Bayra\u011f\u0131 Teslim Etti<\/p>\n<p>Kendisi de \u0130\u00e7el Anadolu Lisesi mezunu olan Ba\u015fkan Y\u0131lmaz, Okul M\u00fcd\u00fcr\u00fc Yusuf Ada ve Edebiyat \u00d6\u011fretmeni Servet Hasan Ku\u015f&#8217;un da kat\u0131ld\u0131\u011f\u0131 etkinlikte, gen\u00e7leri tek tek kar\u015f\u0131lad\u0131.<\/p>\n<p>\u0130\u00e7el Anadolu Lisesi \u00f6\u011frencisi Feride Nisanur Y\u0131ld\u0131r\u0131m, yan\u0131nda getirdi\u011fi T\u00fcrk Bayra\u011f\u0131&#8217;n\u0131 Ba\u015fkan Y\u0131lmaz&#8217;a teslim ederek; &#8220;\u015eehitlerimizin kan\u0131yla sulanan ve ba\u011f\u0131ms\u0131zl\u0131\u011f\u0131m\u0131z\u0131 temsil eden bu bayra\u011f\u0131, hizmet vererek dalgaland\u0131rmak i\u00e7in teslim ediyoruz&#8221; ifadelerini kulland\u0131.<\/p>\n<p>Okul M\u00fcd\u00fcr\u00fc Yusuf Ada ise kendilerini Kuvayimilliye Karargah\u0131&#8217;nda a\u011f\u0131rlad\u0131\u011f\u0131 i\u00e7in Ba\u015fkan Y\u0131lmaz&#8217;a te\u015fekk\u00fcr ederek; &#8220;1994 okulumuz mezunu Belediye Ba\u015fkan\u0131m\u0131z Say\u0131n Ats\u0131z Af\u015f\u0131n Y\u0131lmaz taraf\u0131ndan restore edilerek a\u00e7\u0131lan bu karargah\u0131 \u00f6\u011frencilerimizle ziyaret etmekten b\u00fcy\u00fck mutluluk duyduk. Ba\u015fkan\u0131m\u0131za te\u015fekk\u00fcr ederiz&#8221; diye konu\u015ftu.<\/p>\n<p>&#8220;Kuvayi Milliye Kentine Yak\u0131\u015fan Kuvayimilliye Kararg\u00e2h\u0131m\u0131z, Milli \u0130rademizin Sembol\u00fcd\u00fcr&#8221;<\/p>\n<p>Konu\u015fmas\u0131na kendisini tan\u0131tarak ba\u015flayan Ba\u015fkan Y\u0131lmaz ise Kuvayimilliye Karargah\u0131&#8217;n\u0131 3 Ocak Mersin&#8217;in D\u00fc\u015fman \u0130\u015fgalinden Kurtulu\u015fu&#8217;nun 100&#8217;\u00fcnc\u00fc y\u0131l d\u00f6n\u00fcm\u00fcnde a\u00e7t\u0131klar\u0131n\u0131 kaydederek; &#8220;3 y\u0131ld\u0131r Toroslar Belediye Ba\u015fkanl\u0131\u011f\u0131 g\u00f6revini y\u00fcr\u00fct\u00fcyorum. Buras\u0131 bizim i\u00e7in \u00e7ok \u00f6nemli. Birli\u011fimizin, beraberli\u011fimizin, milli irademizin ve milli \u015fuurumuzun bir sembol\u00fc olan bu karargah\u0131 restore ederek Mersinimizin Kurtulu\u015funun 100&#8217;\u00fcnc\u00fc y\u0131l\u0131nda kentimize kazand\u0131rd\u0131k&#8221; dedi.<br \/>\n Milli M\u00fccadele \u00e7al\u0131\u015fmalar\u0131na karargahl\u0131k etmi\u015f, iki kattan olu\u015fan yakla\u015f\u0131k 200 y\u0131ll\u0131k binan\u0131n ge\u00e7mi\u015fi ile ilgili bilgiler de veren Ba\u015fkan Y\u0131lmaz; &#8220;Buras\u0131 \u00f6nce ev olarak yap\u0131lm\u0131\u015f. 1918 y\u0131l\u0131nda Frans\u0131z ve \u0130ngilizler Mersin&#8217;e asker \u00e7\u0131kard\u0131lar. B\u00f6lgedeki t\u00fcm illeri, Mersin&#8217;den \u00e7\u0131kard\u0131klar\u0131 askerlerle i\u015fgal ettiler. Frans\u0131z kuvvetleri, bu binay\u0131 i\u015fgal ettikleri yakla\u015f\u0131k 2 bu\u00e7uk y\u0131l boyunca kararg\u00e2h olarak kulland\u0131lar. Daha sonra Kuvayi Milliyeciler bir araya geldi. Ulu \u00d6nderimiz Gazi Mustafa Kemal Atat\u00fcrk&#8217;\u00fcn Samsun&#8217;a \u00e7\u0131k\u0131\u015f\u0131ndan sonra da Kuvayi Milliye Dernekleri birle\u015ftiler ve vatan savunmas\u0131 yapt\u0131lar. Frans\u0131zlar, Mersin&#8217;i terk ettikten sonra 3 Ocak 1922&#8217;de buras\u0131 Kuvayimilliye Kararg\u00e2h\u0131 olarak kullan\u0131lmaya ba\u015fland\u0131 ve devam etti. Biz \u015funu g\u00f6rd\u00fck; 2 bu\u00e7uk y\u0131l kadar burada Frans\u0131z bayra\u011f\u0131 dalgaland\u0131 ve onun \u00fcst\u00fcne dedelerimiz taraf\u0131ndan T\u00fcrk Bayra\u011f\u0131 \u00e7ekildi. Benim dedem de Kurtulu\u015f Sava\u015f\u0131 gazisidir. Biz de onlardan ald\u0131\u011f\u0131m\u0131z bayra\u011f\u0131 ayn\u0131 \u015fekilde ta\u015f\u0131maya ve bu misyonu devam ettirmeye \u00e7al\u0131\u015f\u0131yoruz&#8221; diye konu\u015ftu.<\/p>\n<p>&#8220;Amac\u0131m\u0131z; Vatan, Millet Sevgisiyle Yeti\u015fmi\u015f Bir Gen\u00e7lik&#8221;<\/p>\n<p>Ba\u015fkan Y\u0131lmaz; &#8220;Mersin gibi kurtulu\u015f m\u00fccadelesi verilmi\u015f bir \u015fehirde Kuvayimilliye M\u00fczesi&#8217;nin olmamas\u0131n\u0131 bir eksiklik olarak g\u00f6rd\u00fck. Verilen bu m\u00fccadelenin bilinmesi, anla\u015f\u0131lmas\u0131 ve buna devam edilmesinin \u00f6nemli oldu\u011funu d\u00fc\u015f\u00fcn\u00fcyoruz. \u00dclkemizi b\u00f6lmek, par\u00e7alamak, i\u015fgal etmek \u00e7abas\u0131 ayn\u0131 \u015fekilde devam ediyor. Bir taraftan da k\u00fclt\u00fcr emperyalizmi devam ediyor. Buna kar\u015f\u0131 uyan\u0131k olmam\u0131z gerekti\u011finden ve bu konuya \u00f6nem verdi\u011fimizden dolay\u0131 bu karargah\u0131 d\u00fczenledik. Bu vesileyle gelece\u011fimizin teminat\u0131 gen\u00e7lerimizin ve t\u00fcm hem\u015fehrilerimizin, 19 May\u0131s Atat\u00fcrk&#8217;\u00fc Anma, Gen\u00e7lik ve Spor Bayram\u0131&#8217;n\u0131 kutluyor, Ulu \u00d6nderimiz Gazi Mustafa Kemal Atat\u00fcrk&#8217;\u00fc, silah arkada\u015flar\u0131n\u0131, aziz \u015fehitlerimizi ve kahraman gazilerimizi rahmet, minnet ve \u015f\u00fckranla an\u0131yorum&#8221; \u015feklinde konu\u015ftu.  <\/p>\n<p>\u0130\u00e7el Anadolu Liseli olman\u0131n bir ayr\u0131cal\u0131k oldu\u011funu vurgulayan Ba\u015fkan Y\u0131lmaz, gen\u00e7leri Toroslar&#8217;da a\u011f\u0131rlamaktan b\u00fcy\u00fck mutluluk duydu\u011funu da s\u00f6zlerine ekledi.<\/p>\n<p>Ba\u015fkan Y\u0131lmaz daha sonra Okul M\u00fcd\u00fcr\u00fc Yusuf Ada ile Edebiyat \u00d6\u011fretmeni Servet Hasan Ku\u015f&#8217;a; T\u00fcrk dili, k\u00fclt\u00fcr\u00fc ve tarihinin en de\u011ferli an\u0131tlar\u0131ndan olan Orhun Yaz\u0131tlar\u0131&#8217;n\u0131n minyat\u00fcr \u00f6rne\u011fini hediye etti.<\/p>\n<p>Etkinlik, hat\u0131ra foto\u011fraf\u0131 \u00e7ekimiyle son buldu.<\/p>\n","protected":false},"excerpt":{"rendered":"<p>Toroslar Belediye Ba\u015fkan\u0131 Ats\u0131z Af\u015f\u0131n Y\u0131lmaz, 19 May\u0131s Atat\u00fcrk&#8217;\u00fc Anma, Gen\u00e7lik ve Spor Bayram\u0131 ve Gen\u00e7lik Haftas\u0131 kapsam\u0131nda \u0130\u00e7el Anadolu Lisesi \u00f6\u011frencilerini Kuvayimilliye Karargah\u0131&#8217;nda a\u011f\u0131rlad\u0131. T\u00fcrkiye&#8217;nin ve Mersin&#8217;in gelece\u011fi olan &hellip; <a href=\"https:\/\/akdenizolaygazetesi.com\/?p=18753\" class=\"more-link\">Devam\u0131n\u0131 Oku&#8230;<\/a><\/p>\n","protected":false},"author":2,"featured_media":18754,"comment_status":"open","ping_status":"open","sticky":false,"template":"","format":"standard","meta":[],"categories":[3],"tags":[],"_links":{"self":[{"href":"https:\/\/akdenizolaygazetesi.com\/index.php?rest_route=\/wp\/v2\/posts\/18753"}],"collection":[{"href":"https:\/\/akdenizolaygazetesi.com\/index.php?rest_route=\/wp\/v2\/posts"}],"about":[{"href":"https:\/\/akdenizolaygazetesi.com\/index.php?rest_route=\/wp\/v2\/types\/post"}],"author":[{"embeddable":true,"href":"https:\/\/akdenizolaygazetesi.com\/index.php?rest_route=\/wp\/v2\/users\/2"}],"replies":[{"embeddable":true,"href":"https:\/\/akdenizolaygazetesi.com\/index.php?rest_route=%2Fwp%2Fv2%2Fcomments&post=18753"}],"version-history":[{"count":1,"href":"https:\/\/akdenizolaygazetesi.com\/index.php?rest_route=\/wp\/v2\/posts\/18753\/revisions"}],"predecessor-version":[{"id":18755,"href":"https:\/\/akdenizolaygazetesi.com\/index.php?rest_route=\/wp\/v2\/posts\/18753\/revisions\/18755"}],"wp:featuredmedia":[{"embeddable":true,"href":"https:\/\/akdenizolaygazetesi.com\/index.php?rest_route=\/wp\/v2\/media\/18754"}],"wp:attachment":[{"href":"https:\/\/akdenizolaygazetesi.com\/index.php?rest_route=%2Fwp%2Fv2%2Fmedia&parent=18753"}],"wp:term":[{"taxonomy":"category","embeddable":true,"href":"https:\/\/akdenizolaygazetesi.com\/index.php?rest_route=%2Fwp%2Fv2%2Fcategories&post=18753"},{"taxonomy":"post_tag","embeddable":true,"href":"https:\/\/akdenizolaygazetesi.com\/index.php?rest_route=%2Fwp%2Fv2%2Ftags&post=18753"}],"curies":[{"name":"wp","href":"https:\/\/api.w.org\/{rel}","templated":true}]}}