{"id":18756,"date":"2022-05-17T16:26:36","date_gmt":"2022-05-17T13:26:36","guid":{"rendered":"http:\/\/akdenizolaygazetesi.com\/?p=18756"},"modified":"2022-05-17T16:26:36","modified_gmt":"2022-05-17T13:26:36","slug":"mersin-islenmeyi-bekleyen-bir-elmas","status":"publish","type":"post","link":"https:\/\/akdenizolaygazetesi.com\/?p=18756","title":{"rendered":"\u201cMERS\u0130N, \u0130\u015eLENMEY\u0130 BEKLEYEN B\u0130R ELMAS\u201d"},"content":{"rendered":"<p>Mersin\u2019in; sahip oldu\u011fu \u00f6z kaynaklar\u0131 ile adeta i\u015flenmemi\u015f bir elmas oldu\u011funu ifade eden Ba\u015fkan G\u00fcltak; \u201cMersin\u2019in y\u00f6neticileri, Mersinli i\u015f insanlar\u0131 ve bu kentin ya\u015fayanlar\u0131 bunun fark\u0131nda olmal\u0131d\u0131r. Afrika\u2019n\u0131n herhangi bir \u00fclkesinde yerin kilometrelerce alt\u0131ndan \u00e7\u0131kar\u0131lan elmas, sadece bir ta\u015ft\u0131r. Fakat bu ta\u015f\u0131 i\u015fledi\u011finizde milyonlarca Dolar edebiliyor. \u015eu an Mersin de o durumdad\u0131r. Adeta i\u015flenmemi\u015f bir elmas gibiyiz, i\u015flenmemiz gerekiyor. Aksi halde hedeflerimize ula\u015famay\u0131z\u201d dedi. Kentsel d\u00f6n\u00fc\u015f\u00fcm\u00fcn \u00f6nemine bir kez daha vurgu yapan Ba\u015fkan G\u00fcltak, \u2018Ana Aktarma Konteyn\u0131r Liman\u0131\u2019n\u0131n adresinin de Mersin oldu\u011funu kaydetti.<br \/>\nMersin Uluslararas\u0131 Liman\u0131 (MIP), H\u00fcrriyet Gazetesi, Mersin Ticaret ve Sanayi Odas\u0131 (MTSO), Mersin Deniz Ticaret Odas\u0131, Akdeniz Belediyesi ve Derya Grup i\u015fbirli\u011finde d\u00fczenlenen \u201cH\u00fcrriyet Deniz Ta\u015f\u0131mac\u0131l\u0131\u011f\u0131 Zirvesi\u2019nde\u201d, T\u00fcrkiye\u2019nin deniz ta\u015f\u0131mac\u0131l\u0131\u011f\u0131 sekt\u00f6r\u00fc mercek alt\u0131na al\u0131nd\u0131, sekt\u00f6rdeki geli\u015fmeler de\u011ferlendirildi. Bir otelde ger\u00e7ekle\u015fen ve H\u00fcrriyet Gazetesi\u2019nden Ekonomi M\u00fcd\u00fcr\u00fc Sefer Levent, Ekonomi Yazar\u0131 Noyan Do\u011fan ile kentin kanaat \u00f6nderlerinin kat\u0131l\u0131m\u0131yla d\u00fczenlenen zirveye, Akdeniz Belediye Ba\u015fkan\u0131 M. Mustafa G\u00fcltak da kat\u0131larak bir konu\u015fma yapt\u0131. G\u00fcn\u00fcm\u00fczde d\u00fcnya ticaret hacminin y\u00fczde 90\u2019\u0131n\u0131n denizler arac\u0131l\u0131\u011f\u0131yla ger\u00e7ekle\u015fti\u011fine dikkat \u00e7eken Ba\u015fkan G\u00fcltak, deniz ticaretinin havayollar\u0131na g\u00f6re 22; karayollar\u0131na g\u00f6re 7; demiryollar\u0131na g\u00f6re 3 bu\u00e7uk kat ekonomik oldu\u011funu vurgulad\u0131.<br \/>\n\u201cD\u00fcnyan\u0131n ilk 10 ekonomisi i\u00e7ine girmek istiyorsak denizcili\u011fimizi geli\u015ftirmeliyiz\u201d<br \/>\n\u201cDenizcilikte rekabet edebilmek ve \u00fcr\u00fcnleri daha ucuza ta\u015f\u0131mak istiyorsak, deniz ticaretini \u00e7ok \u00f6nemsemeliyiz\u201d diyen Ba\u015fkan G\u00fcltak; \u201c\u00dc\u00e7 taraf\u0131 denizlerle \u00e7evrili T\u00fcrkiye\u2019nin, deniz ticareti konusunda \u00e7ok daha iyi yerlere gelebilmesi i\u00e7in h\u0131zla ilerlemeliyiz. E\u011fer biz, d\u00fcnyan\u0131n ilk 10 ekonomisi i\u00e7ine girmek istiyorsak bu \u00e7ok \u00f6nemli. Deniz ticareti ile hedefledi\u011fimiz rakamlar\u0131 yakalamal\u0131y\u0131z. Nitekim son d\u00f6nemlerde yap\u0131lan yat\u0131r\u0131mlarla, T\u00fcrkiye&#8217;yi d\u00fcnyan\u0131n yeni lojistik g\u00fcc\u00fc yapmak i\u00e7in dev projeleri hayata ge\u00e7iren h\u00fck\u00fcmetinizin bu alandaki kararl\u0131 giri\u015fimleri, yat\u0131r\u0131mlar\u0131 ve sa\u011flad\u0131\u011f\u0131 kaynaklar sayesinde, \u00fclkemizin d\u0131\u015f ticareti i\u00e7indeki deniz yolu pay\u0131; 57 milyar Dolar\u2019dan 220 milyar Dolar\u2019a yakla\u015fm\u0131\u015ft\u0131r. Bu rakamlar da h\u00fck\u00fcmetimizin sekt\u00f6re b\u00fcy\u00fck \u00f6nem verdi\u011fini g\u00f6stermektedir\u201d  \u015feklinde konu\u015ftu.<br \/>\n\u201cG\u00f6kdelenin 89 y\u0131l\u0131nda Mersin\u2019de yap\u0131lmas\u0131 tesad\u00fcf de\u011fil\u201d<br \/>\nAvrupa\u2019n\u0131n ikinci b\u00fcy\u00fck g\u00f6kdeleninin 1989 y\u0131l\u0131nda Mersin\u2019e yap\u0131ld\u0131\u011f\u0131n\u0131 hat\u0131rlatan Ba\u015fkan G\u00fcltak, \u201cAsl\u0131nda bizim bahsetti\u011fimiz ve hedefledi\u011fimiz rakamlar\u0131 ta 89\u2019da birileri g\u00f6rm\u00fc\u015f ve yat\u0131r\u0131m yapm\u0131\u015f. Mersin\u2019in T\u00fcrkiye ve D\u00fcnya\u2019da ne kadar \u00f6nemli oldu\u011funu, lojistik olarak deniz ticaretinde bir\u00e7ok konuda \u00f6nemli bir yer oldu\u011funu g\u00f6rm\u00fc\u015fler ki 89 y\u0131l\u0131nda Avrupa\u2019n\u0131n ikinci b\u00fcy\u00fck binas\u0131n\u0131 Mersin\u2019e yapm\u0131\u015flar. Bu tesad\u00fcf de\u011fil. \u00c7\u00fcnk\u00fc denizyollar\u0131, karayollar\u0131 ve \u0130pekyolu ile Mersin\u2019in \u00f6nemini \u00e7ok \u00f6ne \u00e7\u0131karm\u0131\u015ft\u0131r. Mersin, hala d\u00fcnyan\u0131n en b\u00fcy\u00fck y\u00fck gemilerinin yana\u015fabilece\u011fi, hi\u00e7bir resif veya bariyerin olmad\u0131\u011f\u0131, ayr\u0131ca hem Asya, hem Ortado\u011fu hem de Avrupa\u2019n\u0131n ortas\u0131nda bir liman \u015fehri\u201d ifadelerini kulland\u0131.<br \/>\n\u201c\u0130\u015flenmemi\u015f bir elmas gibiyiz\u201d<br \/>\nS\u00f6zlerini; \u201cFark\u0131nda m\u0131y\u0131z bilmiyorum ama bir elmas\u0131n \u00fczerinde oturuyoruz\u201d \u015feklinde s\u00fcrd\u00fcren Ba\u015fkan G\u00fcltak; \u015f\u00f6yle devam etti; \u201cMersin\u2019in y\u00f6neticileri, Mersinli i\u015f insanlar\u0131 ve bu kentin ya\u015fayanlar\u0131 bunun fark\u0131nda olmal\u0131d\u0131r. Afrika\u2019n\u0131n herhangi bir \u00fclkesinde yerin kilometrelerce alt\u0131ndan \u00e7\u0131kar\u0131lan elmas, sadece bir ta\u015f ama bu ta\u015f\u0131 i\u015fledi\u011finizde milyonlarca Dolar ediyor. \u015eu an biz de o durumday\u0131z. Adeta i\u015flenmemi\u015f bir elmas gibiyiz, i\u015flenmemiz gerekiyor. Aksi halde hedefledi\u011fimiz rakamlara ula\u015famay\u0131z.\u201d<br \/>\n\u201c\u00c7ukurova B\u00f6lgesel Havaliman\u0131\u2019na 29 Ekim\u2019de ilk u\u00e7ak inecek\u201d<br \/>\nMersin-Adana H\u0131zl\u0131 Tren Projesinin h\u0131zla ilerledi\u011fini kaydeden Ba\u015fkan G\u00fcltak; \u201cKaraman-Mersin H\u0131zl\u0131 Tren Projesi g\u00fcndemde ve h\u0131zla projelendiriliyor. Gaziantep-\u015eanl\u0131urfa-Adana-Mersin\u2019de, kaliteli ray sistemi ile y\u00fck ta\u015f\u0131mac\u0131l\u0131\u011f\u0131nda kullan\u0131lacak demir ta\u015f\u0131mac\u0131l\u0131\u011f\u0131 da h\u0131zla projelendiriliyor. \u00d6n\u00fcm\u00fczdeki y\u0131llarda bu projelerin hepsi bitecek. Ayr\u0131ca T\u00fcrkiye\u2019nin en \u00f6nemli b\u00f6lgesel ve lojistik havaliman\u0131 olan \u00c7ukurova B\u00f6lgesel Havaliman\u0131\u2019na, in\u015fallah 29 Ekim\u2019de ilk u\u00e7ak inecek. Bir tarafta deniz, bir tarafta T\u00fcrkiye\u2019nin en \u00f6nemli lojistik merkezlerinden biri olan havaliman\u0131, bir taraftan da Avrupa\u2019ya, Do\u011fu\u2019ya ve Ortado\u011fu\u2019ya a\u00e7\u0131lan otoban ve duble yol kalitesindeki yollar ve tren yollar\u0131\u2026 Bunlar\u0131n hepsini \u00fcst \u00fcste koydu\u011funuzda bir elmas\u0131n \u00fczerinde oldu\u011fumuz bir kez daha anla\u015f\u0131lacakt\u0131r\u201d diye konu\u015ftu.  Ba\u015fkan G\u00fcltak; Mersin\u2019in, Kilikya D\u00f6nemi\u2019nde dahi bir liman \u015fehri oldu\u011fu belirterek, \u201cMersin\u2019in, 180 y\u0131l \u00f6nce k\u00fc\u00e7\u00fck bir liman kasabas\u0131 oldu\u011fu bilgisi bence eksiktir. \u00c7\u00fcnk\u00fc Mersin, milattan \u00f6nce bile bir liman \u015fehridir\u201d dedi.<br \/>\n\u201cAna aktarma konteyn\u0131r liman\u0131n\u0131n adresi Mersin\u2019dir\u201d<br \/>\nBa\u015fkan G\u00fcltak; TCDD ve MIP\u2019in Mersin Liman\u0131\u2019n\u0131 b\u00fcy\u00fctme projesine de de\u011finerek, Akdeniz Belediyesi olarak bu projenin yan\u0131nda olduklar\u0131n\u0131 vurgulad\u0131. Ba\u015fkan G\u00fcltak; \u201c\u00c7\u00fcnk\u00fc kapasiteyi b\u00fcy\u00fctmeden hedefledi\u011finiz rakamlar\u0131 yakalayamazs\u0131n\u0131z. Temel atma t\u00f6renine Say\u0131n Ula\u015ft\u0131rma Bakan\u0131m\u0131z geldi\u011finde, ana aktarma konteyn\u0131r liman\u0131n\u0131n da halen Mersin\u2019e yap\u0131laca\u011f\u0131n\u0131 da bizzat kendisi ifade etmi\u015ftir. Ana aktarma liman\u0131n\u0131n ba\u015fka yere kayd\u0131r\u0131ld\u0131\u011f\u0131 do\u011fru de\u011fildir. Yeni yat\u0131r\u0131mlarla 3 milyon TEU, ana aktarma konteyn\u0131r liman\u0131 da geldi\u011finde yakla\u015f\u0131k 12 milyon TEU\u2019luk bir kapasiteden bahsetti\u011finizde, Mersin; bir anda sadece T\u00fcrkiye\u2019nin de\u011fil, t\u00fcm d\u00fcnyan\u0131n en \u00f6nemli liman \u015fehirlerinden biri olmaya taliptir. Bu bir hayal de\u011fil, rahatl\u0131kla ger\u00e7ekle\u015fecek bir olayd\u0131r\u201d \u015feklinde konu\u015ftu.<br \/>\n\u201c\u015eehrimizin kaderini de\u011fi\u015ftirecek 2 b\u00fcy\u00fck proje, imar ve kentsel d\u00f6n\u00fc\u015f\u00fcmd\u00fcr\u201d<br \/>\nS\u00f6zlerini; \u201cFakat \u015fehir buna haz\u0131r m\u0131?\u201d diyerek s\u00fcrd\u00fcren Ba\u015fkan G\u00fcltak; \u015f\u00f6yle konu\u015ftu; \u201cHem mevcut liman\u0131m\u0131za hem de ana aktarma konteyn\u0131r liman\u0131n\u0131n tahminen yap\u0131laca\u011f\u0131 yere bakal\u0131m\u2026 Bu limanlar\u0131 besleyecek hinterlantlar var m\u0131 Mersin\u2019de? Var\u2026 Peki, \u00fczerinde ne var? Bir\u00e7ok ka\u00e7ak yap\u0131 stoku var. Adeta limanlar\u0131m\u0131z\u0131n b\u00fcy\u00fcmemesi, verimli ve etkin kullan\u0131lamamas\u0131 i\u00e7in ka\u00e7ak yap\u0131 stoklar\u0131 olu\u015fturulmu\u015f. Biz g\u00f6reve gelince ne yapt\u0131k? Kentsel d\u00f6n\u00fc\u015f\u00fcm\u00fc ba\u015flatt\u0131k. Orada ya\u015fayan insanlar\u0131n da haklar\u0131n\u0131 savunarak, g\u00f6nl\u00fcn\u00fc alarak d\u00f6n\u00fc\u015f\u00fcm\u00fc ba\u015flatt\u0131k. \u00c7ay Mahallesi\u2019nde konutlar\u0131m\u0131z bitti, yak\u0131nda teslim edece\u011fiz. Bu \u015fehrin kaderini de\u011fi\u015ftirecek en b\u00fcy\u00fck 2 projeden biri, imar; di\u011feri kentsel d\u00f6n\u00fc\u015f\u00fcm sorunu idi. Hep s\u00f6yledi\u011fim \u00fczere, Akdeniz\u2019in sorunlar\u0131n\u0131 \u00e7\u00f6zmeden, Mersin\u2019in sorunlar\u0131n\u0131 da \u00e7\u00f6zemezsiniz. Akdeniz, adeta otel gibi kullan\u0131l\u0131yor. Ticaret ve para Akdeniz\u2019de d\u00f6n\u00fcyor. Dolay\u0131s\u0131yla kentsel d\u00f6n\u00fc\u015f\u00fcm ile birlikte Akdeniz, her iki liman\u0131n da ihtiya\u00e7lar\u0131n\u0131 giderecek binlerce d\u00f6n\u00fcm araziyi bulunduran bir il\u00e7edir. B\u00fct\u00fcn bunlar\u0131 2050 y\u0131l\u0131na kadar planlamal\u0131y\u0131z ve en az 15-20 y\u0131l i\u00e7erisinde bu \u015fehri de\u011fi\u015ftirmek zorunday\u0131z ki hedefledi\u011fimiz rakamlar\u0131 elde edelim.\u201d<br \/>\n\u201c20 y\u0131ld\u0131r Mersin\u2019e gelmeyen tar\u0131m g\u00f6r\u00fc\u015flerini getirdik\u201d<br \/>\nKentsel d\u00f6n\u00fc\u015f\u00fcm\u00fcn \u00f6nemine vurgu yapan Akdeniz Belediye Ba\u015fkan\u0131 G\u00fcltak; \u201cKentsel d\u00f6n\u00fc\u015f\u00fcm, oralarda ya\u015fayan insanlar\u0131m\u0131z i\u00e7in de \u00e7ok \u00f6nemli. Hayat standartlar\u0131 y\u00fckselecek, i\u015f sahibi olacaklar, ya\u015fam tarzlar\u0131 de\u011fi\u015fecek. Kentsel d\u00f6n\u00fc\u015f\u00fcm\u00fcn sadece maddiyat de\u011fil, sosyal ve manevi bir boyutu da var. \u00c7evreci bir boyutu da var. Do\u011fal gaz gelecek, k\u00f6m\u00fcr ve odun yak\u0131lmayacak. Bir yandan T\u00fcrkiye, bir yandan orada ya\u015fayan insanlar, \u00f6te yandan Mersin kazanacak.<br \/>\nAma biz Mersin\u2019i haz\u0131rlamaz isek b\u00fct\u00fcn bunlar\u0131 \u0131skalar\u0131z. O y\u00fczden kentsel d\u00f6n\u00fc\u015f\u00fcm\u00fc \u00f6nemsiyoruz. Say\u0131n Cumhurba\u015fkan\u0131m\u0131za, L\u00fctfi Elvan Bakan\u0131m\u0131za, \u00c7evre \u015eehircilik ve Tar\u0131m Bakanlar\u0131m\u0131za \u00e7ok te\u015fekk\u00fcr ediyorum. Mersin\u2019e, 20 y\u0131ld\u0131r gelmeyen tar\u0131m g\u00f6r\u00fc\u015flerini getirdik. \u015eu an binlerce hektar arazi, art\u0131k tar\u0131m halinden \u00e7\u0131km\u0131\u015f, lojistik alan haline gelmi\u015ftir. \u015eu an B\u00fcy\u00fck\u015fehir Belediyesi 5 binlik planlar\u0131 yap\u0131yor, biz de binlik planlar\u0131 yapaca\u011f\u0131z.<br \/>\nYani haz\u0131rlan\u0131yoruz \u00e7\u00fcnk\u00fc siz lojistik alanlar\u0131 haz\u0131rlamad\u0131\u011f\u0131n\u0131zda limanlar \u00e7al\u0131\u015fmaz. Kimse de gelip buraya yat\u0131r\u0131m yapmaz. Akdeniz Belediyesi olarak i\u015fin bu taraf\u0131nday\u0131z; bir yandan kentsel d\u00f6n\u00fc\u015f\u00fcm ile yeni alanlar a\u00e7maya \u00e7al\u0131\u015f\u0131yoruz, di\u011fer yandan imar konular\u0131n\u0131 h\u0131zland\u0131r\u0131p buralar\u0131; \u015fehrimiz, \u00fclkemiz, dezavantajl\u0131 insanlar\u0131m\u0131z ve liman\u0131m\u0131z i\u00e7in yeniden dizayn ediyoruz. Mersin\u2019deki t\u00fcm yerel y\u00f6neticilerin, bir an \u00f6nce imar sorununu \u00e7\u00f6z\u00fcp, kentsel d\u00f6n\u00fc\u015f\u00fcme a\u011f\u0131rl\u0131k vermezi laz\u0131m\u201d diye konu\u015ftu.<\/p>\n","protected":false},"excerpt":{"rendered":"<p>Mersin\u2019in; sahip oldu\u011fu \u00f6z kaynaklar\u0131 ile adeta i\u015flenmemi\u015f bir elmas oldu\u011funu ifade eden Ba\u015fkan G\u00fcltak; \u201cMersin\u2019in y\u00f6neticileri, Mersinli i\u015f insanlar\u0131 ve bu kentin ya\u015fayanlar\u0131 bunun fark\u0131nda olmal\u0131d\u0131r. Afrika\u2019n\u0131n herhangi bir &hellip; <a href=\"https:\/\/akdenizolaygazetesi.com\/?p=18756\" class=\"more-link\">Devam\u0131n\u0131 Oku&#8230;<\/a><\/p>\n","protected":false},"author":2,"featured_media":18757,"comment_status":"open","ping_status":"open","sticky":false,"template":"","format":"standard","meta":[],"categories":[2,3,5],"tags":[],"_links":{"self":[{"href":"https:\/\/akdenizolaygazetesi.com\/index.php?rest_route=\/wp\/v2\/posts\/18756"}],"collection":[{"href":"https:\/\/akdenizolaygazetesi.com\/index.php?rest_route=\/wp\/v2\/posts"}],"about":[{"href":"https:\/\/akdenizolaygazetesi.com\/index.php?rest_route=\/wp\/v2\/types\/post"}],"author":[{"embeddable":true,"href":"https:\/\/akdenizolaygazetesi.com\/index.php?rest_route=\/wp\/v2\/users\/2"}],"replies":[{"embeddable":true,"href":"https:\/\/akdenizolaygazetesi.com\/index.php?rest_route=%2Fwp%2Fv2%2Fcomments&post=18756"}],"version-history":[{"count":1,"href":"https:\/\/akdenizolaygazetesi.com\/index.php?rest_route=\/wp\/v2\/posts\/18756\/revisions"}],"predecessor-version":[{"id":18758,"href":"https:\/\/akdenizolaygazetesi.com\/index.php?rest_route=\/wp\/v2\/posts\/18756\/revisions\/18758"}],"wp:featuredmedia":[{"embeddable":true,"href":"https:\/\/akdenizolaygazetesi.com\/index.php?rest_route=\/wp\/v2\/media\/18757"}],"wp:attachment":[{"href":"https:\/\/akdenizolaygazetesi.com\/index.php?rest_route=%2Fwp%2Fv2%2Fmedia&parent=18756"}],"wp:term":[{"taxonomy":"category","embeddable":true,"href":"https:\/\/akdenizolaygazetesi.com\/index.php?rest_route=%2Fwp%2Fv2%2Fcategories&post=18756"},{"taxonomy":"post_tag","embeddable":true,"href":"https:\/\/akdenizolaygazetesi.com\/index.php?rest_route=%2Fwp%2Fv2%2Ftags&post=18756"}],"curies":[{"name":"wp","href":"https:\/\/api.w.org\/{rel}","templated":true}]}}