{"id":1876,"date":"2020-11-04T18:22:25","date_gmt":"2020-11-04T15:22:25","guid":{"rendered":"http:\/\/mersinekonomipolitikagazetesi.com\/?p=1876"},"modified":"2020-11-04T18:22:25","modified_gmt":"2020-11-04T15:22:25","slug":"fatih-sahin-de-mgc-baskanligina-aday","status":"publish","type":"post","link":"https:\/\/akdenizolaygazetesi.com\/?p=1876","title":{"rendered":"FAT\u0130H \u015eAH\u0130N DE MGC BA\u015eKANLI\u011eINA ADAY"},"content":{"rendered":"<p>Mersin Gazeteciler Cemiyeti -MGC- ba\u015fkanl\u0131k se\u00e7iminin yakla\u015fmas\u0131yla beraber Fatih \u015eahin, Mersin Gazeteciler Cemiyeti\u2019nde bir toplant\u0131 ger\u00e7ekle\u015ftirdi.<\/p>\n<blockquote type=\"cite\">\n<div dir=\"ltr\">\n<p><span style=\"font-size:16px;\">Mersin Gazeteciler Cemiyeti\u2019nde toplant\u0131y\u0131 ger\u00e7ekle\u015ftiren Fatih \u015eahin, Mersin Gazeteciler Cemiyeti\u2019ne ba\u015fkan aday\u0131 oldu\u011funu a\u00e7\u0131klad\u0131.<\/span><\/p>\n<p><span style=\"font-size:16px;\">Adayl\u0131\u011f\u0131n\u0131 a\u00e7\u0131klayan \u015eahin, Mersin Gazeteciler Cemiyeti\u2019nin son y\u0131llarda \u0131rk\u00e7\u0131l\u0131k, mezhep\u00e7ilik gibi kirli oyunlara alet edilmeye \u00e7al\u0131\u015ft\u0131\u011f\u0131n\u0131 s\u00f6yledi.<\/span><\/p>\n<p><span style=\"font-size:16px;\">MGC\u2019nin Mersin\u2019deki t\u00fcm kurum-kurulu\u015f, STK ve siyasi partilere e\u015fit mesafede olmas\u0131 gerekti\u011fini dile getiren \u015eahin, kente hizmet etmek i\u00e7in ortak bir payda da bulu\u015fmak gerekti\u011fini vurgulad\u0131.<\/span><\/p>\n<p>\u00a0<\/p>\n<p><span style=\"font-size:16px;\">\u201cBUHRANIN FATURASINI EN A\u011eIR \u00d6DEYEN \u0130LLER\u0130N BA\u015eINDA GEL\u0130YORUZ\u201d<\/span><\/p>\n<p>\u00a0<\/p>\n<p><span style=\"font-size:16px;\">Sekt\u00f6r\u00fcn ve \u00e7al\u0131\u015fanlar\u0131n ya\u015fad\u0131klar\u0131 zorluklar\u0131 bildi\u011fini kaydeden \u015eahin: \u201cAmac\u0131m\u0131z itibar kayb\u0131na son vermek ve 25 y\u0131ld\u0131r \u00fcyesi olmaktan durur duydu\u011fum cemiyetimin hak etti\u011fi konuma tekrar getirmektir. Gerek T\u00fcrkiye gerekse Mersin\u2019de bas\u0131n bir \u2018buhran\u2019 d\u00f6nemi ge\u00e7iriyor. Biz Mersin olarak bu buhran\u0131n faturas\u0131n\u0131 en a\u011f\u0131r \u00f6deyen illerin ba\u015f\u0131nda geliyoruz. Buradaki en b\u00fcy\u00fck sebep ise kurumsal kimlik olarak kar\u015f\u0131m\u0131za \u00e7\u0131k\u0131yor. 9 g\u00fcnl\u00fck, y\u00fcze yak\u0131n haftal\u0131k, 16 radyo, 1\u2019i uyduda olmak \u00fczere 6 televizyon ile sekt\u00f6r temsil ediliyor. Bunun yan\u0131nda yasas\u0131 hen\u00fcz \u00e7\u0131kmasa da hi\u00e7 kimsenin g\u00f6z edemeyece\u011fi ve bu i\u015fi hakk\u0131 ile yapan sosyal haber siteleri var.\u201d ifadelerini kulland\u0131.<\/span><\/p>\n<p>\u00a0<\/p>\n<p><span style=\"font-size:16px;\">\u00a0\u201cMESLE\u011e\u0130M\u0130ZE KARA LEKE D\u00dc\u015e\u00dcRMEK \u0130STEYENLERE DUR DEMEL\u0130Y\u0130Z\u201d<\/span><\/p>\n<p>\u00a0<\/p>\n<p><span style=\"font-size:16px;\">MGC y\u00f6netiminin ve organlar\u0131n\u0131n i\u015flevselli\u011fini kaybetti\u011fini dile getiren \u015eahin: \u201cBak\u0131yoruz ki \u00f6zellikle bu d\u00f6nem cemiyetimizin faaliyetleri neredeyse s\u0131f\u0131ra indi. Sekt\u00f6r\u00fc temsil eden MGC kendi kendine yetemez bir hale geldi. Mersin Gazeteciler Cemiyeti\u2019nin tarihi boyunca hi\u00e7bir siyasi parti ve siyasi g\u00f6r\u00fc\u015f\u00fcn arka bah\u00e7esi olmad\u0131. Irk\u00e7\u0131l\u0131k, mezhep\u00e7ilik gibi ay\u0131plar bu cemiyette asla v\u00fccut bulmad\u0131. Fakat \u00fcz\u00fclerek g\u00f6r\u00fcyoruz ki cemiyetimiz son g\u00fcnlerde bu kirli oyunlara alet edilmeye \u00e7al\u0131\u015f\u0131l\u0131yor.\u201d \u015feklinde konu\u015ftu.<\/span><\/p>\n<p><span style=\"font-size:16px;\">S\u00f6zlerine devam eden \u015eahin: \u201cGazetecilik mesle\u011fi ve gazeteciler bunca sorunla m\u00fccadele ederken, mesle\u011fi ve meslekta\u015f\u0131 de\u011fil, ki\u015fisel itibar ve \u00e7\u0131karlar\u0131n derdine d\u00fc\u015fenler, demokratik oylarla kurum ve kurulu\u015flar\u0131n ba\u015f\u0131nda kentimize hizmet eden isimleri bu s\u00fcrece dahil etme \u00e7abas\u0131 i\u00e7ine girmi\u015flerdir. Bir emek, \u00f6zveri makam\u0131 olan MGC ba\u015fkanl\u0131\u011f\u0131n\u0131 bir s\u0131\u00e7rama tahtas\u0131, bir yerlerin g\u00f6z\u00fcne girme arac\u0131 olarak g\u00f6renler \u00a0cemiyetimizle beraber bu isimlere de leke d\u00fc\u015f\u00fcrmeye \u00e7al\u0131\u015f\u0131lmaktad\u0131r. O halde hep birlikte mesle\u011fimize kara leke d\u00fc\u015f\u00fcrmek isteyenlere dur demeliyiz.\u201d diye kaydetti.<\/span><\/p>\n<p>\u00a0<\/p>\n<p><span style=\"font-size:16px;\">\u201cMA\u011eDUR\u0130YETLERDE EL ELE VERECE\u011e\u0130Z\u201d<\/span><\/p>\n<p>\u00a0<\/p>\n<p><span style=\"font-size:16px;\">B\u00fct\u00e7esi olmayan bir cemiyete sahip oldu\u011funu belirten \u015eahin: \u201cBiz\u2019 diyorum \u00e7\u00fcnk\u00fc, Mersin Gazeteciler Cemiyeti&#8217;ni i\u015fler hale getirecek olan; bu mesle\u011fe g\u00f6nl\u00fcn\u00fc vermi\u015f, y\u00fcre\u011fini koymu\u015f, bu meslekten ekme\u011fini kazanm\u0131\u015f meslekta\u015flar\u0131m olacakt\u0131r. Hepimiz biliyoruzki b\u00fct\u00e7esi ve geliri olmayan bir cemiyete sahibiz. Bu durum kar\u015f\u0131s\u0131nda sizlere \u015fa\u015faal\u0131 bir gelecek vaat etmemiz m\u00fcmk\u00fcn de\u011fil. Ancak hangi meslekta\u015f\u0131m\u0131z sorun ya\u015farsa bilecekki Mersin Gazeteciler Cemiyeti ve onun de\u011ferli \u00fcyeleri onun yan\u0131nda olacak. Bask\u0131lara, tacizlere hep birlikte \u2018dur\u2019 diyece\u011fiz. Ma\u011fduriyetlerde el ele verece\u011fiz.\u201d ifadelerini kulland\u0131.<\/span><\/p>\n<p>\u00a0<\/p>\n<p><span style=\"font-size:16px;\">\u201cB\u0130Z G\u00dcZEL G\u00dcNLERE Y\u00dcR\u00dcMED\u0130K\u00c7E\u201d<\/span><\/p>\n<p>\u00a0<\/p>\n<p><span style=\"font-size:16px;\">Bas\u0131n\u0131 g\u00fc\u00e7l\u00fc olmayan \u015fehirlerde hakl\u0131n\u0131n de\u011fil, g\u00fc\u00e7l\u00fcn\u00fcn dedi\u011finin oldu\u011funu ifade eden \u015eahin son s\u00f6zlerini \u015f\u00f6yle tamamlad\u0131: \u201cHalk\u0131 do\u011fru bilgilendirmede ba\u015far\u0131l\u0131 olamaz isek bu b\u00fcy\u00fck gemide hep birlikte batar\u0131z. Mersin\u2019de mesle\u011fimizin yeniden itibar kazanabilmesi i\u00e7in \u00f6rg\u00fctl\u00fc m\u00fccadeleye ve g\u00fc\u00e7l\u00fc bir meslek \u00f6rg\u00fct\u00fcne ihtiya\u00e7 ka\u00e7\u0131n\u0131lmazd\u0131r. Mesle\u011fimizin ve meslek \u00f6rg\u00fct\u00fcm\u00fcz\u00fcn zay\u0131flamas\u0131nda topyek\u00fcn hatalar\u0131m\u0131z var. Yapt\u0131klar\u0131m\u0131z ve yapmad\u0131klar\u0131m\u0131zla; yeni gazetecilerin yeti\u015fmedi\u011fi, yeti\u015femedi\u011fi bir kent olu\u015fturduk. Yani biz her g\u00fcn \u015fehrimizin sorunlar\u0131n\u0131 gazetelerimize, TV\u2019lerimize, radyolar\u0131m\u0131za ta\u015f\u0131y\u0131p; haber ve yorumlar\u0131m\u0131zla toplumu bilgilendirip, demokrasinin g\u00fc\u00e7lenmesine katk\u0131da bulunurken, kendimizi unuttuk,\u00a0 kendi sorunlar\u0131m\u0131z\u0131 \u00e7\u00f6zemedik. Kendi s\u00f6k\u00fc\u011f\u00fcn\u00fc dikemeyen terzilere benzedik. Ve g\u00f6rd\u00fckki g\u00fczel g\u00fcnler gelmez bize&#8230; Biz g\u00fczel g\u00fcnlere y\u00fcr\u00fcmedik\u00e7e.\u201d<\/span><\/p>\n<\/div>\n<\/blockquote>\n","protected":false},"excerpt":{"rendered":"<p>Mersin Gazeteciler Cemiyeti -MGC- ba\u015fkanl\u0131k se\u00e7iminin yakla\u015fmas\u0131yla beraber Fatih \u015eahin, Mersin Gazeteciler Cemiyeti\u2019nde bir toplant\u0131 ger\u00e7ekle\u015ftirdi. Mersin Gazeteciler Cemiyeti\u2019nde toplant\u0131y\u0131 ger\u00e7ekle\u015ftiren Fatih \u015eahin, Mersin Gazeteciler Cemiyeti\u2019ne ba\u015fkan aday\u0131 oldu\u011funu a\u00e7\u0131klad\u0131. &hellip; <a href=\"https:\/\/akdenizolaygazetesi.com\/?p=1876\" class=\"more-link\">Devam\u0131n\u0131 Oku&#8230;<\/a><\/p>\n","protected":false},"author":1,"featured_media":0,"comment_status":"open","ping_status":"open","sticky":false,"template":"","format":"standard","meta":[],"categories":[],"tags":[],"_links":{"self":[{"href":"https:\/\/akdenizolaygazetesi.com\/index.php?rest_route=\/wp\/v2\/posts\/1876"}],"collection":[{"href":"https:\/\/akdenizolaygazetesi.com\/index.php?rest_route=\/wp\/v2\/posts"}],"about":[{"href":"https:\/\/akdenizolaygazetesi.com\/index.php?rest_route=\/wp\/v2\/types\/post"}],"author":[{"embeddable":true,"href":"https:\/\/akdenizolaygazetesi.com\/index.php?rest_route=\/wp\/v2\/users\/1"}],"replies":[{"embeddable":true,"href":"https:\/\/akdenizolaygazetesi.com\/index.php?rest_route=%2Fwp%2Fv2%2Fcomments&post=1876"}],"version-history":[{"count":0,"href":"https:\/\/akdenizolaygazetesi.com\/index.php?rest_route=\/wp\/v2\/posts\/1876\/revisions"}],"wp:attachment":[{"href":"https:\/\/akdenizolaygazetesi.com\/index.php?rest_route=%2Fwp%2Fv2%2Fmedia&parent=1876"}],"wp:term":[{"taxonomy":"category","embeddable":true,"href":"https:\/\/akdenizolaygazetesi.com\/index.php?rest_route=%2Fwp%2Fv2%2Fcategories&post=1876"},{"taxonomy":"post_tag","embeddable":true,"href":"https:\/\/akdenizolaygazetesi.com\/index.php?rest_route=%2Fwp%2Fv2%2Ftags&post=1876"}],"curies":[{"name":"wp","href":"https:\/\/api.w.org\/{rel}","templated":true}]}}