{"id":18763,"date":"2022-05-17T16:30:32","date_gmt":"2022-05-17T13:30:32","guid":{"rendered":"http:\/\/akdenizolaygazetesi.com\/?p=18763"},"modified":"2022-05-17T16:30:32","modified_gmt":"2022-05-17T13:30:32","slug":"mersin-buyuksehir-belediyesi-hicbir-projesini-oya-tahvil-ederek-yapmiyor","status":"publish","type":"post","link":"https:\/\/akdenizolaygazetesi.com\/?p=18763","title":{"rendered":"&#8220;MERS\u0130N B\u00dcY\u00dcK\u015eEH\u0130R BELED\u0130YES\u0130 H\u0130\u00c7B\u0130R PROJES\u0130N\u0130 OYA TAHV\u0130L EDEREK YAPMIYOR&#8221;"},"content":{"rendered":"<p>Mersin B\u00fcy\u00fck\u015fehir Belediye Ba\u015fkan\u0131 Vahap Se\u00e7er, Mersin&#8217;e kaliteli hizmet sunmak ad\u0131na kat\u0131l\u0131mc\u0131 anlay\u0131\u015fla Sivil Toplum Bulu\u015fmalar\u0131n\u0131 s\u00fcrd\u00fcr\u00fcyor. Periyodik bir \u015fekilde ger\u00e7ekle\u015ftirilen toplant\u0131lar\u0131n 5&#8217;inci oturumunda Ba\u015fkan Se\u00e7er, kentte aktif g\u00f6rev y\u00fcr\u00fcten meslek odalar\u0131yla bulu\u015ftu. B\u00fcy\u00fck\u015fehir Belediyesi Kongre ve Sergi Saray\u0131&#8217;nda ger\u00e7ekle\u015ftirilen bulu\u015fmada meslek odalar\u0131ndan temsilciler \u00f6neri ve taleplerini dile getirdi. Sosyal politikalar\u0131 \u00f6nceleyen bir anlay\u0131\u015fla hizmet sunduklar\u0131n\u0131 dile getiren Ba\u015fkan Se\u00e7er, &#8220;T\u00fcrkiye&#8217;de ses getiren, sosyal politikalar\u0131 uygulayan bir belediyeyiz&#8221; dedi.<br \/>\n&#8220;Sizlerin de vas\u0131tas\u0131yla bir\u00e7ok \u015feyi g\u00f6rebiliyorum&#8221;<br \/>\nBa\u015fkan Se\u00e7er, y\u00f6netim olarak kente dair alacaklar\u0131 kararlarda sivil toplum kurulu\u015flar\u0131 ile fikir al\u0131\u015fveri\u015finde bulunman\u0131n kendilerine \u00f6nemli kazan\u0131mlar sa\u011flad\u0131\u011f\u0131n\u0131 ifade ederek, 2020 y\u0131l\u0131nda ba\u015flatt\u0131klar\u0131 sivil toplum kurulu\u015fu bulu\u015fmalar\u0131n\u0131 \u00f6nemsediklerini s\u00f6yledi. Ba\u015fkan Se\u00e7er, &#8220;Biz bu toplant\u0131lar\u0131 yasak savmak i\u00e7in de\u011fil, ger\u00e7ekten sizlerden faydalanmak i\u00e7in yap\u0131yoruz ve bu toplant\u0131lar\u0131 geleneksel hale getirmek istiyoruz. Sizlerin de vas\u0131tas\u0131yla bir\u00e7ok \u015feyi g\u00f6rebiliyorum ya da karar al\u0131rken sizlerin de g\u00f6r\u00fc\u015flerine ba\u015fvuruyorum. Hi\u00e7 akl\u0131m\u0131za gelmeyen bir \u00f6neriyi sizler s\u00f6yleyebiliyorsunuz&#8221; diye konu\u015ftu.<br \/>\nB\u00fcy\u00fck \u00f6nem verdikleri Teksin&#8217;e ili\u015fkin de konu\u015fan Ba\u015fkan Se\u00e7er, haftada en az 15 bin \u00e7a\u011fr\u0131 ald\u0131klar\u0131n\u0131 belirterek, &#8220;Genel anlamda Teksin uygulamas\u0131n\u0131 daha da yayg\u0131nla\u015ft\u0131rmak istiyoruz&#8221; dedi. Ba\u015fkan Se\u00e7er, kat\u0131l\u0131mc\u0131lara da Teksin uygulamas\u0131n\u0131 telefonlar\u0131na indirmeleri \u00e7a\u011fr\u0131s\u0131nda bulundu.<br \/>\n&#8220;Mersin B\u00fcy\u00fck\u015fehir Belediyesi hi\u00e7bir projesini oya tahvil ederek yapm\u0131yor&#8221;<br \/>\nTar\u0131msal hizmetlere dair de bilgiler veren Ba\u015fkan Se\u00e7er, tar\u0131ma 3 y\u0131lda 68 milyon lira destek verdiklerini an\u0131msatarak, &#8220;Haydi Gel K\u00f6y\u00fcm\u00fcze Destek Verelim&#8221; projesini &#8220;Y\u0131lda 60 aileyi hayvan i\u015fletmecisi haline getiriyoruz. Mersin B\u00fcy\u00fck\u015fehir Belediyesi hi\u00e7bir projesini oya tahvil ederek yapm\u0131yor&#8221; c\u00fcmleleriyle anlatt\u0131. Kazan\u00e7 Projesi&#8217;ne de de\u011finen Ba\u015fkan Se\u00e7er, hayata ge\u00e7irdikleri her projenin sonu\u00e7 odakl\u0131 oldu\u011funu vurgulad\u0131. \u0130stihdamda oldu\u011fu gibi hayata ge\u00e7irdikleri projelerde de kad\u0131nlara pozitif ayr\u0131mc\u0131 bir anlay\u0131\u015fla yakla\u015ft\u0131klar\u0131n\u0131 s\u00f6zlerine ekleyen Se\u00e7er, &#8220;T\u00fcrkiye&#8217;de ses getiren, sosyal politikalar\u0131 uygulayan bir belediyeyiz. T\u00fcrkiye&#8217;de Mersin B\u00fcy\u00fck\u015fehir denildi\u011fi zaman sosyal politikalar akla geliyor ya da tam tersi sosyal politikalar denildi\u011fi zaman Mersin akla geliyor&#8221; dedi.<br \/>\nPandemi d\u00f6neminde fedak\u00e2rca m\u00fccadele ederek ya\u015fam\u0131n\u0131 yitiren kahraman sa\u011fl\u0131k emek\u00e7ilerinin an\u0131laca\u011f\u0131 bir pandemi an\u0131t\u0131n\u0131n yap\u0131m\u0131 y\u00f6n\u00fcnde kendilerine sunulan talebi olumlu yan\u0131tlayan Ba\u015fkan Se\u00e7er, yak\u0131n zamanda bu an\u0131t\u0131n yap\u0131m\u0131 i\u00e7in gerekli \u00e7al\u0131\u015fmalar\u0131n yap\u0131laca\u011f\u0131n\u0131 aktard\u0131.<br \/>\nMersin&#8217;de halka a\u00e7\u0131k alanlara dair y\u00fcr\u00fctt\u00fckleri \u00e7al\u0131\u015fmalar hakk\u0131nda da de\u011ferlendirmede bulunan Ba\u015fkan Se\u00e7er, Tarsus Do\u011fa Park\u0131 ve Tarsus Gen\u00e7lik Kamp\u0131 ile ilgili &#8220;Halka a\u00e7\u0131k yerler buralar. Kar olarak bakm\u0131yoruz hi\u00e7bir \u015feye ya da dar kal\u0131plara s\u0131k\u0131\u015ft\u0131rm\u0131yoruz&#8221; diye konu\u015ftu.<br \/>\n&#8220;Biyok\u00fctle tesisi kuruyoruz&#8221;<br \/>\n\u00c7evreci \u00e7al\u0131\u015fmalardan da s\u00f6z eden Ba\u015fkan Se\u00e7er, Tarsus OSB&#8217;de 100 d\u00f6n\u00fcml\u00fck bir alan\u0131 2019 y\u0131l\u0131nda sat\u0131n ald\u0131klar\u0131n\u0131 belirterek, &#8220;O alan\u0131n 20 d\u00f6n\u00fcm\u00fcne biyok\u00fctle tesisi kuruyoruz. \u0130lgili firmayla da mutabakat\u0131 sa\u011flad\u0131k. \u00d6zellikle bizim budamalarda elde etti\u011fimiz at\u0131klar peyzaj \u00e7al\u0131\u015fmalar\u0131nda \u00e7ok sorun oluyordu. \u0130l\u00e7e belediyelerinin de \u00f6yle. Bir de Hal&#8217;deki sebze at\u0131klar\u0131 var. Onlar\u0131 da ekonomiye bir de\u011fer olarak kataca\u011f\u0131z \u00e7\u00fcnk\u00fc elektrik enerjisi \u00fcretece\u011fiz. B\u00f6yle g\u00fczel bir \u00e7al\u0131\u015fmam\u0131z var. \u00c7evre yat\u0131r\u0131mlar\u0131m\u0131z da var&#8221; dedi. \u015ei\u015fecam ile yapt\u0131klar\u0131 protokol\u00fc de hat\u0131rlatan Se\u00e7er, protokol gere\u011fi Karaduvar&#8217;da derin de\u015farj\u0131 yap\u0131lan ar\u0131t\u0131lm\u0131\u015f suyun art\u0131k sanayide kullan\u0131laca\u011f\u0131n\u0131 s\u00f6yledi.<br \/>\n&#8220;G\u00f6r\u00fc\u015flerimize \u00f6nem verilmesi bizim i\u00e7in \u00e7ok \u00f6nemli&#8221;<br \/>\nMersin Eczac\u0131 Odas\u0131 Ba\u015fkan\u0131 \u00d6zg\u00fcn Sa\u011f\u0131r, yap\u0131lan toplant\u0131lar\u0131n sivil toplum kurulu\u015flar\u0131n\u0131n fikirlerinin al\u0131nmas\u0131 a\u00e7\u0131s\u0131ndan \u00f6nemli oldu\u011funu s\u00f6yleyerek, &#8220;\u00c7ok do\u011fru bir \u015fey. Sonu\u00e7ta belediyelerin \u00f6nemli hizmet alanlar\u0131ndan biri halk\u0131 ise halkla da bire bir ili\u015fkili olan toplum kurulu\u015flar\u0131n\u0131n g\u00f6r\u00fc\u015flerine \u00f6nem vermesi bizim i\u00e7in \u00e7ok \u00f6nemli. Belirli periyotlarda en az\u0131ndan \u015fehrimizin i\u00e7inde bulundu\u011fu durumla ilgili her sekt\u00f6r\u00fcn, kendi alan\u0131ndaki uzmanlar\u0131yla burada fikirlerin aktar\u0131lmas\u0131 ve buna y\u00f6nelik de \u015fehrin gelecekle ilgili planlanmas\u0131n\u0131 \u00e7ok do\u011fru ve olumlu buluyoruz&#8221; dedi. Ba\u015fkan Se\u00e7er&#8217;le ileti\u015fimlerinin de olduk\u00e7a iyi oldu\u011funu s\u00f6yleyen Sa\u011f\u0131r, &#8220;Vahap Bey&#8217;in g\u00f6reve geldi\u011fi g\u00fcnden bug\u00fcne kadar her t\u00fcrl\u00fc \u015feyde rahatl\u0131kla ileti\u015fim kurabildi\u011fimiz, randevu ald\u0131\u011f\u0131m\u0131zda rahatl\u0131kla randevumuza geri d\u00f6n\u00fc\u015flerin yap\u0131labildi\u011fi, bir talebimiz oldu\u011funda da h\u0131zl\u0131 bir \u015fekilde geri d\u00f6n\u00fc\u015fler alabildi\u011fimiz bir d\u00f6nem ya\u015f\u0131yoruz&#8221; diye konu\u015ftu.<br \/>\n&#8220;Kentin sorunlar\u0131yla ilgili bire bir Ba\u015fkanla g\u00f6r\u00fc\u015fme imkan\u0131m\u0131z oluyor&#8221;<br \/>\nMersin G\u00f6zl\u00fck\u00e7\u00fcler Odas\u0131 Genel Sekreteri Ali Sa\u011flam, Ba\u015fkan Se\u00e7er&#8217;le bire bir ileti\u015fim kurma noktas\u0131nda toplant\u0131lar\u0131n \u00f6nemli oldu\u011funa vurgu yaparak, &#8220;\u00c7ok olumlu g\u00f6r\u00fcyoruz. \u00c7\u00fcnk\u00fc kent y\u00f6netimiyle ilgili, kentin sorunlar\u0131yla ilgili bire bir Ba\u015fkanla g\u00f6r\u00fc\u015fme imkan\u0131m\u0131z oluyor. Yani sorunlar\u0131m\u0131za geri d\u00f6nme s\u00fcresinin k\u0131sal\u0131\u011f\u0131 bence olumlu bir geli\u015fme. G\u00fczel bir \u015fey, daha \u00f6nce ya\u015famad\u0131\u011f\u0131n\u0131z bir duygu. Sa\u011f olsun Ba\u015fkan\u0131m\u0131z sayesinde b\u00f6yle bir duyguyu da ya\u015f\u0131yoruz&#8221; ifadelerine yer verdi.<br \/>\n&#8220;Sivil toplum \u00f6rg\u00fctlerinin g\u00f6r\u00fc\u015f\u00fcn\u00fcn al\u0131nmas\u0131 \u00f6nemli bir husus&#8221;<br \/>\nMersin Barosu Ba\u015fkan\u0131 Avukat Gazi \u00d6zdemir, daveti olduk\u00e7a \u00f6nemsedi\u011fini belirterek, &#8220;Mersin&#8217;in dinamikleri ve sivil toplum \u00f6rg\u00fctlerinin \u00e7ok \u00f6nemli bir yeri var. Zaten B\u00fcy\u00fck\u015fehir Belediye Ba\u015fkan\u0131m\u0131z da toplumla i\u00e7 i\u00e7e olan bir belediye ba\u015fkan\u0131 ve belediyeyi de y\u00f6netirken g\u00f6rd\u00fc\u011f\u00fcm\u00fcz kadar\u0131yla hizmetlerde daha \u00e7ok insan odakl\u0131 hizmetler sunuyor. Bu noktada da sivil toplum \u00f6rg\u00fctlerinin g\u00f6r\u00fc\u015f\u00fcn\u00fcn al\u0131nmas\u0131, onlarla bu noktada birlikte hareket etmesi bence \u00f6nemli bir husus. Bu noktada ba\u015far\u0131l\u0131 bir \u00e7al\u0131\u015fma olarak de\u011ferlendiriyorum. Biz Baro olarak zaten Say\u0131n Belediye Ba\u015fkan\u0131m\u0131zla s\u00fcrekli ileti\u015fim halindeyiz. \u0130stedi\u011fimiz zaman kendisiyle rahat bir \u015fekilde ileti\u015fim kurabiliyoruz. Bu noktada kendisine te\u015fekk\u00fcr ediyoruz. Baro&#8217;yu \u00f6nemseyen bir belediye ba\u015fkan\u0131m\u0131z var&#8221; dedi.<br \/>\nMersin Tabip Odas\u0131 Ba\u015fkan\u0131 Nas\u0131r Nesan\u0131r ise yap\u0131lan toplant\u0131lar\u0131n demokrasinin \u00f6nemli bir arac\u0131 oldu\u011funa vurgu yaparak, &#8220;B\u00fcy\u00fck\u015fehir&#8217;in emek ve demokrasi \u00f6rg\u00fctleriyle beraber hareket etmesi, toplant\u0131ya \u00e7a\u011f\u0131rmas\u0131, ilin sorunlar\u0131n\u0131 tart\u0131\u015fmas\u0131 ve bunun neticesinde de bunlar\u0131n bir \u00e7\u00f6z\u00fcm yoluna gidilmesi \u00e7ok de\u011ferli ve anlaml\u0131d\u0131r. \u00c7\u00fcnk\u00fc demokrasinin ve sorunlar\u0131 \u00e7\u00f6zmenin en \u00f6nemli arac\u0131 toplant\u0131lard\u0131r. Burada bir ayr\u0131\u015fmaya gidilmeden, herkesin toplant\u0131ya \u00e7a\u011fr\u0131lmas\u0131 anlaml\u0131 ve \u00f6nemlidir&#8221; dedi. Toplant\u0131lar d\u0131\u015f\u0131nda da B\u00fcy\u00fck\u015fehir Belediyesi ile ileti\u015fimlerinin sorunsuz oldu\u011funa vurgu yapan Nesan\u0131r, &#8220;\u00c7ok iyi. Bir s\u0131k\u0131nt\u0131 ya da sorun oldu\u011funda ileti\u015fime ge\u00e7iyoruz ama mesela bu ayn\u0131 \u015feyi devlet kurumlar\u0131nda g\u00f6remiyorum. Mesela sa\u011fl\u0131k alan\u0131nda \u00e7ok ciddi sorunlar var. Yani biz istiyoruz ki diyalog kural\u0131m. Sa\u011fl\u0131k alan\u0131ndaki y\u00f6neticilerle, ilin sa\u011fl\u0131k sorunlar\u0131 \u00e7\u00f6zmede ortak hareket edelim. Hekimlerin \u00e7\u00f6z\u00fclemeyen kronikle\u015fmi\u015f sorunlar\u0131 var. Di\u011fer sa\u011fl\u0131k \u00e7al\u0131\u015fanlar\u0131n\u0131n sorunlar\u0131 var. \u0130stiyoruz ki bunu bir diyalog i\u00e7erisinde \u00e7\u00f6zelim ama onlarda o yakla\u015f\u0131m\u0131 \u015fu ana kadar g\u00f6remedik genel olarak&#8221; diye konu\u015ftu.<\/p>\n","protected":false},"excerpt":{"rendered":"<p>Mersin B\u00fcy\u00fck\u015fehir Belediye Ba\u015fkan\u0131 Vahap Se\u00e7er, Mersin&#8217;e kaliteli hizmet sunmak ad\u0131na kat\u0131l\u0131mc\u0131 anlay\u0131\u015fla Sivil Toplum Bulu\u015fmalar\u0131n\u0131 s\u00fcrd\u00fcr\u00fcyor. Periyodik bir \u015fekilde ger\u00e7ekle\u015ftirilen toplant\u0131lar\u0131n 5&#8217;inci oturumunda Ba\u015fkan Se\u00e7er, kentte aktif g\u00f6rev y\u00fcr\u00fcten &hellip; <a href=\"https:\/\/akdenizolaygazetesi.com\/?p=18763\" class=\"more-link\">Devam\u0131n\u0131 Oku&#8230;<\/a><\/p>\n","protected":false},"author":2,"featured_media":18764,"comment_status":"open","ping_status":"open","sticky":false,"template":"","format":"standard","meta":[],"categories":[3],"tags":[],"_links":{"self":[{"href":"https:\/\/akdenizolaygazetesi.com\/index.php?rest_route=\/wp\/v2\/posts\/18763"}],"collection":[{"href":"https:\/\/akdenizolaygazetesi.com\/index.php?rest_route=\/wp\/v2\/posts"}],"about":[{"href":"https:\/\/akdenizolaygazetesi.com\/index.php?rest_route=\/wp\/v2\/types\/post"}],"author":[{"embeddable":true,"href":"https:\/\/akdenizolaygazetesi.com\/index.php?rest_route=\/wp\/v2\/users\/2"}],"replies":[{"embeddable":true,"href":"https:\/\/akdenizolaygazetesi.com\/index.php?rest_route=%2Fwp%2Fv2%2Fcomments&post=18763"}],"version-history":[{"count":1,"href":"https:\/\/akdenizolaygazetesi.com\/index.php?rest_route=\/wp\/v2\/posts\/18763\/revisions"}],"predecessor-version":[{"id":18765,"href":"https:\/\/akdenizolaygazetesi.com\/index.php?rest_route=\/wp\/v2\/posts\/18763\/revisions\/18765"}],"wp:featuredmedia":[{"embeddable":true,"href":"https:\/\/akdenizolaygazetesi.com\/index.php?rest_route=\/wp\/v2\/media\/18764"}],"wp:attachment":[{"href":"https:\/\/akdenizolaygazetesi.com\/index.php?rest_route=%2Fwp%2Fv2%2Fmedia&parent=18763"}],"wp:term":[{"taxonomy":"category","embeddable":true,"href":"https:\/\/akdenizolaygazetesi.com\/index.php?rest_route=%2Fwp%2Fv2%2Fcategories&post=18763"},{"taxonomy":"post_tag","embeddable":true,"href":"https:\/\/akdenizolaygazetesi.com\/index.php?rest_route=%2Fwp%2Fv2%2Ftags&post=18763"}],"curies":[{"name":"wp","href":"https:\/\/api.w.org\/{rel}","templated":true}]}}