{"id":1877,"date":"2020-11-04T18:22:25","date_gmt":"2020-11-04T15:22:25","guid":{"rendered":"http:\/\/mersinekonomipolitikagazetesi.com\/?p=1877"},"modified":"2020-11-04T18:22:25","modified_gmt":"2020-11-04T15:22:25","slug":"1-mayista-tum-alanlarda-olacagiz","status":"publish","type":"post","link":"https:\/\/akdenizolaygazetesi.com\/?p=1877","title":{"rendered":"\u201c1 MAYIS\u2019TA T\u00dcM ALANLARDA OLACA\u011eIZ\u201d"},"content":{"rendered":"<p>E\u011fitim ve Bilim \u0130\u015fg\u00f6renleri Sendikas\u0131 Mersin \u015eubesi, \u2018Eme\u011fimize Ve \u0130\u015f G\u00fcvencemize Sahip \u00c7\u0131kmak \u0130\u00e7in 1 May\u0131s\u2019ta Alanlarday\u0131z\u2019 ba\u015fl\u0131\u011f\u0131 alt\u0131nda a\u00e7\u0131klama yapt\u0131.<\/p>\n<div id=\":4\">\n<div id=\":2\">\n<div role=\"main\">\n<table cellpadding=\"0\" role=\"presentation\" style=\"width:1675px;\">\n<tbody>\n<tr>\n<td>\n<div role=\"list\">\n<div role=\"listitem\" style=\"clear:both;\" tabindex=\"-1\">\n<div id=\":2s7\">\n<div data-legacy-message-id=\"163168de51943665\" data-message-id=\"163168de51943665\">\n<div style=\"margin-left:44px;\">\n<div id=\":2rz\">\n<div id=\":2sb\">\n<div dir=\"auto\">\n<blockquote type=\"cite\">\n<div dir=\"ltr\">\n<p><span style=\"font-size:16px;\">E\u011fitim ve Bilim \u0130\u015fg\u00f6renleri Sendikas\u0131 Mersin \u015eubesi\u00a0 Y\u00f6netim kurulu ad\u0131na a\u00e7\u0131klamay\u0131 ger\u00e7ekle\u015ftiren \u015fube ba\u015fkan\u0131 Hakan Boyar, 1 May\u0131s g\u00fcn\u00fcn\u00fcn \u00f6neminden bahsetti.<\/span><\/p>\n<p><span style=\"font-size:16px;\">Konu\u015fmas\u0131nda, 1 May\u0131s \u2018Uluslararas\u0131 \u0130\u015f\u00e7i S\u0131n\u0131f\u0131n\u0131n Birlik M\u00fccadele ve Dayan\u0131\u015fma G\u00fcn\u00fc\u2019 olarak belirterek burjuvaziye kar\u015f\u0131 olduklar\u0131n\u0131 vurgulad\u0131.<\/span><\/p>\n<p><span style=\"font-size:16px;\">Konu\u015fmas\u0131na devam eden Hakan Boyar AKP h\u00fck\u00fcmetinin getirdi\u011fi olumsuzluklara de\u011finerek, AKP h\u00fck\u00fcmetinin\u00a0 16 y\u0131l emek\u00e7iler a\u00e7\u0131s\u0131ndan en b\u00fcy\u00fck hak kay\u0131plar\u0131n\u0131n ya\u015fand\u0131\u011f\u0131 d\u00f6nem olarak tarihe ge\u00e7ti\u011finin alt\u0131n\u0131 \u00e7izdi.<\/span><\/p>\n<p>\u00a0<\/p>\n<p><span style=\"font-size:16px;\">\u201cESNEK VE G\u00dcVENCES\u0130Z B\u0130R \u015eEK\u0130LDE \u00c7ALI\u015eTIRIYORLAR\u201d<\/span><\/p>\n<p>\u00a0<\/p>\n<p><span style=\"font-size:16px;\">\u00dclkenin en de\u011ferli ve stratejik kaynaklar\u0131 \u00f6zelle\u015ftirmeler yoluyla uluslararas\u0131 ve yerli sermayeye pe\u015fke\u015f \u00e7ekildi\u011fini kaydeden Boyar: \u201cEsnek ve g\u00fcvencesiz \u00e7al\u0131\u015fma, ta\u015feronla\u015ft\u0131rma uygulamalar\u0131 h\u0131zla yayg\u0131nla\u015f\u0131p, kitlesel i\u015ften \u00e7\u0131karmalar s\u00fcrerken, d\u00fc\u015f\u00fck \u00fccret ve maa\u015f art\u0131\u015flar\u0131n\u0131n dayat\u0131ld\u0131\u011f\u0131, eme\u011fe y\u00f6nelik sald\u0131r\u0131lar\u0131n \u00e7ok y\u00f6nl\u00fc olarak hayata ge\u00e7irildi\u011fi bir s\u00fcre\u00e7 ya\u015fanm\u0131\u015ft\u0131r.\u201d dedi.<\/span><\/p>\n<p>\u00a0<\/p>\n<p><span style=\"font-size:16px;\">ITUC\u2019un raporunda, T\u00fcrkiye, Kambo\u00e7ya, Hindistan ve \u0130ran gibi \u00fclkelerle birlikte \u00e7al\u0131\u015fanlar i\u00e7in en k\u00f6t\u00fc on \u00fclke s\u0131ralamas\u0131nda yer ald\u0131\u011f\u0131n\u0131 belirten Boyar \u015fu de\u011ferlendirmeleri \u00f6ne s\u00fcrd\u00fc: \u201c100 bin devlet \u00e7al\u0131\u015fan\u0131 i\u015fini kaybetti. G\u00f6steri yapma hakk\u0131 ortadan kald\u0131r\u0131ld\u0131. Sendikalar ve sendika \u00fcyeleri toplum d\u00fc\u015fman\u0131 olmakla su\u00e7lan\u0131yor. 672 say\u0131l\u0131 KHK ile 50 bin ki\u015fi i\u015ften at\u0131ld\u0131. H\u00fck\u00fcmetin bu keyfi uygulamas\u0131na kar\u015f\u0131 bas\u0131n a\u00e7\u0131klamalar\u0131, y\u00fcr\u00fcy\u00fc\u015f ve protesto g\u00f6sterileri yap\u0131ld\u0131.\u201d<\/span><\/p>\n<p>\u00a0<\/p>\n<p><span style=\"font-size: 16px; font-family: sans-serif, Arial, Verdana, 'Trebuchet MS'; line-height: 1.6em;\">\u201cM\u0130LYONLARCA \u00dcN\u0130VERS\u0130TE MEZUNUMUZ \u0130\u015eS\u0130Z\u201d<\/span><\/p>\n<p>\u00a0<\/p>\n<p><span style=\"font-size:16px;\">Siyasi iktidar\u0131n, olu\u015fturmak istedi\u011fi yeni siyasal rejim, emek\u00e7i s\u0131n\u0131flar\u0131n s\u00f6m\u00fcr\u00fcs\u00fcn\u00fc derinle\u015ftirdi\u011fini\u00a0 ifade eden Boyar, AKP iktidara geldi\u011finden bug\u00fcne \u00fccretlilerden al\u0131nan vergi artt\u0131\u011f\u0131n\u0131 ancak faizden al\u0131nan vergi azald\u0131\u011f\u0131n\u0131 belirtti.<\/span><\/p>\n<\/p><\/div>\n<\/blockquote>\n<blockquote type=\"cite\">\n<div dir=\"ltr\">\n<p><span style=\"font-size:16px;\">Boyar, faiz gelirlerinin artmas\u0131 \u00fclkede bir s\u0131cak para ekonomisi olu\u015fturdu\u011funu sanayi \u00fcretimi ise artan i\u015f talebini kar\u015f\u0131layacak oranda geli\u015fmedi\u011fini belirterek: \u201cH\u00fck\u00fcmet, \u00fclkede var olan i\u015fsizli\u011fi, her ilde \u00fcniversite a\u00e7\u0131p akademik nitelik g\u00f6zetmeksizin \u00f6\u011frenci kontenjanlar\u0131n\u0131 y\u00fcksek tutma yoluyla \u00f6rtmeye \u00e7al\u0131\u015fmaktad\u0131r. B\u00f6ylece i\u015fg\u00fcc\u00fc \u00e7a\u011f\u0131ndaki milyonlarca gen\u00e7, \u00fcniversite \u00f6\u011frencisi olarak g\u00f6r\u00fcnmekte ve i\u015fsizlik rakamlar\u0131nda yer almamaktad\u0131r.\u201d ifadelerini kulland\u0131.<\/span><\/p>\n<p>\u00a0<\/p>\n<p><span style=\"font-size:16px;\">\u201cARTIK BI\u00c7AK KEM\u0130\u011eE DAYANMI\u015eTIR\u201d<\/span><\/p>\n<p>\u00a0<\/p>\n<p><span style=\"font-size:16px;\">Emek\u00e7iler verimlilik ve milli gelir art\u0131\u015f\u0131ndan pay\u0131n\u0131 alamad\u0131\u011f\u0131n\u0131 belirten Boyar: \u201cBu nedenle de gelir da\u011f\u0131l\u0131m\u0131 \u00fclkemizde olduk\u00e7a bozuktur. N\u00fcfusun en d\u00fc\u015f\u00fck gelir grubunu olu\u015fturan y\u00fczde 20\u2019lik diliminin milli gelirden ald\u0131\u011f\u0131 pay y\u00fczde 6\u2019d\u0131r. Buna kar\u015f\u0131n n\u00fcfusun en y\u00fcksek y\u00fczde 20\u2019lik grubunun milli gelirden ald\u0131\u011f\u0131 pay ise y\u00fczde 46\u2019d\u0131r. Bug\u00fcn halk\u0131n b\u00fcy\u00fck b\u00f6l\u00fcm\u00fc a\u00e7l\u0131k s\u0131n\u0131r\u0131n\u0131n alt\u0131nda, yoksulluk s\u0131n\u0131r\u0131n\u0131nsa \u00e7ok ama \u00e7ok uza\u011f\u0131nda bir ya\u015fam s\u00fcrd\u00fcr\u00fcrken, bir milletvekilinin bir ayl\u0131k maa\u015f\u0131, asgari \u00fccretlinin 1 y\u0131ll\u0131k maa\u015f\u0131na e\u015fittir. Kamu emek\u00e7ilerinin i\u015f g\u00fcvencesinin elinden al\u0131nmak istenmesi, ta\u015feronla\u015ft\u0131rman\u0131n, esnek ve g\u00fcvencesiz \u00e7al\u0131\u015fman\u0131n yayg\u0131nla\u015fmas\u0131, i\u015f\u00e7i ve emek\u00e7ilerin \u00e7al\u0131\u015fma ve ya\u015fam ko\u015fullar\u0131n\u0131n giderek a\u011f\u0131rla\u015fmas\u0131na y\u00f6nelik yasal d\u00fczenlemeler ve at\u0131lan fiili ad\u0131mlar s\u00fcrmektedir.\u201d \u015feklinde konu\u015ftu.<\/span><\/p>\n<p>\u00a0<\/p>\n<p><span style=\"font-size: 16px; font-family: sans-serif, Arial, Verdana, 'Trebuchet MS'; line-height: 1.6em;\">\u201cYA\u015eASIN B\u0130RL\u0130K M\u00dcCADELE VE DAYANI\u015eMA G\u00dcN\u00dc YA\u015eASIN 1 MAYIS\u201d<\/span><\/p>\n<p>\u00a0<\/p>\n<p><span style=\"font-size:16px;\">Sermaye g\u00fcd\u00fcml\u00fc iktidarlar eliyle, \u00fclkedeki eme\u011fin s\u00f6m\u00fcr\u00fclmesi d\u00fczenine, emek\u00e7ilerin, \u00a0\u2018Birlik, m\u00fccadele ve dayan\u0131\u015fma\u2019 ruhuyla kar\u015f\u0131 koyulaca\u011f\u0131na inand\u0131klar\u0131 \u00e7a\u011fr\u0131s\u0131nda bulunan Boyar: \u201cBu m\u00fccadele kazan\u0131ld\u0131\u011f\u0131nda; Emek\u00e7i al\u0131n terinin kar\u015f\u0131l\u0131\u011f\u0131n\u0131 alacakt\u0131r. Yoksulluk ve i\u015fsizlik yok edilecektir. Hak\u00e7a bir payla\u015f\u0131m d\u00fczeni kurulacakt\u0131r. Herkes i\u00e7in g\u00fcvenceli bir i\u015f, herkes i\u00e7in insanca ya\u015fam hakk\u0131 sa\u011flanacakt\u0131r. Cumhuriyetin laik, demokratik e\u011fitim politikalar\u0131 ya\u015fama ge\u00e7irilecektir. B\u00fcy\u00fck \u00d6nder Mustafa Kemal Atat\u00fcrk\u2019\u00fcn, bizlere emanet etti\u011fi \u00e7a\u011fda\u015f, laik, demokratik Cumhuriyet daima y\u00fckselecek, ebediyen ya\u015fayacakt\u0131r. E\u011fitim-\u0130\u015f olarak eme\u011fimiz ve i\u015f g\u00fcvencemize sahip \u00e7\u0131kmak i\u00e7in 1 May\u0131s\u2019ta \u00fclkedeki t\u00fcm alanlarda olaca\u011f\u0131z. Ya\u015fas\u0131n Birlik M\u00fccadele ve Dayan\u0131\u015fma G\u00fcn\u00fc Ya\u015fas\u0131n 1 May\u0131s&#8230;\u201d diyerek c\u00fcmlelerini tamamlad\u0131.<\/span><\/p>\n<\/p><\/div>\n<\/blockquote><\/div>\n<\/p><\/div>\n<\/p><\/div>\n<\/p><\/div>\n<\/p><\/div>\n<\/p><\/div>\n<\/p><\/div>\n<\/p><\/div>\n<\/td>\n<\/tr>\n<\/tbody>\n<\/table>\n<div style=\"clear:both;\">\u00a0<\/div>\n<\/div>\n<\/div>\n<\/div>\n","protected":false},"excerpt":{"rendered":"<p>E\u011fitim ve Bilim \u0130\u015fg\u00f6renleri Sendikas\u0131 Mersin \u015eubesi, \u2018Eme\u011fimize Ve \u0130\u015f G\u00fcvencemize Sahip \u00c7\u0131kmak \u0130\u00e7in 1 May\u0131s\u2019ta Alanlarday\u0131z\u2019 ba\u015fl\u0131\u011f\u0131 alt\u0131nda a\u00e7\u0131klama yapt\u0131. E\u011fitim ve Bilim \u0130\u015fg\u00f6renleri Sendikas\u0131 Mersin \u015eubesi\u00a0 Y\u00f6netim kurulu &hellip; <a href=\"https:\/\/akdenizolaygazetesi.com\/?p=1877\" class=\"more-link\">Devam\u0131n\u0131 Oku&#8230;<\/a><\/p>\n","protected":false},"author":1,"featured_media":0,"comment_status":"open","ping_status":"open","sticky":false,"template":"","format":"standard","meta":[],"categories":[],"tags":[],"_links":{"self":[{"href":"https:\/\/akdenizolaygazetesi.com\/index.php?rest_route=\/wp\/v2\/posts\/1877"}],"collection":[{"href":"https:\/\/akdenizolaygazetesi.com\/index.php?rest_route=\/wp\/v2\/posts"}],"about":[{"href":"https:\/\/akdenizolaygazetesi.com\/index.php?rest_route=\/wp\/v2\/types\/post"}],"author":[{"embeddable":true,"href":"https:\/\/akdenizolaygazetesi.com\/index.php?rest_route=\/wp\/v2\/users\/1"}],"replies":[{"embeddable":true,"href":"https:\/\/akdenizolaygazetesi.com\/index.php?rest_route=%2Fwp%2Fv2%2Fcomments&post=1877"}],"version-history":[{"count":0,"href":"https:\/\/akdenizolaygazetesi.com\/index.php?rest_route=\/wp\/v2\/posts\/1877\/revisions"}],"wp:attachment":[{"href":"https:\/\/akdenizolaygazetesi.com\/index.php?rest_route=%2Fwp%2Fv2%2Fmedia&parent=1877"}],"wp:term":[{"taxonomy":"category","embeddable":true,"href":"https:\/\/akdenizolaygazetesi.com\/index.php?rest_route=%2Fwp%2Fv2%2Fcategories&post=1877"},{"taxonomy":"post_tag","embeddable":true,"href":"https:\/\/akdenizolaygazetesi.com\/index.php?rest_route=%2Fwp%2Fv2%2Ftags&post=1877"}],"curies":[{"name":"wp","href":"https:\/\/api.w.org\/{rel}","templated":true}]}}